{"id":9918,"date":"2019-07-27T17:18:33","date_gmt":"2019-07-27T17:18:33","guid":{"rendered":"http:\/\/www.friaguinee.net\/?p=9918"},"modified":"2019-07-27T17:18:35","modified_gmt":"2019-07-27T17:18:35","slug":"fria-un-homme-retrouve-mort-au-marche-central","status":"publish","type":"post","link":"https:\/\/www.friaguinee.net\/index.php\/2019\/07\/27\/fria-un-homme-retrouve-mort-au-marche-central\/","title":{"rendered":"Fria: un homme retrouv\u00e9 mort au march\u00e9 central"},"content":{"rendered":"\n<p>FRIA- Le corps sans vie d\u2019un jeune homme d\u2019une trentaine d\u2019ann\u00e9e a \u00e9t\u00e9 d\u00e9couvert dans l\u2019apr\u00e8s-midi de ce samedi 27 juillet 2019 dans la commune urbaine de Fria.<\/p>\n\n\n\n<p>Le corps de Amadou Bachir Bah, a \u00e9t\u00e9 d\u00e9couvert au march\u00e9 central, vers l\u2019ancienne gare routi\u00e8re.<\/p>\n\n\n\n<p>Selon des t\u00e9moins rencontr\u00e9s sur place, le d\u00e9funt serait un\ntransporteur de bagages dans ce march\u00e9 et manifestait des douleurs depuis\nquelques jours.<\/p>\n\n\n\n<p>&nbsp;\u00ab&nbsp;<strong><em>Depuis\nce matin j\u2019ai remarqu\u00e9 ce jeune homme&nbsp;! Il avait l\u2019air malade, il est\ntomb\u00e9 deux fois \u00e0 ma pr\u00e9sence. Ensuite un chef de secteur l\u2019a r\u00e9cup\u00e9r\u00e9 pour lui\ndonner \u00e0 manger&nbsp;; mais il vomissait tout ce qu\u2019il mangeait. Comme il \u00e9tait\nsale, certains jeunes l\u2019ont lav\u00e9. Moi je suis all\u00e9 recevoir une d\u00e9l\u00e9gation, \u00e0\nmon retour on m\u2019a annonc\u00e9 son d\u00e9c\u00e8s<\/em><\/strong>&nbsp;\u00bb&nbsp; t\u00e9moigne Aliou Bailo Bah, tr\u00e9sorier \u00e0 la\nchambre pr\u00e9fectorale du commerce.<\/p>\n\n\n\n<p>Aussit\u00f4t inform\u00e9, le Maire de la commune Urbaine s\u2019est rendu\nsur les lieux &nbsp;accompagn\u00e9 des services de\ns\u00e9curit\u00e9 et des agents de sant\u00e9<\/p>\n\n\n\n<p>\u00ab&nbsp;<strong><em>D\u00e8s que le premier vice Maire m\u2019a inform\u00e9, j\u2019ai\nalert\u00e9 les services de s\u00e9curit\u00e9, les m\u00e9decins et le juge de paix afin que\nconstat soit fait. Selon les informations que nous avons re\u00e7u de ses proches,\nil \u00e9tait \u00e9pileptique et souffrait ces derniers temps<\/em><\/strong>&nbsp;\u00bb a indiqu\u00e9\nElhadj Lansana Boffa Camara.<\/p>\n\n\n\n<p>Amadou Bachir Bah est originaire de la sous-pr\u00e9fecture de\nBambaya dans T\u00e9lim\u00e9l\u00e9, et est le fils de Thierno Amadou Bah et de Adama Hawa\nBah.<\/p>\n\n\n\n<p>Apr\u00e8s le constat du m\u00e9decin selon lequel, le jeune est mort d&rsquo;une mort naturelle, les parents proches de la victime, sont rentr\u00e9s en possession du corps et ont aussit\u00f4t proc\u00e9d\u00e9 \u00e0 l\u2019inhumation apr\u00e8s la pri\u00e8re de 17 heures.<\/p>\n\n\n\n<p><strong><em>Sia Simone Kamano pour friaguinee.net<\/em><\/strong><\/p>\n","protected":false},"excerpt":{"rendered":"<p>FRIA- Le corps sans vie d\u2019un jeune homme d\u2019une trentaine d\u2019ann\u00e9e a \u00e9t\u00e9 d\u00e9couvert dans l\u2019apr\u00e8s-midi de ce samedi 27 juillet 2019 dans la commune urbaine de Fria. Le corps de Amadou Bachir Bah, a \u00e9t\u00e9 d\u00e9couvert au march\u00e9 central, vers l\u2019ancienne gare routi\u00e8re. Selon des t\u00e9moins rencontr\u00e9s sur place, le d\u00e9funt serait un transporteur [&hellip;]<\/p>\n","protected":false},"author":2,"featured_media":9920,"comment_status":"open","ping_status":"open","sticky":false,"template":"","format":"standard","meta":{"footnotes":""},"categories":[208],"tags":[428,49,423,247,103,129],"class_list":["post-9918","post","type-post","status-publish","format-standard","has-post-thumbnail","hentry","category-faits-divers","tag-central","tag-fria","tag-homme","tag-marche","tag-mort","tag-retrouve"],"_links":{"self":[{"href":"https:\/\/www.friaguinee.net\/index.php\/wp-json\/wp\/v2\/posts\/9918","targetHints":{"allow":["GET"]}}],"collection":[{"href":"https:\/\/www.friaguinee.net\/index.php\/wp-json\/wp\/v2\/posts"}],"about":[{"href":"https:\/\/www.friaguinee.net\/index.php\/wp-json\/wp\/v2\/types\/post"}],"author":[{"embeddable":true,"href":"https:\/\/www.friaguinee.net\/index.php\/wp-json\/wp\/v2\/users\/2"}],"replies":[{"embeddable":true,"href":"https:\/\/www.friaguinee.net\/index.php\/wp-json\/wp\/v2\/comments?post=9918"}],"version-history":[{"count":2,"href":"https:\/\/www.friaguinee.net\/index.php\/wp-json\/wp\/v2\/posts\/9918\/revisions"}],"predecessor-version":[{"id":9922,"href":"https:\/\/www.friaguinee.net\/index.php\/wp-json\/wp\/v2\/posts\/9918\/revisions\/9922"}],"wp:featuredmedia":[{"embeddable":true,"href":"https:\/\/www.friaguinee.net\/index.php\/wp-json\/wp\/v2\/media\/9920"}],"wp:attachment":[{"href":"https:\/\/www.friaguinee.net\/index.php\/wp-json\/wp\/v2\/media?parent=9918"}],"wp:term":[{"taxonomy":"category","embeddable":true,"href":"https:\/\/www.friaguinee.net\/index.php\/wp-json\/wp\/v2\/categories?post=9918"},{"taxonomy":"post_tag","embeddable":true,"href":"https:\/\/www.friaguinee.net\/index.php\/wp-json\/wp\/v2\/tags?post=9918"}],"curies":[{"name":"wp","href":"https:\/\/api.w.org\/{rel}","templated":true}]}}