{"id":9506,"date":"2019-07-04T12:05:41","date_gmt":"2019-07-04T12:05:41","guid":{"rendered":"http:\/\/www.friaguinee.net\/?p=9506"},"modified":"2019-07-04T12:05:42","modified_gmt":"2019-07-04T12:05:42","slug":"fria-examen-dentree-en-7eme-espace-sans-telephone-est-le-slogan-retenu","status":"publish","type":"post","link":"https:\/\/www.friaguinee.net\/index.php\/2019\/07\/04\/fria-examen-dentree-en-7eme-espace-sans-telephone-est-le-slogan-retenu\/","title":{"rendered":"Fria\/Examen d&rsquo;entr\u00e9e en 7\u00e8me: \u00ab\u00a0Espace sans t\u00e9l\u00e9phone\u00a0\u00bb est le slogan retenu"},"content":{"rendered":"\n<p>FRIA- Comme pr\u00e9vu par le minist\u00e8re de l\u2019\u00e9ducation nationale et de l\u2019alphab\u00e9tisation, l&rsquo;examen du certificat d&rsquo;\u00e9tudes \u00e9l\u00e9mentaires a d\u00e9but\u00e9 ce jeudi 04 juillet 2019 sur toute l&rsquo;\u00e9tendue du territoire national.<\/p>\n\n\n\n<p>&nbsp;A Fria\nc&rsquo;est le lyc\u00e9e Amilcar Cabral qui a servi de cadre au lancement officiel des\npremi\u00e8res \u00e9preuves en pr\u00e9sence des autorit\u00e9s pr\u00e9fectorales, du superviseur\nnational, et de certains cadres de l&rsquo;\u00e9ducation. <\/p>\n\n\n\n<figure class=\"wp-block-image\"><img loading=\"lazy\" decoding=\"async\" width=\"489\" height=\"280\" src=\"http:\/\/www.friaguinee.net\/wp-content\/uploads\/2019\/07\/examen.jpg\" alt=\"\" class=\"wp-image-9509\" srcset=\"https:\/\/www.friaguinee.net\/wp-content\/uploads\/2019\/07\/examen.jpg 489w, https:\/\/www.friaguinee.net\/wp-content\/uploads\/2019\/07\/examen-300x172.jpg 300w\" sizes=\"auto, (max-width: 489px) 100vw, 489px\" \/><\/figure>\n\n\n\n<p>A en croire Madame le Pr\u00e9fet, tout semble bien\nparti pour un bon d\u00e9roulement. <\/p>\n\n\n\n<p>\u00ab\u00a0<strong><em>Je suis l\u00e0 ce matin en tant que premi\u00e8re\nautorit\u00e9 pour le lancement officiel de l&rsquo;examen d&rsquo;entr\u00e9e en 7 \u00e8me ann\u00e9e, mes\nimpressions sont d\u00e9j\u00e0 bonnes parce que le cadre s&rsquo;y pr\u00eate et je remarque la\ns\u00e9r\u00e9nit\u00e9 dans le comportement des candidats et des surveillants. Une fois encore\nje suis rassur\u00e9e que Fria ne fera pas fausse note et fera surtout un bon\nr\u00e9sultat dans la r\u00e9gion et pourquoi pas sur le plan national parce que les\nenfants sont eux aussi sereins et vous ne sentez par le stress sur leurs\nvisages, c&rsquo;est dire qu&rsquo;ils ont bien appris et bien r\u00e9vis\u00e9 les le\u00e7ons<\/em><\/strong>\u00a0\u00bb\na d\u00e9clar\u00e9 Hadja Gnal\u00e8n Cond\u00e9.<\/p>\n\n\n\n<figure class=\"wp-block-image is-resized\"><img loading=\"lazy\" decoding=\"async\" src=\"http:\/\/www.friaguinee.net\/wp-content\/uploads\/2019\/07\/examenn.jpg\" alt=\"\" class=\"wp-image-9510\" width=\"591\" height=\"362\" srcset=\"https:\/\/www.friaguinee.net\/wp-content\/uploads\/2019\/07\/examenn.jpg 457w, https:\/\/www.friaguinee.net\/wp-content\/uploads\/2019\/07\/examenn-300x184.jpg 300w\" sizes=\"auto, (max-width: 591px) 100vw, 591px\" \/><\/figure>\n\n\n\n<p>Le superviseur national au compte de la\ndirection de l&rsquo;enseignement fondamental, pour sa part, r\u00e9jouit de constater que\ntout est en place pour le d\u00e9but de ses examens.<\/p>\n\n\n\n<p>\u00ab\u00a0<strong><em>Comme vous le constatez, nous avons proc\u00e9d\u00e9\nau lancement de l&rsquo;examen d&rsquo;entr\u00e9e en 7 \u00e8me, session 2019 .Ici \u00e0 Fria j&rsquo;ai\ntrouv\u00e9 tout en place, tout a bien commenc\u00e9 il n&rsquo;y a pas eu de retard ni de\nfausse note pour le moment. Les candidats sont install\u00e9s, les surveillants sont\nen place ainsi que les responsables \u00e0 tous les niveaux. Les services de\ns\u00e9curit\u00e9 et de la sant\u00e9, sont aussi pr\u00e9sents, et la pr\u00e9sence de la pr\u00e9f\u00e8te et\nde la directrice de l&rsquo;\u00e9ducation est une satisfaction qui prouve que tout a bien\ncommenc\u00e9<\/em><\/strong>\u00a0\u00bb indique Alpha Camara.<\/p>\n\n\n\n<p>Le candidat Mohamed quant \u00e0 lui pense avoir\nbien r\u00e9vis\u00e9 et est convaincu de pouvoir d\u00e9crocher son examen.<\/p>\n\n\n\n<p>&nbsp;\u00ab\u00a0<strong><em>J&rsquo;ai\nbien r\u00e9vis\u00e9 et je suis s\u00fbre que j&rsquo;aurai mon examen. Notre ma\u00eetre nous a dit que\nce qu&rsquo;on va nous donner n&rsquo;est pas difficile et qu&rsquo;on a d\u00e9j\u00e0 fait les le\u00e7ons en\nclasse<\/em><\/strong>\u00a0\u00bb a t-il signifi\u00e9. <\/p>\n\n\n\n<figure class=\"wp-block-image is-resized\"><img loading=\"lazy\" decoding=\"async\" src=\"http:\/\/www.friaguinee.net\/wp-content\/uploads\/2019\/07\/eleves-exaamen.jpg\" alt=\"\" class=\"wp-image-9512\" width=\"588\" height=\"429\" srcset=\"https:\/\/www.friaguinee.net\/wp-content\/uploads\/2019\/07\/eleves-exaamen.jpg 384w, https:\/\/www.friaguinee.net\/wp-content\/uploads\/2019\/07\/eleves-exaamen-300x219.jpg 300w, https:\/\/www.friaguinee.net\/wp-content\/uploads\/2019\/07\/eleves-exaamen-324x235.jpg 324w\" sizes=\"auto, (max-width: 588px) 100vw, 588px\" \/><\/figure>\n\n\n\n<p>Pour cette premi\u00e8re journ\u00e9e, ce sont les\n\u00e9preuves de r\u00e9daction et de g\u00e9ographie que les candidats auront \u00e0 traiter avec\nle slogan espace sans t\u00e9l\u00e9phone.<\/p>\n\n\n\n<p><strong>Friaguinee.net<\/strong><\/p>\n","protected":false},"excerpt":{"rendered":"<p>FRIA- Comme pr\u00e9vu par le minist\u00e8re de l\u2019\u00e9ducation nationale et de l\u2019alphab\u00e9tisation, l&rsquo;examen du certificat d&rsquo;\u00e9tudes \u00e9l\u00e9mentaires a d\u00e9but\u00e9 ce jeudi 04 juillet 2019 sur toute l&rsquo;\u00e9tendue du territoire national. &nbsp;A Fria c&rsquo;est le lyc\u00e9e Amilcar Cabral qui a servi de cadre au lancement officiel des premi\u00e8res \u00e9preuves en pr\u00e9sence des autorit\u00e9s pr\u00e9fectorales, du superviseur [&hellip;]<\/p>\n","protected":false},"author":2,"featured_media":9507,"comment_status":"open","ping_status":"open","sticky":false,"template":"","format":"standard","meta":{"footnotes":""},"categories":[5],"tags":[325,995,48,323,274,49,84,996],"class_list":["post-9506","post","type-post","status-publish","format-standard","has-post-thumbnail","hentry","category-education","tag-7eme","tag-cabral","tag-dpe","tag-entree","tag-examen","tag-fria","tag-prefet","tag-telephone"],"_links":{"self":[{"href":"https:\/\/www.friaguinee.net\/index.php\/wp-json\/wp\/v2\/posts\/9506","targetHints":{"allow":["GET"]}}],"collection":[{"href":"https:\/\/www.friaguinee.net\/index.php\/wp-json\/wp\/v2\/posts"}],"about":[{"href":"https:\/\/www.friaguinee.net\/index.php\/wp-json\/wp\/v2\/types\/post"}],"author":[{"embeddable":true,"href":"https:\/\/www.friaguinee.net\/index.php\/wp-json\/wp\/v2\/users\/2"}],"replies":[{"embeddable":true,"href":"https:\/\/www.friaguinee.net\/index.php\/wp-json\/wp\/v2\/comments?post=9506"}],"version-history":[{"count":2,"href":"https:\/\/www.friaguinee.net\/index.php\/wp-json\/wp\/v2\/posts\/9506\/revisions"}],"predecessor-version":[{"id":9514,"href":"https:\/\/www.friaguinee.net\/index.php\/wp-json\/wp\/v2\/posts\/9506\/revisions\/9514"}],"wp:featuredmedia":[{"embeddable":true,"href":"https:\/\/www.friaguinee.net\/index.php\/wp-json\/wp\/v2\/media\/9507"}],"wp:attachment":[{"href":"https:\/\/www.friaguinee.net\/index.php\/wp-json\/wp\/v2\/media?parent=9506"}],"wp:term":[{"taxonomy":"category","embeddable":true,"href":"https:\/\/www.friaguinee.net\/index.php\/wp-json\/wp\/v2\/categories?post=9506"},{"taxonomy":"post_tag","embeddable":true,"href":"https:\/\/www.friaguinee.net\/index.php\/wp-json\/wp\/v2\/tags?post=9506"}],"curies":[{"name":"wp","href":"https:\/\/api.w.org\/{rel}","templated":true}]}}