{"id":93783,"date":"2026-04-30T12:17:41","date_gmt":"2026-04-30T12:17:41","guid":{"rendered":"https:\/\/www.friaguinee.net\/?p=93783"},"modified":"2026-04-30T12:17:43","modified_gmt":"2026-04-30T12:17:43","slug":"fete-du-travail-la-journee-du-vendredi-1er-mai-est-declaree-feriee-chomee-et-payee","status":"publish","type":"post","link":"https:\/\/www.friaguinee.net\/index.php\/2026\/04\/30\/fete-du-travail-la-journee-du-vendredi-1er-mai-est-declaree-feriee-chomee-et-payee\/","title":{"rendered":"F\u00eate du travail : la journ\u00e9e du vendredi 1er mai est d\u00e9clar\u00e9e f\u00e9ri\u00e9e, ch\u00f4m\u00e9e et pay\u00e9e"},"content":{"rendered":"\n<p>A travers un communiqu\u00e9 lu ce mercredi 29 avril 2026 \u00e0 la t\u00e9l\u00e9vision nationale, le minist\u00e8re de l\u2019Emploi et du Travail a annonc\u00e9 que la journ\u00e9e du vendredi 1er mai sera f\u00e9ri\u00e9e, ch\u00f4m\u00e9e et pay\u00e9e sur toute l\u2019\u00e9tendue du territoire, \u00e0 l\u2019occasion de la Journ\u00e9e internationale du travail.<\/p>\n\n\n\n<p>Par ailleurs, le ministre Mory Cond\u00e9 a \u00e9galement fait savoir que les festivit\u00e9s pr\u00e9vues pour cette c\u00e9l\u00e9bration sont report\u00e9es \u00e0 une date ult\u00e9rieure. Ce report interviendra apr\u00e8s la participation de la d\u00e9l\u00e9gation tripartite guin\u00e9enne \u00e0 la 114e session de la Conf\u00e9rence internationale du travail (CIT), qui se tiendra\u00a0<strong>du 1er au 12 juin 2026<\/strong>\u00a0\u00e0 Gen\u00e8ve.<\/p>\n\n\n\n<p>Selon le communiqu\u00e9, cette d\u00e9cision vise \u00e0 permettre au gouvernement et \u00e0 ses partenaires sociaux de mieux coordonner l\u2019organisation des festivit\u00e9s pour en assurer la r\u00e9ussite.<\/p>\n\n\n\n<p><strong>Friaguinee.net<\/strong><\/p>\n","protected":false},"excerpt":{"rendered":"<p>A travers un communiqu\u00e9 lu ce mercredi 29 avril 2026 \u00e0 la t\u00e9l\u00e9vision nationale, le minist\u00e8re de l\u2019Emploi et du Travail a annonc\u00e9 que la journ\u00e9e du vendredi 1er mai sera f\u00e9ri\u00e9e, ch\u00f4m\u00e9e et pay\u00e9e sur toute l\u2019\u00e9tendue du territoire, \u00e0 l\u2019occasion de la Journ\u00e9e internationale du travail. Par ailleurs, le ministre Mory Cond\u00e9 a [&hellip;]<\/p>\n","protected":false},"author":3,"featured_media":46546,"comment_status":"open","ping_status":"open","sticky":false,"template":"","format":"standard","meta":{"footnotes":""},"categories":[2],"tags":[],"class_list":["post-93783","post","type-post","status-publish","format-standard","has-post-thumbnail","hentry","category-actualites"],"_links":{"self":[{"href":"https:\/\/www.friaguinee.net\/index.php\/wp-json\/wp\/v2\/posts\/93783","targetHints":{"allow":["GET"]}}],"collection":[{"href":"https:\/\/www.friaguinee.net\/index.php\/wp-json\/wp\/v2\/posts"}],"about":[{"href":"https:\/\/www.friaguinee.net\/index.php\/wp-json\/wp\/v2\/types\/post"}],"author":[{"embeddable":true,"href":"https:\/\/www.friaguinee.net\/index.php\/wp-json\/wp\/v2\/users\/3"}],"replies":[{"embeddable":true,"href":"https:\/\/www.friaguinee.net\/index.php\/wp-json\/wp\/v2\/comments?post=93783"}],"version-history":[{"count":2,"href":"https:\/\/www.friaguinee.net\/index.php\/wp-json\/wp\/v2\/posts\/93783\/revisions"}],"predecessor-version":[{"id":93785,"href":"https:\/\/www.friaguinee.net\/index.php\/wp-json\/wp\/v2\/posts\/93783\/revisions\/93785"}],"wp:featuredmedia":[{"embeddable":true,"href":"https:\/\/www.friaguinee.net\/index.php\/wp-json\/wp\/v2\/media\/46546"}],"wp:attachment":[{"href":"https:\/\/www.friaguinee.net\/index.php\/wp-json\/wp\/v2\/media?parent=93783"}],"wp:term":[{"taxonomy":"category","embeddable":true,"href":"https:\/\/www.friaguinee.net\/index.php\/wp-json\/wp\/v2\/categories?post=93783"},{"taxonomy":"post_tag","embeddable":true,"href":"https:\/\/www.friaguinee.net\/index.php\/wp-json\/wp\/v2\/tags?post=93783"}],"curies":[{"name":"wp","href":"https:\/\/api.w.org\/{rel}","templated":true}]}}