{"id":93770,"date":"2026-04-29T09:08:02","date_gmt":"2026-04-29T09:08:02","guid":{"rendered":"https:\/\/www.friaguinee.net\/?p=93770"},"modified":"2026-04-29T09:08:03","modified_gmt":"2026-04-29T09:08:03","slug":"ministere-de-la-communication-et-de-linnovation-plusieurs-hauts-cadres-nommes","status":"publish","type":"post","link":"https:\/\/www.friaguinee.net\/index.php\/2026\/04\/29\/ministere-de-la-communication-et-de-linnovation-plusieurs-hauts-cadres-nommes\/","title":{"rendered":"Minist\u00e8re de la Communication et de l\u2019Innovation : plusieurs hauts cadres nomm\u00e9s"},"content":{"rendered":"\n<p>A travers un d\u00e9cret  lu ce mardi 28 avril 2026 \u00e0 la t\u00e9l\u00e9vision nationale, le pr\u00e9sident de la R\u00e9publique Mamadi Doumbouya a proc\u00e9d\u00e9 \u00e0 la nomination de plusieurs hauts cadres au sein du minist\u00e8re de la Communication, de l\u2019\u00c9conomie num\u00e9rique et de l\u2019Innovation. Cette d\u00e9cision s\u2019inscrit dans la dynamique de r\u00e9organisation et de renforcement des capacit\u00e9s de l\u2019administration publique engag\u00e9e par les autorit\u00e9s de la transition.<\/p>\n\n\n\n<p>Il s&rsquo;agit de :<\/p>\n\n\n\n<p><strong>1<\/strong>. Secr\u00e9taire G\u00e9n\u00e9ral : Monsieur&nbsp;<strong>Souleymane Bah<\/strong>, journaliste.<\/p>\n\n\n\n<p><strong>2<\/strong>. Chef de Cabinet : Madame&nbsp;<strong>Ad\u00e8le Camara<\/strong>, journaliste.<\/p>\n\n\n\n<p><strong>3<\/strong>. Conseiller Principal : Monsieur&nbsp;<strong>N\u2019Faly Sylla,&nbsp;<\/strong>expert en management et administration des affaires.<\/p>\n\n\n\n<p><strong>4<\/strong>. Conseiller Juridique : Monsieur&nbsp;<strong>Thierno Mamadou Bah<\/strong>, juriste.<\/p>\n\n\n\n<p><strong>5<\/strong>. Conseiller Technique : Monsieur&nbsp;<strong>Alpha Ousmane Camara<\/strong>, administrateur.<\/p>\n\n\n\n<p><strong>6<\/strong>. Conseiller charg\u00e9 des questions de r\u00e9formes et de d\u00e9veloppement des m\u00e9dias et de la publicit\u00e9 :&nbsp;<strong>Monsieur S\u00e9kou Diomand\u00e9<\/strong>, sp\u00e9cialiste en communication.<\/p>\n\n\n\n<p><strong>7<\/strong>. Conseiller charg\u00e9 des questions \u00e9conomiques, postales et de la prospective :&nbsp;<strong>Monsieur Ibrahim Kalil Magassouba,&nbsp;<\/strong>\u00e9conomiste.<\/p>\n\n\n\n<p><strong>8<\/strong>. Conseiller en charge des t\u00e9l\u00e9communications, TIC et du num\u00e9rique :&nbsp;<strong>Monsieur Fod\u00e9 Youla<\/strong>, ing\u00e9nieur T\u00e9l\u00e9com.<\/p>\n\n\n\n<p><strong>9.<\/strong>&nbsp;Conseiller charg\u00e9 de l\u2019innovation : Monsieur&nbsp;<strong>Diakaria Dioubat\u00e9<\/strong>, ing\u00e9nieur t\u00e9l\u00e9communication.<\/p>\n\n\n\n<p><strong>10.<\/strong>&nbsp;Conseill\u00e8re charg\u00e9e de mission : Madame&nbsp;<strong>\u00c9lise Koivogui,<\/strong>&nbsp;sp\u00e9cialiste en communication.<\/p>\n\n\n\n<p><strong>Friaguinee.net<\/strong><\/p>\n","protected":false},"excerpt":{"rendered":"<p>A travers un d\u00e9cret lu ce mardi 28 avril 2026 \u00e0 la t\u00e9l\u00e9vision nationale, le pr\u00e9sident de la R\u00e9publique Mamadi Doumbouya a proc\u00e9d\u00e9 \u00e0 la nomination de plusieurs hauts cadres au sein du minist\u00e8re de la Communication, de l\u2019\u00c9conomie num\u00e9rique et de l\u2019Innovation. Cette d\u00e9cision s\u2019inscrit dans la dynamique de r\u00e9organisation et de renforcement des [&hellip;]<\/p>\n","protected":false},"author":3,"featured_media":93773,"comment_status":"open","ping_status":"open","sticky":false,"template":"","format":"standard","meta":{"footnotes":""},"categories":[2],"tags":[],"class_list":["post-93770","post","type-post","status-publish","format-standard","has-post-thumbnail","hentry","category-actualites"],"_links":{"self":[{"href":"https:\/\/www.friaguinee.net\/index.php\/wp-json\/wp\/v2\/posts\/93770","targetHints":{"allow":["GET"]}}],"collection":[{"href":"https:\/\/www.friaguinee.net\/index.php\/wp-json\/wp\/v2\/posts"}],"about":[{"href":"https:\/\/www.friaguinee.net\/index.php\/wp-json\/wp\/v2\/types\/post"}],"author":[{"embeddable":true,"href":"https:\/\/www.friaguinee.net\/index.php\/wp-json\/wp\/v2\/users\/3"}],"replies":[{"embeddable":true,"href":"https:\/\/www.friaguinee.net\/index.php\/wp-json\/wp\/v2\/comments?post=93770"}],"version-history":[{"count":3,"href":"https:\/\/www.friaguinee.net\/index.php\/wp-json\/wp\/v2\/posts\/93770\/revisions"}],"predecessor-version":[{"id":93774,"href":"https:\/\/www.friaguinee.net\/index.php\/wp-json\/wp\/v2\/posts\/93770\/revisions\/93774"}],"wp:featuredmedia":[{"embeddable":true,"href":"https:\/\/www.friaguinee.net\/index.php\/wp-json\/wp\/v2\/media\/93773"}],"wp:attachment":[{"href":"https:\/\/www.friaguinee.net\/index.php\/wp-json\/wp\/v2\/media?parent=93770"}],"wp:term":[{"taxonomy":"category","embeddable":true,"href":"https:\/\/www.friaguinee.net\/index.php\/wp-json\/wp\/v2\/categories?post=93770"},{"taxonomy":"post_tag","embeddable":true,"href":"https:\/\/www.friaguinee.net\/index.php\/wp-json\/wp\/v2\/tags?post=93770"}],"curies":[{"name":"wp","href":"https:\/\/api.w.org\/{rel}","templated":true}]}}