{"id":92941,"date":"2026-03-13T08:12:14","date_gmt":"2026-03-13T08:12:14","guid":{"rendered":"https:\/\/www.friaguinee.net\/?p=92941"},"modified":"2026-03-13T08:12:15","modified_gmt":"2026-03-13T08:12:15","slug":"guinee-le-president-mamadi-doumbouya-fixe-lorganisation-du-ministere-de-la-justice-et-des-droits-de-lhomme","status":"publish","type":"post","link":"https:\/\/www.friaguinee.net\/index.php\/2026\/03\/13\/guinee-le-president-mamadi-doumbouya-fixe-lorganisation-du-ministere-de-la-justice-et-des-droits-de-lhomme\/","title":{"rendered":"Guin\u00e9e : Le pr\u00e9sident Mamadi Doumbouya fixe l\u2019organisation du Minist\u00e8re de la Justice et des Droits de l\u2019Homme"},"content":{"rendered":"\n<p>A travers un d\u00e9cret lu ce jeudi 12 mars 2026, le pr\u00e9sident de la R\u00e9publique, le g\u00e9n\u00e9ral Mamadi Doumbouya, a fix\u00e9 l\u2019organisation des services relevant de la Primature, des minist\u00e8res et des secr\u00e9tariats g\u00e9n\u00e9raux qui composent la structure du gouvernement guin\u00e9en.<\/p>\n\n\n\n<p>Parmi les institutions concern\u00e9es figure le Minist\u00e8re de la Justice et des Droits de l\u2019Homme, un d\u00e9partement strat\u00e9gique charg\u00e9 de veiller \u00e0 l\u2019application de la loi, \u00e0 la protection des droits fondamentaux des citoyens et au bon fonctionnement de l\u2019appareil judiciaire.<\/p>\n\n\n\n<p><strong>Secr\u00e9taire g\u00e9n\u00e9ral<\/strong><\/p>\n\n\n\n<p><strong>Cabinet :<\/strong><\/p>\n\n\n\n<p>Un Chef de cabinet<\/p>\n\n\n\n<p>Un Conseiller principal<\/p>\n\n\n\n<p>Un Conseiller juridique<\/p>\n\n\n\n<p>Un Conseiller charg\u00e9 des questions institutionnelles<\/p>\n\n\n\n<p>Un Conseiller charg\u00e9 des questions d\u2019\u00e9ducation surveill\u00e9e et de la protection judiciaire de la jeunesse<\/p>\n\n\n\n<p>Un Conseiller charg\u00e9 du suivi et de la capitalisation des r\u00e9formes<\/p>\n\n\n\n<p>Un Conseiller charg\u00e9 de mission<\/p>\n\n\n\n<p>Un Attach\u00e9 de cabinet<\/p>\n\n\n\n<p><strong>&nbsp;Services d\u2019appui :<\/strong><\/p>\n\n\n\n<p>L\u2019Inspection g\u00e9n\u00e9rale des services judiciaires et p\u00e9nitentiaires<\/p>\n\n\n\n<p>Le Bureau de strat\u00e9gie et de d\u00e9veloppement<\/p>\n\n\n\n<p>La Cellule d\u2019ex\u00e9cution des projets du programme Simandou 2040 (CEPPS 2040)<\/p>\n\n\n\n<p>La Division des ressources humaines<\/p>\n\n\n\n<p>La Division des affaires financi\u00e8res<\/p>\n\n\n\n<p>Le Contr\u00f4leur financier<\/p>\n\n\n\n<p>La Personne responsable des march\u00e9s publics<\/p>\n\n\n\n<p>Le Service communication et relations publiques<\/p>\n\n\n\n<p>Le Centre des ressources documentaires<\/p>\n\n\n\n<p>Le Service de modernisation des syst\u00e8mes d\u2019information<\/p>\n\n\n\n<p>Le Service accueil et information<\/p>\n\n\n\n<p>Le Service hygi\u00e8ne, sant\u00e9 et s\u00e9curit\u00e9 au travail<\/p>\n\n\n\n<p>Le Service national des infrastructures judiciaires et p\u00e9nitentiaires<\/p>\n\n\n\n<p>La Chambre d\u2019arbitrage de Guin\u00e9e<\/p>\n\n\n\n<p><strong>Organismes publics autonomes :<\/strong><\/p>\n\n\n\n<p>Le Centre de formation judiciaire<\/p>\n\n\n\n<p>Le Service du casier judiciaire central<\/p>\n\n\n\n<p>Le Fonds d\u2019aide juridictionnelle<\/p>\n\n\n\n<p>L\u2019Agence de gestion et de recouvrement des avoirs saisis et confisqu\u00e9s<\/p>\n\n\n\n<p><strong>Organes consultatifs :<\/strong><\/p>\n\n\n\n<p>Le Conseil sup\u00e9rieur de la magistrature<\/p>\n\n\n\n<p>La Commission nationale de l\u2019organisation pour l\u2019harmonisation en Afrique du droit des affaires (OHADA)<\/p>\n\n\n\n<p>Le Conseil de discipline.<\/p>\n\n\n\n<p>Friaguinee.net<\/p>\n","protected":false},"excerpt":{"rendered":"<p>A travers un d\u00e9cret lu ce jeudi 12 mars 2026, le pr\u00e9sident de la R\u00e9publique, le g\u00e9n\u00e9ral Mamadi Doumbouya, a fix\u00e9 l\u2019organisation des services relevant de la Primature, des minist\u00e8res et des secr\u00e9tariats g\u00e9n\u00e9raux qui composent la structure du gouvernement guin\u00e9en. Parmi les institutions concern\u00e9es figure le Minist\u00e8re de la Justice et des Droits de [&hellip;]<\/p>\n","protected":false},"author":3,"featured_media":92943,"comment_status":"open","ping_status":"open","sticky":false,"template":"","format":"standard","meta":{"footnotes":""},"categories":[2],"tags":[],"class_list":["post-92941","post","type-post","status-publish","format-standard","has-post-thumbnail","hentry","category-actualites"],"_links":{"self":[{"href":"https:\/\/www.friaguinee.net\/index.php\/wp-json\/wp\/v2\/posts\/92941","targetHints":{"allow":["GET"]}}],"collection":[{"href":"https:\/\/www.friaguinee.net\/index.php\/wp-json\/wp\/v2\/posts"}],"about":[{"href":"https:\/\/www.friaguinee.net\/index.php\/wp-json\/wp\/v2\/types\/post"}],"author":[{"embeddable":true,"href":"https:\/\/www.friaguinee.net\/index.php\/wp-json\/wp\/v2\/users\/3"}],"replies":[{"embeddable":true,"href":"https:\/\/www.friaguinee.net\/index.php\/wp-json\/wp\/v2\/comments?post=92941"}],"version-history":[{"count":2,"href":"https:\/\/www.friaguinee.net\/index.php\/wp-json\/wp\/v2\/posts\/92941\/revisions"}],"predecessor-version":[{"id":92944,"href":"https:\/\/www.friaguinee.net\/index.php\/wp-json\/wp\/v2\/posts\/92941\/revisions\/92944"}],"wp:featuredmedia":[{"embeddable":true,"href":"https:\/\/www.friaguinee.net\/index.php\/wp-json\/wp\/v2\/media\/92943"}],"wp:attachment":[{"href":"https:\/\/www.friaguinee.net\/index.php\/wp-json\/wp\/v2\/media?parent=92941"}],"wp:term":[{"taxonomy":"category","embeddable":true,"href":"https:\/\/www.friaguinee.net\/index.php\/wp-json\/wp\/v2\/categories?post=92941"},{"taxonomy":"post_tag","embeddable":true,"href":"https:\/\/www.friaguinee.net\/index.php\/wp-json\/wp\/v2\/tags?post=92941"}],"curies":[{"name":"wp","href":"https:\/\/api.w.org\/{rel}","templated":true}]}}