{"id":92937,"date":"2026-03-13T07:49:52","date_gmt":"2026-03-13T07:49:52","guid":{"rendered":"https:\/\/www.friaguinee.net\/?p=92937"},"modified":"2026-03-13T07:49:53","modified_gmt":"2026-03-13T07:49:53","slug":"armee-trois-officiers-superieurs-eleves-au-rang-de-general-de-brigade-et-damiral","status":"publish","type":"post","link":"https:\/\/www.friaguinee.net\/index.php\/2026\/03\/13\/armee-trois-officiers-superieurs-eleves-au-rang-de-general-de-brigade-et-damiral\/","title":{"rendered":"Arm\u00e9e : trois officiers sup\u00e9rieurs \u00e9lev\u00e9s au rang de g\u00e9n\u00e9ral de brigade et d\u2019amiral"},"content":{"rendered":"\n<p> A travers un d\u00e9cret lu ce jeudi 12 mars 2026 \u00e0 la t\u00e9l\u00e9vision nationale, pr\u00e9sident de la Republique, Mamadi Doumbouya, a proc\u00e9d\u00e9 \u00e0 de nouvelles promotions au sein des forces arm\u00e9es guin\u00e9ennes. Le chef de l\u2019\u00c9tat a \u00e9lev\u00e9 plusieurs officiers sup\u00e9rieurs \u00e0 des grades militaires plus \u00e9lev\u00e9s.<\/p>\n\n\n\n<p>Selon les dispositions de ce d\u00e9cret, les colonels et le capitaine de vaisseau dont les noms suivent sont \u00e9lev\u00e9s \u00e0 l\u2019appellation et \u00e0 la dignit\u00e9 de g\u00e9n\u00e9ral de brigade et d\u2019amiral.<\/p>\n\n\n\n<p>Il s\u2019agit de :<\/p>\n\n\n\n<p>Colonel&nbsp;<strong>Lancin\u00e9 Diallo<\/strong>, matricule&nbsp;<strong>17 446 G&nbsp;<\/strong>;<\/p>\n\n\n\n<p>Colonel&nbsp;<strong>Abdoulaye Oury Diallo<\/strong>, matricule&nbsp;<strong>25 335 G&nbsp;<\/strong>;<\/p>\n\n\n\n<p>Capitaine de vaisseau<strong>&nbsp;Lamine 2 Camara<\/strong>, matricule<strong>&nbsp;17 288 G.<\/strong><\/p>\n\n\n\n<p>Par cette d\u00e9cision, les deux colonels sont promus au grade de g\u00e9n\u00e9ral de brigade, tandis que le capitaine de vaisseau<strong>&nbsp;Lamine 2 Camara&nbsp;<\/strong>est \u00e9lev\u00e9 au rang d\u2019amiral.<\/p>\n\n\n\n<p><strong>Friaguinee.net<\/strong><\/p>\n","protected":false},"excerpt":{"rendered":"<p>A travers un d\u00e9cret lu ce jeudi 12 mars 2026 \u00e0 la t\u00e9l\u00e9vision nationale, pr\u00e9sident de la Republique, Mamadi Doumbouya, a proc\u00e9d\u00e9 \u00e0 de nouvelles promotions au sein des forces arm\u00e9es guin\u00e9ennes. Le chef de l\u2019\u00c9tat a \u00e9lev\u00e9 plusieurs officiers sup\u00e9rieurs \u00e0 des grades militaires plus \u00e9lev\u00e9s. Selon les dispositions de ce d\u00e9cret, les colonels [&hellip;]<\/p>\n","protected":false},"author":3,"featured_media":92406,"comment_status":"open","ping_status":"open","sticky":false,"template":"","format":"standard","meta":{"footnotes":""},"categories":[2],"tags":[],"class_list":["post-92937","post","type-post","status-publish","format-standard","has-post-thumbnail","hentry","category-actualites"],"_links":{"self":[{"href":"https:\/\/www.friaguinee.net\/index.php\/wp-json\/wp\/v2\/posts\/92937","targetHints":{"allow":["GET"]}}],"collection":[{"href":"https:\/\/www.friaguinee.net\/index.php\/wp-json\/wp\/v2\/posts"}],"about":[{"href":"https:\/\/www.friaguinee.net\/index.php\/wp-json\/wp\/v2\/types\/post"}],"author":[{"embeddable":true,"href":"https:\/\/www.friaguinee.net\/index.php\/wp-json\/wp\/v2\/users\/3"}],"replies":[{"embeddable":true,"href":"https:\/\/www.friaguinee.net\/index.php\/wp-json\/wp\/v2\/comments?post=92937"}],"version-history":[{"count":3,"href":"https:\/\/www.friaguinee.net\/index.php\/wp-json\/wp\/v2\/posts\/92937\/revisions"}],"predecessor-version":[{"id":92940,"href":"https:\/\/www.friaguinee.net\/index.php\/wp-json\/wp\/v2\/posts\/92937\/revisions\/92940"}],"wp:featuredmedia":[{"embeddable":true,"href":"https:\/\/www.friaguinee.net\/index.php\/wp-json\/wp\/v2\/media\/92406"}],"wp:attachment":[{"href":"https:\/\/www.friaguinee.net\/index.php\/wp-json\/wp\/v2\/media?parent=92937"}],"wp:term":[{"taxonomy":"category","embeddable":true,"href":"https:\/\/www.friaguinee.net\/index.php\/wp-json\/wp\/v2\/categories?post=92937"},{"taxonomy":"post_tag","embeddable":true,"href":"https:\/\/www.friaguinee.net\/index.php\/wp-json\/wp\/v2\/tags?post=92937"}],"curies":[{"name":"wp","href":"https:\/\/api.w.org\/{rel}","templated":true}]}}