{"id":92932,"date":"2026-03-13T07:31:49","date_gmt":"2026-03-13T07:31:49","guid":{"rendered":"https:\/\/www.friaguinee.net\/?p=92932"},"modified":"2026-03-13T07:31:50","modified_gmt":"2026-03-13T07:31:50","slug":"guinee-le-president-mamadi-doumbouya-preside-une-reunion-exceptionnelle-du-conseil-superieur-de-defense-nationale-csdn","status":"publish","type":"post","link":"https:\/\/www.friaguinee.net\/index.php\/2026\/03\/13\/guinee-le-president-mamadi-doumbouya-preside-une-reunion-exceptionnelle-du-conseil-superieur-de-defense-nationale-csdn\/","title":{"rendered":"Guin\u00e9e : le Pr\u00e9sident Mamadi DOUMBOUYA pr\u00e9side une r\u00e9union exceptionnelle du Conseil Sup\u00e9rieur de D\u00e9fense Nationale (CSDN)"},"content":{"rendered":"\n<p><strong>Le Pr\u00e9sident de la R\u00e9publique, S.E Mamadi DOUMBOUYA, a pr\u00e9sid\u00e9 ce jeudi 12 mars 2026 une r\u00e9union exceptionnelle du Conseil Sup\u00e9rieur de D\u00e9fense Nationale consacr\u00e9e aux questions strat\u00e9giques li\u00e9es \u00e0 la s\u00e9curit\u00e9 nationale et \u00e0 la stabilit\u00e9 du pays.<\/strong><\/p>\n\n\n\n<figure class=\"wp-block-image\"><img decoding=\"async\" src=\"https:\/\/www.lerenifleur224.com\/wp-content\/uploads\/2026\/03\/651204961_1369975738498006_7372193151288482798_n-1024x683.jpg\" alt=\"\" class=\"wp-image-57081\"\/><\/figure>\n\n\n\n<p>Autour du Chef de l\u2019\u00c9tat, ont pris part \u00e0 cette rencontre de haut niveau le Pr\u00e9sident du CNT Dr Dansa KOUROUMA, le Premier ministre, Chef du Gouvernement Amadou Oury BAH, le Ministre Secr\u00e9taire G\u00e9n\u00e9ral de la Pr\u00e9sidence, le G\u00e9n\u00e9ral Amara CAMARA, le Ministre Directeur de Cabinet de la Pr\u00e9sidence, Djiba DIAKIT\u00c9, ainsi que la haute hi\u00e9rarchie militaire et paramilitaire et plusieurs membres du gouvernement.<\/p>\n\n\n\n<figure class=\"wp-block-image\"><img decoding=\"async\" src=\"https:\/\/www.lerenifleur224.com\/wp-content\/uploads\/2026\/03\/650129293_1369966291832284_5079869304728933525_n-1024x647.jpg\" alt=\"\" class=\"wp-image-57083\"\/><\/figure>\n\n\n\n<p>Dans un contexte marqu\u00e9 par la n\u00e9cessit\u00e9 de renforcer la vigilance et la coordination des institutions en charge de la s\u00e9curit\u00e9, le Pr\u00e9sident de la R\u00e9publique a donn\u00e9 des instructions fermes aux membres statutaires du Conseil afin de mobiliser l\u2019ensemble des forces de d\u00e9fense et de s\u00e9curit\u00e9. L\u2019objectif est clair : garantir la s\u00e9curit\u00e9 des populations, pr\u00e9server la stabilit\u00e9 nationale et assurer l\u2019int\u00e9grit\u00e9 des personnes et de leurs biens sur toute l\u2019\u00e9tendue du territoire national.<\/p>\n\n\n\n<p>Le Chef de l\u2019\u00c9tat a rappel\u00e9 aux responsables pr\u00e9sents l\u2019ampleur de leurs responsabilit\u00e9s et la l\u00e9gitimit\u00e9 de leur mission au service de la nation. Il a insist\u00e9 sur l\u2019imp\u00e9ratif de discipline, de coordination et de r\u00e9activit\u00e9 des forces engag\u00e9es dans la protection du pays.<\/p>\n\n\n\n<p>Cette rencontre exceptionnelle de haut niveau d\u00e9passe le cadre d\u2019une simple r\u00e9union institutionnelle. Elle constitue un appel fort \u00e0 la responsabilit\u00e9 collective, un rappel \u00e0 l\u2019engagement patriotique des forces de d\u00e9fense et de s\u00e9curit\u00e9 et un signal clair de la volont\u00e9 du Pr\u00e9sident de la R\u00e9publique de placer la s\u00e9curit\u00e9 des citoyens au c\u0153ur de l\u2019action publique.<\/p>\n\n\n\n<figure class=\"wp-block-image\"><img decoding=\"async\" src=\"https:\/\/www.lerenifleur224.com\/wp-content\/uploads\/2026\/03\/649534639_1369966575165589_6495983051827273748_n-1024x683.jpg\" alt=\"\" class=\"wp-image-57085\"\/><\/figure>\n\n\n\n<p>\u00c0 travers cette d\u00e9marche, le Pr\u00e9sident de la R\u00e9publique S.E Mamadi DOUMBOUYA r\u00e9affirme son engagement constant \u00e0 veiller sur le peuple de Guin\u00e9e, \u00e0 prot\u00e9ger son avenir et \u00e0 consolider les bases d\u2019un pays r\u00e9solument tourn\u00e9 vers la paix, la stabilit\u00e9 et le d\u00e9veloppement durable.<\/p>\n\n\n\n<p>Par cette r\u00e9union strat\u00e9gique du Conseil Sup\u00e9rieur de D\u00e9fense Nationale, le Chef de l\u2019\u00c9tat inscrit une nouvelle fois son action dans une vision claire : pr\u00e9server l\u2019unit\u00e9 nationale et garantir aux Guin\u00e9ens un environnement s\u00fbr, propice \u00e0 la construction d\u2019un avenir commun.<\/p>\n\n\n\n<p><strong>DCI-PRG<\/strong><\/p>\n","protected":false},"excerpt":{"rendered":"<p>Le Pr\u00e9sident de la R\u00e9publique, S.E Mamadi DOUMBOUYA, a pr\u00e9sid\u00e9 ce jeudi 12 mars 2026 une r\u00e9union exceptionnelle du Conseil Sup\u00e9rieur de D\u00e9fense Nationale consacr\u00e9e aux questions strat\u00e9giques li\u00e9es \u00e0 la s\u00e9curit\u00e9 nationale et \u00e0 la stabilit\u00e9 du pays. Autour du Chef de l\u2019\u00c9tat, ont pris part \u00e0 cette rencontre de haut niveau le Pr\u00e9sident [&hellip;]<\/p>\n","protected":false},"author":3,"featured_media":92935,"comment_status":"open","ping_status":"open","sticky":false,"template":"","format":"standard","meta":{"footnotes":""},"categories":[2],"tags":[],"class_list":["post-92932","post","type-post","status-publish","format-standard","has-post-thumbnail","hentry","category-actualites"],"_links":{"self":[{"href":"https:\/\/www.friaguinee.net\/index.php\/wp-json\/wp\/v2\/posts\/92932","targetHints":{"allow":["GET"]}}],"collection":[{"href":"https:\/\/www.friaguinee.net\/index.php\/wp-json\/wp\/v2\/posts"}],"about":[{"href":"https:\/\/www.friaguinee.net\/index.php\/wp-json\/wp\/v2\/types\/post"}],"author":[{"embeddable":true,"href":"https:\/\/www.friaguinee.net\/index.php\/wp-json\/wp\/v2\/users\/3"}],"replies":[{"embeddable":true,"href":"https:\/\/www.friaguinee.net\/index.php\/wp-json\/wp\/v2\/comments?post=92932"}],"version-history":[{"count":3,"href":"https:\/\/www.friaguinee.net\/index.php\/wp-json\/wp\/v2\/posts\/92932\/revisions"}],"predecessor-version":[{"id":92936,"href":"https:\/\/www.friaguinee.net\/index.php\/wp-json\/wp\/v2\/posts\/92932\/revisions\/92936"}],"wp:featuredmedia":[{"embeddable":true,"href":"https:\/\/www.friaguinee.net\/index.php\/wp-json\/wp\/v2\/media\/92935"}],"wp:attachment":[{"href":"https:\/\/www.friaguinee.net\/index.php\/wp-json\/wp\/v2\/media?parent=92932"}],"wp:term":[{"taxonomy":"category","embeddable":true,"href":"https:\/\/www.friaguinee.net\/index.php\/wp-json\/wp\/v2\/categories?post=92932"},{"taxonomy":"post_tag","embeddable":true,"href":"https:\/\/www.friaguinee.net\/index.php\/wp-json\/wp\/v2\/tags?post=92932"}],"curies":[{"name":"wp","href":"https:\/\/api.w.org\/{rel}","templated":true}]}}