{"id":92684,"date":"2026-01-28T20:14:33","date_gmt":"2026-01-28T20:14:33","guid":{"rendered":"https:\/\/www.friaguinee.net\/?p=92684"},"modified":"2026-01-28T20:14:34","modified_gmt":"2026-01-28T20:14:34","slug":"hac-lancement-a-partir-du-1er-fevrier-dune-operation-de-recensement-des-medias","status":"publish","type":"post","link":"https:\/\/www.friaguinee.net\/index.php\/2026\/01\/28\/hac-lancement-a-partir-du-1er-fevrier-dune-operation-de-recensement-des-medias\/","title":{"rendered":"HAC : lancement \u00e0 partir du 1er f\u00e9vrier d&rsquo;une op\u00e9ration de recensement des m\u00e9dias"},"content":{"rendered":"\n<p>A travers un communiqu\u00e9 de presse, la Haute Autorit\u00e9 de la Communication (HAC) a annonc\u00e9 ce mercredi qu\u2019elle lancera, \u00e0 partir du 1er f\u00e9vrier prochain, une op\u00e9ration de recensement des organes de presse dans tout le pays. La premi\u00e8re phase de cette op\u00e9ration d\u00e9butera dans les sept r\u00e9gions administratives du pays avant de s\u2019\u00e9tendre \u00e0 la capitale, Conakry.<\/p>\n\n\n\n<p><strong>Ci-dessou le communiqu\u00e9 de la HAC:<\/strong><\/p>\n\n\n\n<figure class=\"wp-block-gallery has-nested-images columns-default is-cropped wp-block-gallery-1 is-layout-flex wp-block-gallery-is-layout-flex\">\n<figure class=\"wp-block-image size-large\"><img loading=\"lazy\" decoding=\"async\" width=\"746\" height=\"1024\" data-id=\"92686\" src=\"https:\/\/www.friaguinee.net\/wp-content\/uploads\/2026\/01\/1000030982.jpg\" alt=\"\" class=\"wp-image-92686\" srcset=\"https:\/\/www.friaguinee.net\/wp-content\/uploads\/2026\/01\/1000030982.jpg 746w, https:\/\/www.friaguinee.net\/wp-content\/uploads\/2026\/01\/1000030982-219x300.jpg 219w, https:\/\/www.friaguinee.net\/wp-content\/uploads\/2026\/01\/1000030982-696x955.jpg 696w, https:\/\/www.friaguinee.net\/wp-content\/uploads\/2026\/01\/1000030982-306x420.jpg 306w\" sizes=\"auto, (max-width: 746px) 100vw, 746px\" \/><\/figure>\n<\/figure>\n\n\n\n<p><strong>Friaguinee.net<\/strong><\/p>\n","protected":false},"excerpt":{"rendered":"<p>A travers un communiqu\u00e9 de presse, la Haute Autorit\u00e9 de la Communication (HAC) a annonc\u00e9 ce mercredi qu\u2019elle lancera, \u00e0 partir du 1er f\u00e9vrier prochain, une op\u00e9ration de recensement des organes de presse dans tout le pays. La premi\u00e8re phase de cette op\u00e9ration d\u00e9butera dans les sept r\u00e9gions administratives du pays avant de s\u2019\u00e9tendre \u00e0 [&hellip;]<\/p>\n","protected":false},"author":3,"featured_media":92656,"comment_status":"open","ping_status":"open","sticky":false,"template":"","format":"standard","meta":{"footnotes":""},"categories":[3990],"tags":[],"class_list":["post-92684","post","type-post","status-publish","format-standard","has-post-thumbnail","hentry","category-medias"],"_links":{"self":[{"href":"https:\/\/www.friaguinee.net\/index.php\/wp-json\/wp\/v2\/posts\/92684","targetHints":{"allow":["GET"]}}],"collection":[{"href":"https:\/\/www.friaguinee.net\/index.php\/wp-json\/wp\/v2\/posts"}],"about":[{"href":"https:\/\/www.friaguinee.net\/index.php\/wp-json\/wp\/v2\/types\/post"}],"author":[{"embeddable":true,"href":"https:\/\/www.friaguinee.net\/index.php\/wp-json\/wp\/v2\/users\/3"}],"replies":[{"embeddable":true,"href":"https:\/\/www.friaguinee.net\/index.php\/wp-json\/wp\/v2\/comments?post=92684"}],"version-history":[{"count":2,"href":"https:\/\/www.friaguinee.net\/index.php\/wp-json\/wp\/v2\/posts\/92684\/revisions"}],"predecessor-version":[{"id":92687,"href":"https:\/\/www.friaguinee.net\/index.php\/wp-json\/wp\/v2\/posts\/92684\/revisions\/92687"}],"wp:featuredmedia":[{"embeddable":true,"href":"https:\/\/www.friaguinee.net\/index.php\/wp-json\/wp\/v2\/media\/92656"}],"wp:attachment":[{"href":"https:\/\/www.friaguinee.net\/index.php\/wp-json\/wp\/v2\/media?parent=92684"}],"wp:term":[{"taxonomy":"category","embeddable":true,"href":"https:\/\/www.friaguinee.net\/index.php\/wp-json\/wp\/v2\/categories?post=92684"},{"taxonomy":"post_tag","embeddable":true,"href":"https:\/\/www.friaguinee.net\/index.php\/wp-json\/wp\/v2\/tags?post=92684"}],"curies":[{"name":"wp","href":"https:\/\/api.w.org\/{rel}","templated":true}]}}