{"id":9186,"date":"2019-06-17T14:32:30","date_gmt":"2019-06-17T14:32:30","guid":{"rendered":"http:\/\/www.friaguinee.net\/?p=9186"},"modified":"2019-06-17T14:32:33","modified_gmt":"2019-06-17T14:32:33","slug":"boke-le-collectif-des-ong-a-la-rencontre-des-communautes-pour-la-revision-dun-important-document","status":"publish","type":"post","link":"https:\/\/www.friaguinee.net\/index.php\/2019\/06\/17\/boke-le-collectif-des-ong-a-la-rencontre-des-communautes-pour-la-revision-dun-important-document\/","title":{"rendered":"Bok\u00e9: le Collectif des ONG \u00e0 la rencontre des communaut\u00e9s pour la r\u00e9vision d&rsquo;un important document"},"content":{"rendered":"\n<p>BOKE- Le collectif des organisations de la soci\u00e9t\u00e9 civile pour la d\u00e9fense des droits des communaut\u00e9s a organis\u00e9 du samedi 15 au dimanche 16 juin 2019, un atelier de consultation au chef-lieu de la r\u00e9gion administrative de Bok\u00e9.<\/p>\n\n\n\n<figure class=\"wp-block-image\"><img loading=\"lazy\" decoding=\"async\" width=\"711\" height=\"426\" src=\"http:\/\/www.friaguinee.net\/wp-content\/uploads\/2019\/06\/IMG_20190616_124816.jpg\" alt=\"\" class=\"wp-image-9189\" srcset=\"https:\/\/www.friaguinee.net\/wp-content\/uploads\/2019\/06\/IMG_20190616_124816.jpg 711w, https:\/\/www.friaguinee.net\/wp-content\/uploads\/2019\/06\/IMG_20190616_124816-300x180.jpg 300w, https:\/\/www.friaguinee.net\/wp-content\/uploads\/2019\/06\/IMG_20190616_124816-696x417.jpg 696w, https:\/\/www.friaguinee.net\/wp-content\/uploads\/2019\/06\/IMG_20190616_124816-701x420.jpg 701w\" sizes=\"auto, (max-width: 711px) 100vw, 711px\" \/><\/figure>\n\n\n\n<p>Cette consultation fait suite au constat fait par le collectif sur les d\u00e9placements, l\u2019indemnisation des communaut\u00e9s qui sont affect\u00e9es par les projets de d\u00e9veloppement.<\/p>\n\n\n\n<p>Selon le coordinateur du collectif, cette rencontre a pour\nobjectif de consulter les communaut\u00e9s en vue de consolider le document d\u00e9j\u00e0\n\u00e9labor\u00e9 dans ce sens.<\/p>\n\n\n\n<p>\u00ab\u00a0<strong><em>Nous avons recueilli des donn\u00e9es sur le terrain, nous avons r\u00e9alis\u00e9 des films \u00e0 travers lesquels nous avons constat\u00e9 que la Guin\u00e9e n\u2019a pas une norme nationale sur des questions de compensation et heureusement que le gouvernement a pris l\u2019initiative d\u2019\u00e9laborer un document r\u00e9f\u00e9rentiel sur ces questions. La soci\u00e9t\u00e9 civile s\u2019est impliqu\u00e9e pour aider le gouvernement \u00e0 avoir un document r\u00e9f\u00e9rentiel qui r\u00e9pond aux normes et aux standards internationaux. Pour cela, la forme doit \u00eatre la consultation des communaut\u00e9s. C\u2019est dans ce cadre que nous sommes l\u00e0 aujourd\u2019hui, pour avoir beaucoup plus d\u2019informations aupr\u00e8s des communaut\u00e9s en vue de consolider le document en question\u2026<\/em><\/strong> \u00bb a expliqu\u00e9 Saa pascal Tenkiano.<\/p>\n\n\n\n<figure class=\"wp-block-image\"><img loading=\"lazy\" decoding=\"async\" width=\"718\" height=\"587\" src=\"http:\/\/www.friaguinee.net\/wp-content\/uploads\/2019\/06\/IMG_20190616_162053.jpg\" alt=\"\" class=\"wp-image-9190\" srcset=\"https:\/\/www.friaguinee.net\/wp-content\/uploads\/2019\/06\/IMG_20190616_162053.jpg 718w, https:\/\/www.friaguinee.net\/wp-content\/uploads\/2019\/06\/IMG_20190616_162053-300x245.jpg 300w, https:\/\/www.friaguinee.net\/wp-content\/uploads\/2019\/06\/IMG_20190616_162053-696x569.jpg 696w, https:\/\/www.friaguinee.net\/wp-content\/uploads\/2019\/06\/IMG_20190616_162053-514x420.jpg 514w\" sizes=\"auto, (max-width: 718px) 100vw, 718px\" \/><figcaption>Saa Pascal Tenkiano, coordinateur du collectif<\/figcaption><\/figure>\n\n\n\n<p>Apr\u00e8s deux jours d\u2019\u00e9tudes et d\u2019\u00e9changes entre les membres du collectif et les repr\u00e9sentants des communaut\u00e9s, autour du document portant r\u00e9f\u00e9rentiel national pour la compensation, l\u2019indemnisation et la \u00a0r\u00e9installation des populations impact\u00e9es par les projets de d\u00e9veloppement en R\u00e9publique de Guin\u00e9e, des observations et des recommandations ont \u00e9t\u00e9 faites.<\/p>\n\n\n\n<p>Prenant part \u00e0 cette rencontre, le maire de la commune rurale\nde Sangar\u00e9di, a salu\u00e9 l\u2019initiative du collectif des ONG et soutien que ce\ndocument sera le reflet d\u2019un avis collectif.<\/p>\n\n\n\n<figure class=\"wp-block-image\"><img loading=\"lazy\" decoding=\"async\" width=\"702\" height=\"583\" src=\"http:\/\/www.friaguinee.net\/wp-content\/uploads\/2019\/06\/IMG_20190616_162115.jpg\" alt=\"\" class=\"wp-image-9191\" srcset=\"https:\/\/www.friaguinee.net\/wp-content\/uploads\/2019\/06\/IMG_20190616_162115.jpg 702w, https:\/\/www.friaguinee.net\/wp-content\/uploads\/2019\/06\/IMG_20190616_162115-300x249.jpg 300w, https:\/\/www.friaguinee.net\/wp-content\/uploads\/2019\/06\/IMG_20190616_162115-696x578.jpg 696w, https:\/\/www.friaguinee.net\/wp-content\/uploads\/2019\/06\/IMG_20190616_162115-506x420.jpg 506w\" sizes=\"auto, (max-width: 702px) 100vw, 702px\" \/><\/figure>\n\n\n\n<p>\u00ab\u00a0<strong><em>\u2026C\u2019est salutaire que des ONG sp\u00e9cialis\u00e9es dans le domaine pensent \u00e0 cette documentation officielle pour les communaut\u00e9s et sur des th\u00e9matiques de compensation, d\u2019installation et relocalisation. Je suis tr\u00e8s heureux qu\u2019apr\u00e8s Conakry, ils viennent \u00e0 l\u2019int\u00e9rieur du pays pour que ce projet soit port\u00e9 \u00e0 la connaissance des communaut\u00e9s\u2026Je pense que lorsqu\u2019un tel document sera synth\u00e9tis\u00e9 et adopt\u00e9, il va refl\u00e9ter l\u2019avis de tout le monde, chose qui est salutaire puisqu\u2019il y a un adage qui dit \u2018\u2019Tout ce que tu fais pour moi, fais-le avec moi\u2026<\/em><\/strong>\u00a0\u00bb s\u2019est f\u00e9licit\u00e9 Mamadou Houdy Bah.<\/p>\n\n\n\n<p>Au terme de ces consultations, une rencontre aura lieu le 26 juin \u00e0 Kindia, o\u00f9 seront pr\u00e9sents tous les gouverneurs de r\u00e9gions ainsi que les 33 pr\u00e9fets pour r\u00e9examiner le document.<\/p>\n\n\n\n<figure class=\"wp-block-image\"><img loading=\"lazy\" decoding=\"async\" width=\"710\" height=\"769\" src=\"http:\/\/www.friaguinee.net\/wp-content\/uploads\/2019\/06\/IMG_20190616_124745.jpg\" alt=\"\" class=\"wp-image-9192\" srcset=\"https:\/\/www.friaguinee.net\/wp-content\/uploads\/2019\/06\/IMG_20190616_124745.jpg 710w, https:\/\/www.friaguinee.net\/wp-content\/uploads\/2019\/06\/IMG_20190616_124745-277x300.jpg 277w, https:\/\/www.friaguinee.net\/wp-content\/uploads\/2019\/06\/IMG_20190616_124745-696x754.jpg 696w, https:\/\/www.friaguinee.net\/wp-content\/uploads\/2019\/06\/IMG_20190616_124745-388x420.jpg 388w\" sizes=\"auto, (max-width: 710px) 100vw, 710px\" \/><\/figure>\n\n\n\n<p>Une occasion pour le collectif des organisations de la soci\u00e9t\u00e9 civile pour la d\u00e9fense des communaut\u00e9s, d\u2019ins\u00e9rer les recommandations recueillies aupr\u00e8s des communaut\u00e9s, en vue d\u2019avoir un document r\u00e9f\u00e9rentiel fait et accept\u00e9 par tous.<\/p>\n\n\n\n<p><strong>Dj\u00e9nabou\nBatco Diallo pour Friaguinee.net<\/strong><\/p>\n","protected":false},"excerpt":{"rendered":"<p>BOKE- Le collectif des organisations de la soci\u00e9t\u00e9 civile pour la d\u00e9fense des droits des communaut\u00e9s a organis\u00e9 du samedi 15 au dimanche 16 juin 2019, un atelier de consultation au chef-lieu de la r\u00e9gion administrative de Bok\u00e9. Cette consultation fait suite au constat fait par le collectif sur les d\u00e9placements, l\u2019indemnisation des communaut\u00e9s qui [&hellip;]<\/p>\n","protected":false},"author":2,"featured_media":9193,"comment_status":"open","ping_status":"open","sticky":false,"template":"","format":"standard","meta":{"footnotes":""},"categories":[9],"tags":[941,236,811,942,946,940,949,943,945,950,200,948,654,944,947],"class_list":["post-9186","post","type-post","status-publish","format-standard","has-post-thumbnail","hentry","category-publireportage","tag-atelier","tag-boke","tag-collectif","tag-communaute","tag-compassation","tag-consultation","tag-developpement","tag-document","tag-indemnisation","tag-local","tag-ong","tag-populations-impactees","tag-projet","tag-referentiel","tag-relocalisation"],"_links":{"self":[{"href":"https:\/\/www.friaguinee.net\/index.php\/wp-json\/wp\/v2\/posts\/9186","targetHints":{"allow":["GET"]}}],"collection":[{"href":"https:\/\/www.friaguinee.net\/index.php\/wp-json\/wp\/v2\/posts"}],"about":[{"href":"https:\/\/www.friaguinee.net\/index.php\/wp-json\/wp\/v2\/types\/post"}],"author":[{"embeddable":true,"href":"https:\/\/www.friaguinee.net\/index.php\/wp-json\/wp\/v2\/users\/2"}],"replies":[{"embeddable":true,"href":"https:\/\/www.friaguinee.net\/index.php\/wp-json\/wp\/v2\/comments?post=9186"}],"version-history":[{"count":3,"href":"https:\/\/www.friaguinee.net\/index.php\/wp-json\/wp\/v2\/posts\/9186\/revisions"}],"predecessor-version":[{"id":9195,"href":"https:\/\/www.friaguinee.net\/index.php\/wp-json\/wp\/v2\/posts\/9186\/revisions\/9195"}],"wp:featuredmedia":[{"embeddable":true,"href":"https:\/\/www.friaguinee.net\/index.php\/wp-json\/wp\/v2\/media\/9193"}],"wp:attachment":[{"href":"https:\/\/www.friaguinee.net\/index.php\/wp-json\/wp\/v2\/media?parent=9186"}],"wp:term":[{"taxonomy":"category","embeddable":true,"href":"https:\/\/www.friaguinee.net\/index.php\/wp-json\/wp\/v2\/categories?post=9186"},{"taxonomy":"post_tag","embeddable":true,"href":"https:\/\/www.friaguinee.net\/index.php\/wp-json\/wp\/v2\/tags?post=9186"}],"curies":[{"name":"wp","href":"https:\/\/api.w.org\/{rel}","templated":true}]}}