{"id":90509,"date":"2025-02-25T11:30:21","date_gmt":"2025-02-25T11:30:21","guid":{"rendered":"http:\/\/www.friaguinee.net\/?p=90509"},"modified":"2025-02-25T11:30:22","modified_gmt":"2025-02-25T11:30:22","slug":"trois-ans-dinvasion-en-ukraine-le-regard-du-journaliste-thierno-amadou-mbonet-camara","status":"publish","type":"post","link":"https:\/\/www.friaguinee.net\/index.php\/2025\/02\/25\/trois-ans-dinvasion-en-ukraine-le-regard-du-journaliste-thierno-amadou-mbonet-camara\/","title":{"rendered":"Trois ans d\u2019invasion en Ukraine : le regard du journaliste Thierno Amadou M\u2019Bonet Camara"},"content":{"rendered":"\n<p>La d\u00e9l\u00e9gation de l\u2019Union europ\u00e9enne en Guin\u00e9e a organis\u00e9 un point de presse ce lundi 24 f\u00e9vrier 2025, marquant la troisi\u00e8me ann\u00e9e depuis l\u2019invasion de l\u2019Ukraine par la Russie. Aux c\u00f4t\u00e9s de l\u2019ambassadrice de l\u2019Union europ\u00e9enne en Guin\u00e9e, des ambassadeurs de la France, d\u2019Allemagne, d\u2019Espagne, d\u2019Italie et du consul honoraire d\u2019Ukraine, le journaliste guin\u00e9en Thierno Amadou M\u2019Bonet Camara a livr\u00e9 son t\u00e9moignage poignant sur la r\u00e9alit\u00e9 du conflit.&nbsp;<\/p>\n\n\n\n<p>Lors de cette conf\u00e9rence de presse, Thierno Amadou M\u2019Bonet Camara a partag\u00e9 son exp\u00e9rience de journaliste en Ukraine, o\u00f9 il s\u2019est rendu \u00e0 plusieurs reprises entre 2023 et 2024 pour documenter les effets de la guerre. \u00ab J\u2019ai eu l\u2019opportunit\u00e9, avec d\u2019autres journalistes africains, de rencontrer des hautes personnalit\u00e9s du pays, y compris le pr\u00e9sident et la premi\u00e8re dame. Cette guerre ne se limite pas \u00e0 un conflit russo-ukrainien ; elle a une port\u00e9e mondiale, \u00bb a-t-il affirm\u00e9, soulignant l\u2019impact \u00e9conomique mondial, notamment la flamb\u00e9e des prix ressentie jusqu\u2019en Afrique.&nbsp;<\/p>\n\n\n\n<figure class=\"wp-block-image\"><img decoding=\"async\" src=\"https:\/\/guinee114.com\/wp-content\/uploads\/2025\/02\/MBonet.jpg\" alt=\"\" class=\"wp-image-67186\"\/><\/figure>\n\n\n\n<p>Le journaliste a \u00e9galement mis en avant la volont\u00e9 de l\u2019Ukraine de renforcer ses liens avec le continent africain. \u00ab L\u2019Ukraine reconna\u00eet qu\u2019elle s\u2019est quelque peu \u00e9loign\u00e9e de l\u2019Afrique par le pass\u00e9, mais elle fait aujourd\u2019hui des efforts pour s\u2019en rapprocher, notamment en ouvrant de nouvelles ambassades, \u00bb a-t-il expliqu\u00e9.&nbsp;<\/p>\n\n\n\n<p>Thierno Amadou M\u2019Bonet Camara a \u00e9galement soulign\u00e9 la difficult\u00e9 de l\u2019Ukraine \u00e0 faire entendre son discours en Afrique. \u00ab Beaucoup de pays africains, qui ont eux-m\u00eames lutt\u00e9 pour leur ind\u00e9pendance, ont du mal \u00e0 comprendre que l\u2019Ukraine se bat aujourd\u2019hui pour sa propre souverainet\u00e9. Cela est en partie d\u00fb \u00e0 une d\u00e9sinformation persistante, qui pr\u00e9sente ce conflit comme une guerre par procuration entre l\u2019Union europ\u00e9enne et la Russie, alors qu\u2019il s\u2019agit avant tout d\u2019une lutte pour la survie de l\u2019Ukraine, \u00bb a-t-il expliqu\u00e9.&nbsp;<\/p>\n\n\n\n<figure class=\"wp-block-image\"><img decoding=\"async\" src=\"https:\/\/guinee114.com\/wp-content\/uploads\/2025\/02\/UE-en-Guinee.jpg\" alt=\"Trois ans d\u2019invasion en Ukraine : le regard du journaliste Thierno Amadou M\u2019Bonet Camara\" class=\"wp-image-67187\"\/><\/figure>\n\n\n\n<p>Il a \u00e9galement tenu \u00e0 rectifier certaines id\u00e9es re\u00e7ues sur les relations historiques entre la Guin\u00e9e et la Russie. \u00ab On parle souvent de nos liens avec la Russie depuis l\u2019ind\u00e9pendance, mais il faut rappeler que ces relations existaient avec l\u2019URSS dans son ensemble, y compris l\u2019Ukraine. Ce pass\u00e9 ne peut donc pas \u00eatre invoqu\u00e9 uniquement au profit de la Russie, \u00bb a-t-il pr\u00e9cis\u00e9.&nbsp;<\/p>\n\n\n\n<p>Interrog\u00e9 par Madame Jolita Pons sur ce qui l\u2019avait le plus marqu\u00e9 sur le terrain, Thierno Amadou M\u2019Bonet Camara a salu\u00e9 le courage du peuple ukrainien face \u00e0 l\u2019adversit\u00e9. \u00ab Lorsque l\u2019on entend parler de la guerre de loin, cela semble abstrait. Mais sur place, on constate que de nombreux Ukrainiens auraient pu fuir, et pourtant, ils sont rest\u00e9s pour d\u00e9fendre leur pays. C\u2019est une forme de patriotisme remarquable, \u00bb a-t-il t\u00e9moign\u00e9.&nbsp;<\/p>\n\n\n\n<p>Il a \u00e9galement r\u00e9agi \u00e0 une pol\u00e9mique li\u00e9e \u00e0 une d\u00e9claration du pr\u00e9sident ukrainien Volodymyr Zelensky, qui se disait pr\u00eat \u00e0 quitter son poste si cela pouvait garantir l\u2019adh\u00e9sion de l\u2019Ukraine \u00e0 l\u2019OTAN. \u00ab Certains consid\u00e8rent cette d\u00e9claration comme un manque de courage. Mais ils ignorent la r\u00e9alit\u00e9 du terrain et la r\u00e9silience extraordinaire du peuple ukrainien face \u00e0 une superpuissance militaire, \u00bb a-t-il d\u00e9clar\u00e9.&nbsp;<\/p>\n\n\n\n<figure class=\"wp-block-image\"><img decoding=\"async\" src=\"https:\/\/guinee114.com\/wp-content\/uploads\/2025\/02\/UE-en-Guinee1.jpg\" alt=\"Trois ans d\u2019invasion en Ukraine : le regard du journaliste Thierno Amadou M\u2019Bonet Camara\" class=\"wp-image-67188\"\/><\/figure>\n\n\n\n<p>Le journaliste guin\u00e9en a conclu son intervention en pr\u00e9sentant son ouvrage, publi\u00e9 chez L\u2019Harmattan, qui relate son exp\u00e9rience en Ukraine. \u00ab Ce livre d\u00e9crit non seulement mon travail de journaliste sur le terrain, mais aussi mes r\u00e9flexions personnelles sur cette guerre qui bouleverse l\u2019ordre mondial, \u00bb a-t-il affirm\u00e9, exprimant son espoir d\u2019avoir d\u2019autres opportunit\u00e9s d\u2019\u00e9changer sur ce sujet.&nbsp;<\/p>\n\n\n\n<p>Par ce t\u00e9moignage, Thierno Amadou M\u2019Bonet Camara apporte un regard africain sur un conflit qui, bien qu\u2019\u00e9loign\u00e9 g\u00e9ographiquement, a des r\u00e9percussions jusqu\u2019au c\u0153ur du continent. Un rappel que, dans un monde globalis\u00e9, aucune guerre n\u2019est isol\u00e9e.&nbsp;<\/p>\n\n\n\n<p><strong>Thierno Amadou M\u2019Bonet Camara journaliste<\/strong><\/p>\n\n\n\n<p><\/p>\n","protected":false},"excerpt":{"rendered":"<p>La d\u00e9l\u00e9gation de l\u2019Union europ\u00e9enne en Guin\u00e9e a organis\u00e9 un point de presse ce lundi 24 f\u00e9vrier 2025, marquant la troisi\u00e8me ann\u00e9e depuis l\u2019invasion de l\u2019Ukraine par la Russie. Aux c\u00f4t\u00e9s de l\u2019ambassadrice de l\u2019Union europ\u00e9enne en Guin\u00e9e, des ambassadeurs de la France, d\u2019Allemagne, d\u2019Espagne, d\u2019Italie et du consul honoraire d\u2019Ukraine, le journaliste guin\u00e9en Thierno [&hellip;]<\/p>\n","protected":false},"author":3,"featured_media":90510,"comment_status":"open","ping_status":"open","sticky":false,"template":"","format":"standard","meta":{"footnotes":""},"categories":[8474],"tags":[],"class_list":["post-90509","post","type-post","status-publish","format-standard","has-post-thumbnail","hentry","category-editorial"],"_links":{"self":[{"href":"https:\/\/www.friaguinee.net\/index.php\/wp-json\/wp\/v2\/posts\/90509","targetHints":{"allow":["GET"]}}],"collection":[{"href":"https:\/\/www.friaguinee.net\/index.php\/wp-json\/wp\/v2\/posts"}],"about":[{"href":"https:\/\/www.friaguinee.net\/index.php\/wp-json\/wp\/v2\/types\/post"}],"author":[{"embeddable":true,"href":"https:\/\/www.friaguinee.net\/index.php\/wp-json\/wp\/v2\/users\/3"}],"replies":[{"embeddable":true,"href":"https:\/\/www.friaguinee.net\/index.php\/wp-json\/wp\/v2\/comments?post=90509"}],"version-history":[{"count":1,"href":"https:\/\/www.friaguinee.net\/index.php\/wp-json\/wp\/v2\/posts\/90509\/revisions"}],"predecessor-version":[{"id":90511,"href":"https:\/\/www.friaguinee.net\/index.php\/wp-json\/wp\/v2\/posts\/90509\/revisions\/90511"}],"wp:featuredmedia":[{"embeddable":true,"href":"https:\/\/www.friaguinee.net\/index.php\/wp-json\/wp\/v2\/media\/90510"}],"wp:attachment":[{"href":"https:\/\/www.friaguinee.net\/index.php\/wp-json\/wp\/v2\/media?parent=90509"}],"wp:term":[{"taxonomy":"category","embeddable":true,"href":"https:\/\/www.friaguinee.net\/index.php\/wp-json\/wp\/v2\/categories?post=90509"},{"taxonomy":"post_tag","embeddable":true,"href":"https:\/\/www.friaguinee.net\/index.php\/wp-json\/wp\/v2\/tags?post=90509"}],"curies":[{"name":"wp","href":"https:\/\/api.w.org\/{rel}","templated":true}]}}