{"id":9038,"date":"2019-06-08T09:04:05","date_gmt":"2019-06-08T09:04:05","guid":{"rendered":"http:\/\/www.friaguinee.net\/?p=9038"},"modified":"2019-06-08T09:04:10","modified_gmt":"2019-06-08T09:04:10","slug":"fria-lerudit-tresse-les-couronnes-aux-journalistes","status":"publish","type":"post","link":"https:\/\/www.friaguinee.net\/index.php\/2019\/06\/08\/fria-lerudit-tresse-les-couronnes-aux-journalistes\/","title":{"rendered":"Fria: l&rsquo;Erudit tresse les couronnes aux journalistes"},"content":{"rendered":"\n<p style=\"text-align:right\">FRIA- En marge de la c\u00e9r\u00e9monie de remise de don de vivres aux forgerons et aux cordonniers exer\u00e7ant dans la ville de Fria, l\u2019Erudit Elhadj Mouctar AmineDoumbouya n\u2019a pas tari d\u2019\u00e9loges \u00e0 l\u2019endroit des hommes de m\u00e9dias.<\/p>\n\n\n\n<p>Dans le discours qu\u2019il a tenu pour la circonstance, le grand\nWaliou, apr\u00e8s avoir reconnu l\u2019importance des forgerons et des cordonniers, a\ninvit\u00e9 l\u2019auditoire \u00e0 accorder de l\u2019importance aux hommes de m\u00e9dias.<\/p>\n\n\n\n<p>\u00ab&nbsp;<strong><em>Les journalistes sont des personnes utiles \u00e0\nla soci\u00e9t\u00e9, c\u2019est gr\u00e2ce \u00e0 eux que nous avons les vraies informations, c\u2019est\ngr\u00e2ce \u00e0 eux que tout le monde est inform\u00e9 de tout ce qui se passe. Celui qui\nveut que ses actions soient connues, doit collaborer avec les journalistes, Moi\nj\u2019aime ce qu\u2019ils font, c\u2019est pourquoi je suis tout le temps avec eux. Je vous\ninvite \u00e0 les aimer, \u00e0 vous approcher d\u2019eux, \u00e0 faire des b\u00e9n\u00e9dictions pour eux\ncar ils exercent un m\u00e9tier noble<\/em><\/strong>&nbsp;\u00bb a-t-il magnifi\u00e9.<\/p>\n\n\n\n<p>Pour mat\u00e9rialiser ses propos, le Khalif a fait des pri\u00e8res et\nb\u00e9n\u00e9dictions pour toute la corporation avant d\u2019offrir des vivres \u00e0 tous les\njournalistes qui \u00e9taient pr\u00e9sents.<\/p>\n\n\n\n<p><strong>Dj\u00e9nabou\nBatco Diallo pour friaguinee.net<\/strong><\/p>\n","protected":false},"excerpt":{"rendered":"<p>FRIA- En marge de la c\u00e9r\u00e9monie de remise de don de vivres aux forgerons et aux cordonniers exer\u00e7ant dans la ville de Fria, l\u2019Erudit Elhadj Mouctar AmineDoumbouya n\u2019a pas tari d\u2019\u00e9loges \u00e0 l\u2019endroit des hommes de m\u00e9dias. Dans le discours qu\u2019il a tenu pour la circonstance, le grand Waliou, apr\u00e8s avoir reconnu l\u2019importance des forgerons [&hellip;]<\/p>\n","protected":false},"author":2,"featured_media":9039,"comment_status":"open","ping_status":"open","sticky":false,"template":"","format":"standard","meta":{"footnotes":""},"categories":[9],"tags":[914,911,910,912,49,915,913],"class_list":["post-9038","post","type-post","status-publish","format-standard","has-post-thumbnail","hentry","category-publireportage","tag-couronnes","tag-doumbouya","tag-elhadj","tag-erudit","tag-fria","tag-journalistes","tag-tresse"],"_links":{"self":[{"href":"https:\/\/www.friaguinee.net\/index.php\/wp-json\/wp\/v2\/posts\/9038","targetHints":{"allow":["GET"]}}],"collection":[{"href":"https:\/\/www.friaguinee.net\/index.php\/wp-json\/wp\/v2\/posts"}],"about":[{"href":"https:\/\/www.friaguinee.net\/index.php\/wp-json\/wp\/v2\/types\/post"}],"author":[{"embeddable":true,"href":"https:\/\/www.friaguinee.net\/index.php\/wp-json\/wp\/v2\/users\/2"}],"replies":[{"embeddable":true,"href":"https:\/\/www.friaguinee.net\/index.php\/wp-json\/wp\/v2\/comments?post=9038"}],"version-history":[{"count":1,"href":"https:\/\/www.friaguinee.net\/index.php\/wp-json\/wp\/v2\/posts\/9038\/revisions"}],"predecessor-version":[{"id":9041,"href":"https:\/\/www.friaguinee.net\/index.php\/wp-json\/wp\/v2\/posts\/9038\/revisions\/9041"}],"wp:featuredmedia":[{"embeddable":true,"href":"https:\/\/www.friaguinee.net\/index.php\/wp-json\/wp\/v2\/media\/9039"}],"wp:attachment":[{"href":"https:\/\/www.friaguinee.net\/index.php\/wp-json\/wp\/v2\/media?parent=9038"}],"wp:term":[{"taxonomy":"category","embeddable":true,"href":"https:\/\/www.friaguinee.net\/index.php\/wp-json\/wp\/v2\/categories?post=9038"},{"taxonomy":"post_tag","embeddable":true,"href":"https:\/\/www.friaguinee.net\/index.php\/wp-json\/wp\/v2\/tags?post=9038"}],"curies":[{"name":"wp","href":"https:\/\/api.w.org\/{rel}","templated":true}]}}