{"id":90238,"date":"2024-11-18T12:56:39","date_gmt":"2024-11-18T12:56:39","guid":{"rendered":"http:\/\/www.friaguinee.net\/?p=90238"},"modified":"2024-11-18T12:56:40","modified_gmt":"2024-11-18T12:56:40","slug":"le-recap-elections-legislatives-vers-une-majorite-absolue-pour-pastef-les-leaders-de-lopposition-sinclinent","status":"publish","type":"post","link":"https:\/\/www.friaguinee.net\/index.php\/2024\/11\/18\/le-recap-elections-legislatives-vers-une-majorite-absolue-pour-pastef-les-leaders-de-lopposition-sinclinent\/","title":{"rendered":"[Le R\u00e9cap] \u00c9lections l\u00e9gislatives: vers une majorit\u00e9 absolue pour PASTEF, les leaders de l\u2019opposition s\u2019inclinent"},"content":{"rendered":"\n<p>Le parti au pouvoir PASTEF se dirige vers une tr\u00e8s large majorit\u00e9 absolue au Parlement au lendemain de l\u00e9gislatives cens\u00e9es donner au pr\u00e9sident et au Premier ministre les moyens de mener d\u2019amples r\u00e9formes, selon des projections publi\u00e9es lundi \u00e0 partir de r\u00e9sultats provisoires.<\/p>\n\n\n\n<p>La radio RFM cr\u00e9dite le Pastef de 119 si\u00e8ges sur 165 \u00e0 l\u2019Assembl\u00e9e nationale.<\/p>\n\n\n\n<p>PASTEF a remport\u00e9 dimanche \u00ab&nbsp;une large victoire&nbsp;\u00bb aux l\u00e9gislatives, a indiqu\u00e9 le porte-parole du gouvernement. Elle devrait permettre aux dirigeants d\u2019appliquer l\u2019agenda de rupture et de justice sociale avec lequel ils ont \u00e9t\u00e9 port\u00e9s au pouvoir il y a huit mois.<\/p>\n\n\n\n<p><em>\u00ab&nbsp;Je rends hommage au peuple s\u00e9n\u00e9galais pour la large victoire qu\u2019il a donn\u00e9e \u00e0 Pastef&nbsp;\u00bb, le parti du pr\u00e9sident et du Premier ministre, a d\u00e9clar\u00e9 le porte-parole du gouvernement Amadou Moustapha Ndieck Sarr\u00e9 sur la cha\u00eene TFM, en pr\u00e9cisant \u00eatre en possession de \u00ab&nbsp;90 \u00e0 95% des r\u00e9sultats&nbsp;\u00bb<\/em>.<\/p>\n\n\n\n<p><em>\u00ab&nbsp;Les tendances lourdes montrent que Pastef aura une majorit\u00e9 qualifi\u00e9e&nbsp;\u00bb<\/em>, a-t-il dit sans pr\u00e9ciser combien le Pastef aurait de si\u00e8ges.<\/p>\n\n\n\n<p>Le Pastef arrive en t\u00eate dans une grande majorit\u00e9 des centres de vote dont les m\u00e9dias ont annonc\u00e9 les r\u00e9sultats provisoires au fur et \u00e0 mesure de leur affichage.<\/p>\n\n\n\n<p>Deux des principales t\u00eates de liste de l\u2019opposition, le maire de Dakar Barth\u00e9l\u00e9my Dias et le deuxi\u00e8me de la pr\u00e9sidentielle de 2024 Amadou Ba, ainsi que d\u2019autres adversaires du Pastef ont f\u00e9licit\u00e9 ce dernier.<\/p>\n\n\n\n<p>Le Pastef a battu MM. Dias et Ba dans leur bureau de vote, selon les r\u00e9sultats partiels.<\/p>\n\n\n\n<p>Le chef du gouvernement Ousmane Sonko l\u2019emporte largement dans son bureau \u00e0 Ziguinchor (sud), indiquent ces r\u00e9sultats.<\/p>\n\n\n\n<p>Aucun incident significatif n\u2019a \u00e9t\u00e9 rapport\u00e9. La coalition Takku Wallu S\u00e9n\u00e9gal de l\u2019ancien pr\u00e9sident Macky Sall a cependant d\u00e9nonc\u00e9 dans un communiqu\u00e9 une \u00ab&nbsp;fraude massive organis\u00e9e par le Pastef&nbsp;\u00bb.<\/p>\n\n\n\n<p><em>\u2018\u2019Au-del\u00e0 des comp\u00e9titions \u00e9lectorales, c\u2019est le S\u00e9n\u00e9gal qui doit toujours gagner. C\u2019est le S\u00e9n\u00e9gal qui a encore gagn\u00e9\u2019\u2019<\/em>, a ajout\u00e9 l\u2019ancien Premier ministre.<\/p>\n\n\n\n<p>Barth\u00e9l\u00e9my Dias a aussi reconnu la victoire du parti d\u2019Ousmane Sonko. \u2018\u2019En ma qualit\u00e9 de t\u00eate de liste de la coalition S\u00e0mm Sa K\u00e0ddu, je tiens \u00e0 f\u00e9liciter chaleureusement le vainqueur des \u00e9lections, Pastef, pour sa victoire\u2019\u2019, a r\u00e9agi M. Dias sur sa page Facebook.<\/p>\n\n\n\n<p><em>\u2018\u2019J\u2019exhorte le camp pr\u00e9sidentiel \u00e0 d\u00e9sormais se pencher sur la satisfaction des besoins des S\u00e9n\u00e9galais\u2019\u2019<\/em>, a \u00e9crit l\u2019opposant Bougane Gu\u00e8ye Dany, l\u2019un des colistiers du maire de Dakar.<\/p>\n\n\n\n<p><em>\u2018\u2019Les S\u00e9n\u00e9galais ont vot\u00e9 et confirm\u00e9 leur choix du 24 mars dernier [l\u2019\u00e9lection de Bassirou Diomaye Faye, l\u2019un des leaders de Pastef]. Je remercie mes camarades de S\u00e0mm Sa K\u00e0ddu pour l\u2019engagement et la d\u00e9termination manifest\u00e9s durant la campagne. Nous en tirons toutes les cons\u00e9quences et r\u00e9it\u00e9rons notre ancrage dans l\u2019opposition\u2019\u2019<\/em>, a-t-il ajout\u00e9.<\/p>\n\n\n\n<p><em>\u00ab&nbsp;Vox populi, vox dei. F\u00e9licitations \u00e0 Pastef. Comme tout individu, la d\u00e9mocratie a besoin de 2 poumons (gouvernement et opposition)pour bien respirer. D\u00e9s demain continuons \u00e0 travailler sur l\u2019alternative en attendant l\u2019alternance qui est la respiration naturelle de la d\u00e9mocratie&nbsp;\u00bb<\/em>, a pour sa part r\u00e9agi Yoro Dia, proche de l\u2019ancien Pr\u00e9sident Macky Sall.<\/p>\n\n\n\n<p><em>\u00ab&nbsp;F\u00e9licitations \u00e0 la coalition Pastef pour sa victoire aux l\u00e9gislatives 2024. Cette \u00e9lection t\u00e9moigne de la vivacit\u00e9 d\u00e9mocratique de notre cher Peuple s\u00e9n\u00e9galais. Merci aux militants et sympathisants qui m\u2019ont fait confiance \u00e0 moi-m\u00eame, \u00e0 la coalition Samm Sa Kaddu et \u00e0 ARC !&nbsp;\u00bb<\/em>, a comment\u00e9 Anta Babacar Ngom, membre de la coalition Samm Sa Kaddu.<\/p>\n\n\n\n<p><strong>Avec Seneweb<\/strong><\/p>\n","protected":false},"excerpt":{"rendered":"<p>Le parti au pouvoir PASTEF se dirige vers une tr\u00e8s large majorit\u00e9 absolue au Parlement au lendemain de l\u00e9gislatives cens\u00e9es donner au pr\u00e9sident et au Premier ministre les moyens de mener d\u2019amples r\u00e9formes, selon des projections publi\u00e9es lundi \u00e0 partir de r\u00e9sultats provisoires. La radio RFM cr\u00e9dite le Pastef de 119 si\u00e8ges sur 165 \u00e0 [&hellip;]<\/p>\n","protected":false},"author":3,"featured_media":90239,"comment_status":"open","ping_status":"open","sticky":false,"template":"","format":"standard","meta":{"footnotes":""},"categories":[42],"tags":[],"class_list":["post-90238","post","type-post","status-publish","format-standard","has-post-thumbnail","hentry","category-afrique"],"_links":{"self":[{"href":"https:\/\/www.friaguinee.net\/index.php\/wp-json\/wp\/v2\/posts\/90238","targetHints":{"allow":["GET"]}}],"collection":[{"href":"https:\/\/www.friaguinee.net\/index.php\/wp-json\/wp\/v2\/posts"}],"about":[{"href":"https:\/\/www.friaguinee.net\/index.php\/wp-json\/wp\/v2\/types\/post"}],"author":[{"embeddable":true,"href":"https:\/\/www.friaguinee.net\/index.php\/wp-json\/wp\/v2\/users\/3"}],"replies":[{"embeddable":true,"href":"https:\/\/www.friaguinee.net\/index.php\/wp-json\/wp\/v2\/comments?post=90238"}],"version-history":[{"count":1,"href":"https:\/\/www.friaguinee.net\/index.php\/wp-json\/wp\/v2\/posts\/90238\/revisions"}],"predecessor-version":[{"id":90240,"href":"https:\/\/www.friaguinee.net\/index.php\/wp-json\/wp\/v2\/posts\/90238\/revisions\/90240"}],"wp:featuredmedia":[{"embeddable":true,"href":"https:\/\/www.friaguinee.net\/index.php\/wp-json\/wp\/v2\/media\/90239"}],"wp:attachment":[{"href":"https:\/\/www.friaguinee.net\/index.php\/wp-json\/wp\/v2\/media?parent=90238"}],"wp:term":[{"taxonomy":"category","embeddable":true,"href":"https:\/\/www.friaguinee.net\/index.php\/wp-json\/wp\/v2\/categories?post=90238"},{"taxonomy":"post_tag","embeddable":true,"href":"https:\/\/www.friaguinee.net\/index.php\/wp-json\/wp\/v2\/tags?post=90238"}],"curies":[{"name":"wp","href":"https:\/\/api.w.org\/{rel}","templated":true}]}}