{"id":90107,"date":"2024-10-16T11:16:36","date_gmt":"2024-10-16T11:16:36","guid":{"rendered":"http:\/\/www.friaguinee.net\/?p=90107"},"modified":"2024-10-16T11:16:38","modified_gmt":"2024-10-16T11:16:38","slug":"ouverture-de-la-9eme-edition-du-festival-international-de-theatre-de-guinee-discours-de-monsieur-le-ministre-de-la-culture-du-tourisme-et-de-lartisanat","status":"publish","type":"post","link":"https:\/\/www.friaguinee.net\/index.php\/2024\/10\/16\/ouverture-de-la-9eme-edition-du-festival-international-de-theatre-de-guinee-discours-de-monsieur-le-ministre-de-la-culture-du-tourisme-et-de-lartisanat\/","title":{"rendered":"Ouverture de la 9\u00e8me Edition du\u00a0 Festival International de Th\u00e9\u00e2tre de Guin\u00e9e : discours de Monsieur le Ministre de la Culture, du Tourisme et de l&rsquo;Artisanat"},"content":{"rendered":"\n<p><strong>Discours de Monsieur le Ministre de la Culture, du Tourisme et de l\u2019Artisanat \u00e0 l\u2019ouverture du 9\u00e8me Festival International de Th\u00e9\u00e2tre de Guin\u00e9e<\/strong><\/p>\n\n\n\n<p><strong>Monsieur le Directeur de l\u2019Agence Culturelle FESTI-KALOUM,<\/strong><\/p>\n\n\n\n<p><strong>Madame la Directrice du Centre Culturel Franco-Guin\u00e9en,<\/strong><\/p>\n\n\n\n<p><strong>Madame la Directrice du 9\u00e8me Festival International de Th\u00e9\u00e2tre de Guin\u00e9e,<\/strong><\/p>\n\n\n\n<p><strong>Mesdames et Messieurs,<\/strong><\/p>\n\n\n\n<p><strong>Distingu\u00e9s invit\u00e9s,<\/strong><\/p>\n\n\n\n<p><strong>Chers amis artistes, acteurs, et passionn\u00e9s de th\u00e9\u00e2tre,<\/strong><\/p>\n\n\n\n<p>C\u2019est avec une immense joie et un profond honneur que nous nous tenons devant vous aujourd\u2019hui \u00e0 l\u2019occasion de l\u2019ouverture de la 9\u00e8me \u00e9dition du Festival International de Th\u00e9\u00e2tre de Guin\u00e9e, initi\u00e9e par l\u2019Agence Culturelle FESTI-KALOUM. Nous avons le plaisir d\u2019accueillir des artistes, des compagnies de th\u00e9\u00e2tre, et des passionn\u00e9s venus de divers horizons, unis par notre amour commun pour l\u2019art et la culture.<\/p>\n\n\n\n<p>Au nom de son Excellence Monsieur le Pr\u00e9sident de la R\u00e9publique, Chef de l\u2019\u00c9tat et Chef Supr\u00eame des Arm\u00e9es, le G\u00e9n\u00e9ral Mamadi Doumbouya, nous souhaitons la plus cordiale bienvenue et un excellent s\u00e9jour aux artistes venus de France, du Mali, de la C\u00f4te d\u2019Ivoire, du Congo, et du Cameroun. Votre pr\u00e9sence t\u00e9moigne de l\u2019universalit\u00e9 de l\u2019art th\u00e9\u00e2tral et de son pouvoir de rassembler les peuples au-del\u00e0 des fronti\u00e8res.<\/p>\n\n\n\n<p>Le th\u00e9\u00e2tre, comme vous le savez, ne se limite pas \u00e0 la sc\u00e8ne. Il est un miroir de notre soci\u00e9t\u00e9, une voix pour les sans-voix, un moyen d\u2019expression qui transcende les barri\u00e8res linguistiques et culturelles. \u00c0 travers les ann\u00e9es, ce festival est devenu un espace de rencontres vital o\u00f9 les id\u00e9es s\u2019\u00e9changent, o\u00f9 la cr\u00e9ativit\u00e9 s\u2019\u00e9panouit, et o\u00f9 l\u2019identit\u00e9 culturelle guin\u00e9enne est c\u00e9l\u00e9br\u00e9e dans toute sa richesse et sa diversit\u00e9. Il est le t\u00e9moignage vivant de notre engagement \u00e0 faire de la culture un pilier du d\u00e9veloppement et de la coh\u00e9sion sociale.<\/p>\n\n\n\n<p>Cette \u00e9dition du Festival International de Th\u00e9\u00e2tre de Guin\u00e9e rev\u00eat une symbolique particuli\u00e8re. Elle se d\u00e9roule \u00e0 un moment o\u00f9 notre pays, \u00e0 l\u2019instar de nombreuses nations \u00e0 travers le monde, fait face \u00e0 des d\u00e9fis majeurs. En tant que gardiens de notre culture, nous avons le devoir de nous unir pour promouvoir l\u2019art et la culture comme des moteurs de changement social et de d\u00e9veloppement. Le th\u00e9\u00e2tre, avec son pouvoir de toucher les c\u0153urs et d\u2019\u00e9veiller les consciences, joue un r\u00f4le fondamental dans cette mission. Il est un outil puissant pour sensibiliser, \u00e9duquer et mobiliser nos concitoyens autour de valeurs de paix, de tol\u00e9rance et de solidarit\u00e9.<\/p>\n\n\n\n<p>Nous tenons \u00e0 f\u00e9liciter tous les artistes et les compagnies de th\u00e9\u00e2tre qui participent \u00e0 cet \u00e9v\u00e9nement. Votre engagement et votre cr\u00e9ativit\u00e9, que vous exprimez sur sc\u00e8ne, sont une source d\u2019inspiration pour nous tous. Vous apportez des perspectives nouvelles sur les r\u00e9alit\u00e9s sociales, vous questionnez, vous d\u00e9fendez et vous c\u00e9l\u00e9brez notre humanit\u00e9 commune. Gr\u00e2ce \u00e0 vous, le th\u00e9\u00e2tre devient un espace de dialogue et de transformation.<\/p>\n\n\n\n<p>Durant ce festival, nous aurons l\u2019honneur d\u2019assister \u00e0 des performances qui inviteront \u00e0 la r\u00e9flexion, \u00e0 l\u2019\u00e9motion et \u00e0 la d\u00e9couverte. Nous vous encourageons, chers spectateurs, \u00e0 vous immerger pleinement dans ces r\u00e9cits, \u00e0 engager un dialogue enrichissant avec les artistes, et \u00e0 partager vos impressions. Ces \u00e9changes sont la cl\u00e9 pour renforcer notre coh\u00e9sion sociale et notre vivre-ensemble.<\/p>\n\n\n\n<p>Nous voudrions exprimer notre gratitude \u00e0 nos partenaires, sponsors, et toutes les personnes qui ont \u0153uvr\u00e9 avec d\u00e9termination pour faire de ce festival un succ\u00e8s. Sans votre d\u00e9vouement et votre soutien, cet \u00e9v\u00e9nement n\u2019aurait pas \u00e9t\u00e9 possible. Vous \u00eates les b\u00e2tisseurs de cette dynamique culturelle qui enrichit notre nation.<\/p>\n\n\n\n<p>Par ailleurs, nous tenons \u00e0 rassurer les acteurs et actrices du monde culturel qu\u2019en suivant les orientations de Son Excellence le Pr\u00e9sident de la R\u00e9publique, le G\u00e9n\u00e9ral de Corps d\u2019Arm\u00e9e Mamadi Doumbouya, l\u2019\u00c9tat guin\u00e9en continuera de soutenir activement les festivals et \u00e9v\u00e9nements culturels de notre pays. Toutes les mesures n\u00e9cessaires seront mises en place pour faciliter le financement des activit\u00e9s artistiques et culturelles en Guin\u00e9e, car nous croyons fermement que la culture est un vecteur essentiel de d\u00e9veloppement durable et de rayonnement international.<\/p>\n\n\n\n<p>Enfin, nous vous invitons tous \u00e0 c\u00e9l\u00e9brer ensemble cette belle aventure th\u00e9\u00e2trale. D\u00e9couvrons, apprenons et partageons ces moments uniques. Que ce festival soit une v\u00e9ritable f\u00eate de l\u2019art vivant, de la cr\u00e9ativit\u00e9, et du dialogue interculturel, unissant les peuples et les cultures.<\/p>\n\n\n\n<p>Sur ce, je d\u00e9clare officiellement ouvert le 9\u00e8me Festival International de Th\u00e9\u00e2tre de Guin\u00e9e.<\/p>\n\n\n\n<p><strong>Merci \u00e0 toutes et \u00e0 tous. Que la f\u00eate commence et que le th\u00e9\u00e2tre vive !<\/strong><\/p>\n\n\n\n<p><strong>Friaguinee.net<\/strong><\/p>\n","protected":false},"excerpt":{"rendered":"<p>Discours de Monsieur le Ministre de la Culture, du Tourisme et de l\u2019Artisanat \u00e0 l\u2019ouverture du 9\u00e8me Festival International de Th\u00e9\u00e2tre de Guin\u00e9e Monsieur le Directeur de l\u2019Agence Culturelle FESTI-KALOUM, Madame la Directrice du Centre Culturel Franco-Guin\u00e9en, Madame la Directrice du 9\u00e8me Festival International de Th\u00e9\u00e2tre de Guin\u00e9e, Mesdames et Messieurs, Distingu\u00e9s invit\u00e9s, Chers amis [&hellip;]<\/p>\n","protected":false},"author":3,"featured_media":90108,"comment_status":"open","ping_status":"open","sticky":false,"template":"","format":"standard","meta":{"footnotes":""},"categories":[8],"tags":[],"class_list":["post-90107","post","type-post","status-publish","format-standard","has-post-thumbnail","hentry","category-culture"],"_links":{"self":[{"href":"https:\/\/www.friaguinee.net\/index.php\/wp-json\/wp\/v2\/posts\/90107","targetHints":{"allow":["GET"]}}],"collection":[{"href":"https:\/\/www.friaguinee.net\/index.php\/wp-json\/wp\/v2\/posts"}],"about":[{"href":"https:\/\/www.friaguinee.net\/index.php\/wp-json\/wp\/v2\/types\/post"}],"author":[{"embeddable":true,"href":"https:\/\/www.friaguinee.net\/index.php\/wp-json\/wp\/v2\/users\/3"}],"replies":[{"embeddable":true,"href":"https:\/\/www.friaguinee.net\/index.php\/wp-json\/wp\/v2\/comments?post=90107"}],"version-history":[{"count":1,"href":"https:\/\/www.friaguinee.net\/index.php\/wp-json\/wp\/v2\/posts\/90107\/revisions"}],"predecessor-version":[{"id":90109,"href":"https:\/\/www.friaguinee.net\/index.php\/wp-json\/wp\/v2\/posts\/90107\/revisions\/90109"}],"wp:featuredmedia":[{"embeddable":true,"href":"https:\/\/www.friaguinee.net\/index.php\/wp-json\/wp\/v2\/media\/90108"}],"wp:attachment":[{"href":"https:\/\/www.friaguinee.net\/index.php\/wp-json\/wp\/v2\/media?parent=90107"}],"wp:term":[{"taxonomy":"category","embeddable":true,"href":"https:\/\/www.friaguinee.net\/index.php\/wp-json\/wp\/v2\/categories?post=90107"},{"taxonomy":"post_tag","embeddable":true,"href":"https:\/\/www.friaguinee.net\/index.php\/wp-json\/wp\/v2\/tags?post=90107"}],"curies":[{"name":"wp","href":"https:\/\/api.w.org\/{rel}","templated":true}]}}