{"id":847,"date":"2018-01-09T20:52:49","date_gmt":"2018-01-09T19:52:49","guid":{"rendered":"http:\/\/www.friaguinee.net\/?p=847"},"modified":"2018-01-09T20:52:49","modified_gmt":"2018-01-09T19:52:49","slug":"tunisie-manifestations-contre-cherte-de-vie-tournent-a-laffrontement-violent","status":"publish","type":"post","link":"https:\/\/www.friaguinee.net\/index.php\/2018\/01\/09\/tunisie-manifestations-contre-cherte-de-vie-tournent-a-laffrontement-violent\/","title":{"rendered":"Tunisie : les manifestations contre la chert\u00e9 de la vie tournent \u00e0 l\u2019affrontement violent"},"content":{"rendered":"<p style=\"text-align: justify;\">Les manifestations qui se multiplient contre l&rsquo;augmentation des prix, suite \u00e0 la loi de finances 2018, ont tourn\u00e9 \u00e0 l&rsquo;affrontement dans plusieurs villes du pays. Un homme a succomb\u00e9 \u00e0 l&rsquo;inhalation des gaz lacrymog\u00e8nes \u00e0 T\u00e9bourba. Un sc\u00e9nario qui rappelle les \u00e9v\u00e9nements ayant conduit \u00e0 la chute du r\u00e9gime de Ben Ali.<\/p>\n<p style=\"text-align: justify;\">Des\u00a0affrontements ont \u00e9clat\u00e9, lundi 8 janvier, dans\u00a0<a href=\"http:\/\/www.jeuneafrique.com\/507291\/economie\/laugmentation-de-la-tva-provoque-un-tolle-en-tunisie\/\">plusieurs villes de Tunisie<\/a>\u00a0faisant un mort \u00e0 T\u00e9bourba (\u00e0 une quarantaine de kilom\u00e8tres de Tunis), selon le minist\u00e8re de l\u2019Int\u00e9rieur.<\/p>\n<p style=\"text-align: justify;\">Depuis l\u2019adoption de la loi de Finances 2018 ax\u00e9e essentiellement sur une augmentation des taxes, le feu couvait sous les cendres. \u00c0 Sidi Bouzid, Meknassy, Kasserine, Thala, Gafsa, T\u00e9bourba et Tunis, des manifestants ont exprim\u00e9s leur col\u00e8re face \u00e0 la flamb\u00e9e des prix et l\u2019acc\u00e9l\u00e9ration des projets programm\u00e9s par le gouvernement.<\/p>\n<p style=\"text-align: justify;\"><strong>Confrontation avec les forces de l\u2019ordre<\/strong><\/p>\n<p style=\"text-align: justify;\">Des tensions qui ont lieu alors que\u00a0la Tunisie est\u00a0<a href=\"http:\/\/www.jeuneafrique.com\/482723\/politique\/tunisie-letat-durgence-a-nouveau-prolonge-pour-un-mois\/\">en \u00e9tat d\u2019urgence depuis les attentats de 2015<\/a>.\u00a0 Un r\u00e9gime d\u2019exception qui octroie des pouvoirs d\u2019exception aux forces de l\u2019ordre, et permet notamment l\u2019interdiction de gr\u00e8ves et des r\u00e9unions \u00ab de nature \u00e0 provoquer le d\u00e9sordre \u00bb.<\/p>\n<p style=\"text-align: justify;\">Un peu partout, les manifestations ont tourn\u00e9 \u00e0 la confrontation avec les forces de l\u2019ordre, qui ont us\u00e9 de gaz lacrymog\u00e8nes en abondance pour disperser les manifestants. \u00c0 T\u00e9bourba, un jeune homme est mort. Il a succomb\u00e9 \u00e0 l\u2019inhalation de ces gaz, selon le minist\u00e8re de l\u2019Int\u00e9rieur.<\/p>\n<p style=\"text-align: justify;\">De quoi mettre le feu aux poudres : les protestations ont vir\u00e9 \u00e0 l\u2019\u00e9meute et au saccage notamment \u00e0 T\u00e9boura et \u00e0 Hay Ettadhamen, la plus importante cit\u00e9 populaire de Tunis. Des commer\u00e7ants ont tent\u00e9 de d\u00e9fendre leurs biens tandis que des agences bancaires et des grandes surfaces ont \u00e9t\u00e9 pill\u00e9es.<\/p>\n<p style=\"text-align: justify;\">Des habitants de Gafsa ont quitt\u00e9 la ville pour se diriger vers l\u2019Alg\u00e9rie.\u00a0\u00ab\u00a0Pauvret\u00e9, ch\u00f4mage, on quitte le pays ! \u00bb lan\u00e7ait l\u2019un d\u2019eux,\u00a0arborant le drapeau alg\u00e9rien.<\/p>\n<p style=\"text-align: justify;\">Le feu s\u2019est petit \u00e0 petit propag\u00e9 port\u00e9 par le collectif \u00ab\u00a0Fech Nestanaou\u00a0\u00bb (\u00ab\u00a0Qu\u2019attendons-nous\u00a0?\u00a0\u00bb) qui appelle \u00e0 des rassemblements r\u00e9gionaux le 12 janvier.\u00a0Jusque-l\u00e0 inconnu, ce groupe d\u2019activistes, dont plusieurs membres ont \u00e9t\u00e9 arr\u00eat\u00e9s \u00e0 Sousse, Bizerte et Tunis pour avoir tagu\u00e9 des murs et distribu\u00e9 des tracts protestant contre le co\u00fbt de la vie, semble tr\u00e8s bien coordonn\u00e9 et organis\u00e9 ; sans que l\u2019on connaisse ses sources de financement.<\/p>\n<p style=\"text-align: justify;\"><strong>Souvenir de la r\u00e9volution de 2011<\/strong><\/p>\n<p style=\"text-align: justify;\">Ces \u00e9v\u00e9nements rappellent ceux qui ont conduit \u00e0 la chute du r\u00e9gime de Ben Ali et \u00e0 la r\u00e9volution tunisienne du 14 janvier 2011. Sept ans plus tard, rien n\u2019a chang\u00e9 : les revendications sur l\u2019emploi et l\u2019\u00e9quit\u00e9 sociale sont les m\u00eames, avec une situation \u00e9conomique nettement plus d\u00e9grad\u00e9e. Et l\u2019espoir en moins.<\/p>\n<p style=\"text-align: justify;\">Signe que la crise est s\u00e9rieuse, la puissante Union g\u00e9n\u00e9rale tunisienne du travail (UGTT) qui soutenait jusque-l\u00e0 le gouvernement Youssef Chahed devient critique \u00e0 son \u00e9gard l\u2019enjoignant de\u00a0<a href=\"http:\/\/www.jeuneafrique.com\/501500\/politique\/tunisie-ce-que-contient-la-loi-de-finances-la-loi-de-finances-2018-finalement-adoptee\/\">revenir sur la loi de finances<\/a>\u00a0et l\u2019accusant d\u2019avoir failli aux engagements pris.<\/p>\n<p style=\"text-align: justify;\"><a href=\"http:\/\/www.jeuneafrique.com\/508057\/politique\/ennahdha-nidaa-tounes-divorce-a-la-tunisienne\/\">Gouvernement et partis au pouvoir<\/a>\u00a0semblent avoir \u00e9t\u00e9 pris de court et sont rest\u00e9s sans r\u00e9action. Un silence dont profitent les autres formations.<\/p>\n<p style=\"text-align: justify;\">Sa\u00efd A\u00efdi, ancien ministre et fondateur du parti Bani Watani (\u00ab\u00a0Les enfants de ma patrie\u00a0\u00bb), dresse\u00a0<a href=\"http:\/\/www.jeuneafrique.com\/495937\/economie\/budget-2018-en-tunisie-la-transition-economique-est-en-panne-selon-hakim-ben-hammouda\/\">un r\u00e9quisitoire sans concessions contre l\u2019ex\u00e9cutif<\/a>\u00a0: \u00ab\u00a0un gouvernement sans vision et \u00e0 court d\u2019id\u00e9es, un gouvernement qui, jour apr\u00e8s jour, se contente des effets d\u2019annonce sans suite\u00a0\u00bb.<\/p>\n<p style=\"text-align: justify;\">Selon lui, l\u2019\u00e9quipe au pouvoir est incapable de n\u00e9gocier et de constituer une force de proposition et d\u2019\u00e9quilibre face \u00e0 ses interlocuteurs nationaux et internationaux. Sa composition \u00e9tant le fruit \u00ab\u00a0de petits compromis et de grandes compromissions\u00a0\u00bb, elle est chaque jour un peu plus \u00ab\u00a0d\u00e9connect\u00e9 de la dure r\u00e9alit\u00e9 du citoyen\u00a0\u00bb.<\/p>\n<p style=\"text-align: justify;\">Dans les milieux politiques, on\u00a0en arrive m\u00eame \u00e0 dire que les jours du gouvernement Chahed sont compt\u00e9s.<em>\u00a0<\/em>\u00ab La majorit\u00e9 au pouvoir est incapable d\u2019am\u00e9liorer la situation, et ceux qui la remplaceront \u00e0 l\u2019avenir feront certainement mieux\u00a0\u00bb, glisse Mohamed Abbou, fondateur du\u00a0Courant d\u00e9mocratique. En Tunisie, cette vague de m\u00e9contentement a en tout cas de s\u00e9rieuses raisons d\u2019inqui\u00e9ter le gouvernement.<\/p>\n<p>Jeune Afrique<\/p>\n","protected":false},"excerpt":{"rendered":"<p>Les manifestations qui se multiplient contre l&rsquo;augmentation des prix, suite \u00e0 la loi de finances 2018, ont tourn\u00e9 \u00e0 l&rsquo;affrontement dans plusieurs villes du pays. Un homme a succomb\u00e9 \u00e0 l&rsquo;inhalation des gaz lacrymog\u00e8nes \u00e0 T\u00e9bourba. Un sc\u00e9nario qui rappelle les \u00e9v\u00e9nements ayant conduit \u00e0 la chute du r\u00e9gime de Ben Ali. Des\u00a0affrontements ont \u00e9clat\u00e9, [&hellip;]<\/p>\n","protected":false},"author":2,"featured_media":848,"comment_status":"open","ping_status":"open","sticky":false,"template":"","format":"standard","meta":{"footnotes":""},"categories":[42],"tags":[],"class_list":["post-847","post","type-post","status-publish","format-standard","has-post-thumbnail","hentry","category-afrique"],"_links":{"self":[{"href":"https:\/\/www.friaguinee.net\/index.php\/wp-json\/wp\/v2\/posts\/847","targetHints":{"allow":["GET"]}}],"collection":[{"href":"https:\/\/www.friaguinee.net\/index.php\/wp-json\/wp\/v2\/posts"}],"about":[{"href":"https:\/\/www.friaguinee.net\/index.php\/wp-json\/wp\/v2\/types\/post"}],"author":[{"embeddable":true,"href":"https:\/\/www.friaguinee.net\/index.php\/wp-json\/wp\/v2\/users\/2"}],"replies":[{"embeddable":true,"href":"https:\/\/www.friaguinee.net\/index.php\/wp-json\/wp\/v2\/comments?post=847"}],"version-history":[{"count":0,"href":"https:\/\/www.friaguinee.net\/index.php\/wp-json\/wp\/v2\/posts\/847\/revisions"}],"wp:featuredmedia":[{"embeddable":true,"href":"https:\/\/www.friaguinee.net\/index.php\/wp-json\/wp\/v2\/media\/848"}],"wp:attachment":[{"href":"https:\/\/www.friaguinee.net\/index.php\/wp-json\/wp\/v2\/media?parent=847"}],"wp:term":[{"taxonomy":"category","embeddable":true,"href":"https:\/\/www.friaguinee.net\/index.php\/wp-json\/wp\/v2\/categories?post=847"},{"taxonomy":"post_tag","embeddable":true,"href":"https:\/\/www.friaguinee.net\/index.php\/wp-json\/wp\/v2\/tags?post=847"}],"curies":[{"name":"wp","href":"https:\/\/api.w.org\/{rel}","templated":true}]}}