{"id":822,"date":"2018-01-08T19:46:57","date_gmt":"2018-01-08T18:46:57","guid":{"rendered":"http:\/\/www.friaguinee.net\/?p=822"},"modified":"2018-01-08T19:46:57","modified_gmt":"2018-01-08T18:46:57","slug":"fria-directrice-prefectorale-de-leducation-a-entame-controle-fonctionnement-pedagogique","status":"publish","type":"post","link":"https:\/\/www.friaguinee.net\/index.php\/2018\/01\/08\/fria-directrice-prefectorale-de-leducation-a-entame-controle-fonctionnement-pedagogique\/","title":{"rendered":"Fria\u00a0: la Directrice pr\u00e9fectorale de l\u2019\u00e9ducation a entam\u00e9 le contr\u00f4le du fonctionnement p\u00e9dagogique"},"content":{"rendered":"<p>A la t\u00eate de la Direction pr\u00e9fectorale de l\u2019\u00e9ducation depuis le mois d\u2019Ao\u00fbt 2017, Arab\u00e9 Cond\u00e9 a, depuis son arriv\u00e9e \u00e0 Fria, d\u00e9montr\u00e9 sa volont\u00e9 d\u2019am\u00e9liorer le syst\u00e8me \u00e9ducatif de la cit\u00e9 de l\u2019alumine. C\u2019est pourquoi, elle s\u2019est fix\u00e9e \u00a0pour objectif d\u2019\u00eatre tr\u00e8s proche du personnel enseignant \u00e0 travers des visites et contr\u00f4les r\u00e9guliers.<\/p>\n<p>Ce lundi 8 Janvier, accompagn\u00e9e de quelques cadres de sa direction, Arab\u00e9 Cond\u00e9 a entam\u00e9 le contr\u00f4le du fonctionnement p\u00e9dagogique par le Coll\u00e8ge-Lyc\u00e9e Josip Broz Tito, le plus grand \u00e9tablissement de Fria et l\u2019\u00e9cole primaire Mahatma Gandhi.<\/p>\n<p><img loading=\"lazy\" decoding=\"async\" class=\"aligncenter size-medium wp-image-828\" src=\"http:\/\/www.friaguinee.net\/wp-content\/uploads\/2018\/01\/FB_IMG_15154178033971-300x225.jpg\" alt=\"\" width=\"300\" height=\"225\" srcset=\"https:\/\/www.friaguinee.net\/wp-content\/uploads\/2018\/01\/FB_IMG_15154178033971-300x225.jpg 300w, https:\/\/www.friaguinee.net\/wp-content\/uploads\/2018\/01\/FB_IMG_15154178033971-80x60.jpg 80w, https:\/\/www.friaguinee.net\/wp-content\/uploads\/2018\/01\/FB_IMG_15154178033971-265x198.jpg 265w, https:\/\/www.friaguinee.net\/wp-content\/uploads\/2018\/01\/FB_IMG_15154178033971.jpg 480w\" sizes=\"auto, (max-width: 300px) 100vw, 300px\" \/><\/p>\n<p>A la fin de ce contr\u00f4le, le charg\u00e9 du service administratif et financier est revenu sur les constats faits en ces termes\u00a0: \u00ab\u00a0 Nous avons constat\u00e9 \u00a0que les \u00e9l\u00e8ves viennent en retard. Ce qui veut dire que les parents n\u2019aident pas l\u2019\u00e9ducation parce que le retard\u00a0 impacte n\u00e9gativement sur le fonctionnement p\u00e9dagogique. Nous avons aussi constat\u00e9 que les \u00e9l\u00e8ves viennent avec des t\u00e9l\u00e9phones \u00e0 l\u2019\u00e9cole, chose qui n\u2019est pas normale\u00a0\u00bb a expliqu\u00e9 Moussa Kamano.<img loading=\"lazy\" decoding=\"async\" class=\"aligncenter size-medium wp-image-827\" src=\"http:\/\/www.friaguinee.net\/wp-content\/uploads\/2018\/01\/FB_IMG_15154363186501-300x225.jpg\" alt=\"\" width=\"300\" height=\"225\" srcset=\"https:\/\/www.friaguinee.net\/wp-content\/uploads\/2018\/01\/FB_IMG_15154363186501-300x225.jpg 300w, https:\/\/www.friaguinee.net\/wp-content\/uploads\/2018\/01\/FB_IMG_15154363186501-80x60.jpg 80w, https:\/\/www.friaguinee.net\/wp-content\/uploads\/2018\/01\/FB_IMG_15154363186501-265x198.jpg 265w, https:\/\/www.friaguinee.net\/wp-content\/uploads\/2018\/01\/FB_IMG_15154363186501.jpg 480w\" sizes=\"auto, (max-width: 300px) 100vw, 300px\" \/><\/p>\n<p>Face \u00e0 ces constats, la Directrice pr\u00e9fectorale de l\u2019\u00e9ducation a demand\u00e9 \u00e0 tous les responsables d\u2019\u00e9tablissement de prendre toutes les dispositions pour que les cours d\u00e9marrent \u00e0 8 h 00, apr\u00e8s la mont\u00e9e des couleurs qui s\u2019effectue \u00e0 7 h 45\u00a0:<\/p>\n<p>\u00ab\u00a0Tous les \u00e9l\u00e8ves doivent assister \u00e0 la mont\u00e9e des couleurs \u00e0 7 h 45 pour \u00eatre en classe \u00e0 8 h 00. Les \u00e9l\u00e8ves qui seront dans la rue ne sont pas nos \u00e9l\u00e8ves. Tu es \u00e9l\u00e8ve quand tu es dans la cour de l\u2019\u00e9cole ou dans la classe\u00a0\u00bb a martel\u00e9 Arab\u00e9 Cond\u00e9.<\/p>\n<p><img loading=\"lazy\" decoding=\"async\" class=\"aligncenter size-medium wp-image-829\" src=\"http:\/\/www.friaguinee.net\/wp-content\/uploads\/2018\/01\/FB_IMG_15154177767391-300x225.jpg\" alt=\"\" width=\"300\" height=\"225\" srcset=\"https:\/\/www.friaguinee.net\/wp-content\/uploads\/2018\/01\/FB_IMG_15154177767391-300x225.jpg 300w, https:\/\/www.friaguinee.net\/wp-content\/uploads\/2018\/01\/FB_IMG_15154177767391-80x60.jpg 80w, https:\/\/www.friaguinee.net\/wp-content\/uploads\/2018\/01\/FB_IMG_15154177767391-265x198.jpg 265w, https:\/\/www.friaguinee.net\/wp-content\/uploads\/2018\/01\/FB_IMG_15154177767391.jpg 480w\" sizes=\"auto, (max-width: 300px) 100vw, 300px\" \/><\/p>\n<p>Tr\u00e8s d\u00e9termin\u00e9e, Arab\u00e9 Cond\u00e9 ne compte pas s\u2019arr\u00eater l\u00e0, elle poursuivra cette tourn\u00e9e dans toutes les \u00e9coles de la pr\u00e9fecture.<\/p>\n<p>&nbsp;<\/p>\n<p>Dj\u00e9nabou Diallo<\/p>\n<p><img loading=\"lazy\" decoding=\"async\" class=\"wp-image-479 alignleft\" src=\"http:\/\/www.friaguinee.net\/wp-content\/uploads\/2017\/12\/FB_IMG_1513980162666.jpg\" alt=\"\" width=\"83\" height=\"103\" \/><\/p>\n<p>Tel: 628 28 67 44<\/p>\n","protected":false},"excerpt":{"rendered":"<p>A la t\u00eate de la Direction pr\u00e9fectorale de l\u2019\u00e9ducation depuis le mois d\u2019Ao\u00fbt 2017, Arab\u00e9 Cond\u00e9 a, depuis son arriv\u00e9e \u00e0 Fria, d\u00e9montr\u00e9 sa volont\u00e9 d\u2019am\u00e9liorer le syst\u00e8me \u00e9ducatif de la cit\u00e9 de l\u2019alumine. C\u2019est pourquoi, elle s\u2019est fix\u00e9e \u00a0pour objectif d\u2019\u00eatre tr\u00e8s proche du personnel enseignant \u00e0 travers des visites et contr\u00f4les r\u00e9guliers. Ce [&hellip;]<\/p>\n","protected":false},"author":2,"featured_media":826,"comment_status":"open","ping_status":"open","sticky":false,"template":"","format":"standard","meta":{"footnotes":""},"categories":[5],"tags":[83,48,82,49],"class_list":["post-822","post","type-post","status-publish","format-standard","has-post-thumbnail","hentry","category-education","tag-controle","tag-dpe","tag-ecole","tag-fria"],"_links":{"self":[{"href":"https:\/\/www.friaguinee.net\/index.php\/wp-json\/wp\/v2\/posts\/822","targetHints":{"allow":["GET"]}}],"collection":[{"href":"https:\/\/www.friaguinee.net\/index.php\/wp-json\/wp\/v2\/posts"}],"about":[{"href":"https:\/\/www.friaguinee.net\/index.php\/wp-json\/wp\/v2\/types\/post"}],"author":[{"embeddable":true,"href":"https:\/\/www.friaguinee.net\/index.php\/wp-json\/wp\/v2\/users\/2"}],"replies":[{"embeddable":true,"href":"https:\/\/www.friaguinee.net\/index.php\/wp-json\/wp\/v2\/comments?post=822"}],"version-history":[{"count":0,"href":"https:\/\/www.friaguinee.net\/index.php\/wp-json\/wp\/v2\/posts\/822\/revisions"}],"wp:featuredmedia":[{"embeddable":true,"href":"https:\/\/www.friaguinee.net\/index.php\/wp-json\/wp\/v2\/media\/826"}],"wp:attachment":[{"href":"https:\/\/www.friaguinee.net\/index.php\/wp-json\/wp\/v2\/media?parent=822"}],"wp:term":[{"taxonomy":"category","embeddable":true,"href":"https:\/\/www.friaguinee.net\/index.php\/wp-json\/wp\/v2\/categories?post=822"},{"taxonomy":"post_tag","embeddable":true,"href":"https:\/\/www.friaguinee.net\/index.php\/wp-json\/wp\/v2\/tags?post=822"}],"curies":[{"name":"wp","href":"https:\/\/api.w.org\/{rel}","templated":true}]}}