{"id":7720,"date":"2019-03-20T16:32:30","date_gmt":"2019-03-20T16:32:30","guid":{"rendered":"http:\/\/www.friaguinee.net\/?p=7720"},"modified":"2019-03-20T16:32:32","modified_gmt":"2019-03-20T16:32:32","slug":"mozambique-le-bilan-du-cyclone-idai-depasse-les-200-morts","status":"publish","type":"post","link":"https:\/\/www.friaguinee.net\/index.php\/2019\/03\/20\/mozambique-le-bilan-du-cyclone-idai-depasse-les-200-morts\/","title":{"rendered":"Mozambique: le bilan du cyclone Idai d\u00e9passe les 200 morts"},"content":{"rendered":"\n<p>Le cyclone\nIdai, qui a balay\u00e9 la semaine derni\u00e8re le centre du Mozambique, a fait plus de\n200&nbsp;morts dans le pays, a annonc\u00e9 mardi le pr\u00e9sident Filipe Nyusi. Un\ndeuil national de trois jours a \u00e9t\u00e9 d\u00e9cr\u00e9t\u00e9.<\/p>\n\n\n\n<p>Le cyclone\nIdai, qui a balay\u00e9 jeudi 14&nbsp;mars&nbsp;<a href=\"https:\/\/www.france24.com\/fr\/tag\/mozambique\/\" target=\"_blank\" rel=\"noreferrer noopener\">le Mozambique<\/a>,\na fait \u00ab\u00a0plus de 200&nbsp;morts\u00a0\u00bb dans le pays, selon un nouveau bilan\nannonc\u00e9 mardi 19&nbsp;mars par le pr\u00e9sident Filipe Nyusi. \u00ab\u00a0D&rsquo;apr\u00e8s les\ninformations qui nous ont \u00e9t\u00e9 donn\u00e9es ici en arrivant sur le terrain (&#8230;), on\nest d\u00e9j\u00e0 \u00e0 plus de 200&nbsp;morts\u00a0\u00bb, a d\u00e9clar\u00e9 M. Nyusi \u00e0 la fin d&rsquo;un\nconseil des ministres qui se tenait \u00e0 Beira&nbsp;(centre), ville en partie\nd\u00e9truite par le cyclone. Le pr\u00e9c\u00e9dent bilan officiel faisait \u00e9tat de\n84&nbsp;morts.<\/p>\n\n\n\n<p>\u00ab\u00a0Pr\u00e8s de\n350&nbsp;000&nbsp;personnes\u00a0\u00bb sont actuellement en zones inond\u00e9es, selon le\npr\u00e9sident. \u00ab\u00a0Nous sommes dans une situation extr\u00eamement difficile\u00a0\u00bb,\na-t-il estim\u00e9, ajoutant que le gouvernement avait d\u00e9clar\u00e9 \u00ab\u00a0un deuil\nnational de trois jours\u00a0\u00bb \u00e0 compter du 20&nbsp;mars. Sur le plan mat\u00e9riel,\n23&nbsp;000&nbsp;habitations, 30&nbsp;\u00ab\u00a0unit\u00e9s de sant\u00e9\u00a0\u00bb et\n507&nbsp;salles de classes ont \u00e9t\u00e9 d\u00e9truites, selon les autorit\u00e9s\nmozambicaines.<\/p>\n\n\n\n<p>Le bilan humain pourrait s&rsquo;alourdir.\nLundi, le pr\u00e9sident mozambicain pr\u00e9venait qu&rsquo;il \u00ab\u00a0pourrait d\u00e9passer le\nmillier de morts\u00a0\u00bb. Les secouristes, eux, sont engag\u00e9s dans une course\ncontre la montre pour sauver des milliers de personnes toujours r\u00e9fugi\u00e9es sur des\narbres et des toits, cinq jours apr\u00e8s le passage du cyclone Idai en Afrique\naustrale.<\/p>\n\n\n\n<p>Selon l&rsquo;organisation Care, Idai\n\u00ab\u00a0pourrait \u00eatre le cyclone le plus meurtrier en Afrique australe\u00a0\u00bb \u00e0 ce\njour. Le cyclone a balay\u00e9 la semaine derni\u00e8re le centre du Mozambique puis\nl&rsquo;est du Zimbabwe voisin. \u00ab\u00a0Nous parlons d&rsquo;un d\u00e9sastre majeur\u00a0\u00bb, a\nrench\u00e9ri le porte-parole du Bureau de la coordination des affaires humanitaires\nde l&rsquo;ONU&nbsp;(BCAH), Jens Laerke, mardi \u00e0 Gen\u00e8ve.<\/p>\n\n\n\n<p>Au Mozambique, l&rsquo;un des pays les\nplus pauvres au monde, une surface d&rsquo;un rayon de 100&nbsp;km est totalement\ninond\u00e9e, selon le ministre de l&rsquo;Environnement, Celson Correia. Il y a un\n\u00ab\u00a0oc\u00e9an\u00a0\u00bb dans les terres, isolant compl\u00e8tement des villages, a\nexpliqu\u00e9 \u00e0 l&rsquo;AFP une humanitaire qui a requis l&rsquo;anonymat.<\/p>\n\n\n\n<p>200\npersonnes port\u00e9es disparues<\/p>\n\n\n\n<p>Et la situation ne devrait pas\ns&rsquo;am\u00e9liorer car des pluies abondantes sont attendues dans les prochains jours,\na pr\u00e9venu le Programme alimentaire mondial&nbsp;(PAM), qui a commenc\u00e9 \u00e0\nacheminer de l&rsquo;aide pour plus d&rsquo;un demi-million de personnes.<\/p>\n\n\n\n<p>Au Mozambique comme au Zimbabwe, de nombreux ponts et routes\nont \u00e9t\u00e9 emport\u00e9s par les eaux, compliquant les op\u00e9rations de secours et\nl&rsquo;\u00e9valuation des besoins. Au moins 200&nbsp;personnes sont encore port\u00e9es\ndisparues dans la r\u00e9gion, notamment apr\u00e8s l&rsquo;effondrement d&rsquo;habitations occup\u00e9es\npar des fonctionnaires.<\/p>\n\n\n\n<p>L&rsquo;organisation Amnesty International a appel\u00e9 la communaut\u00e9\ninternationale \u00e0 se mobiliser devant l&rsquo;ampleur de la catastrophe, mais aussi\nface aux cons\u00e9quences du changement climatique.<\/p>\n\n\n\n<p><em>Avec AFP<\/em><\/p>\n","protected":false},"excerpt":{"rendered":"<p>Le cyclone Idai, qui a balay\u00e9 la semaine derni\u00e8re le centre du Mozambique, a fait plus de 200&nbsp;morts dans le pays, a annonc\u00e9 mardi le pr\u00e9sident Filipe Nyusi. Un deuil national de trois jours a \u00e9t\u00e9 d\u00e9cr\u00e9t\u00e9. Le cyclone Idai, qui a balay\u00e9 jeudi 14&nbsp;mars&nbsp;le Mozambique, a fait \u00ab\u00a0plus de 200&nbsp;morts\u00a0\u00bb dans le pays, selon [&hellip;]<\/p>\n","protected":false},"author":2,"featured_media":7721,"comment_status":"open","ping_status":"open","sticky":false,"template":"","format":"standard","meta":{"footnotes":""},"categories":[42],"tags":[],"class_list":["post-7720","post","type-post","status-publish","format-standard","has-post-thumbnail","hentry","category-afrique"],"_links":{"self":[{"href":"https:\/\/www.friaguinee.net\/index.php\/wp-json\/wp\/v2\/posts\/7720","targetHints":{"allow":["GET"]}}],"collection":[{"href":"https:\/\/www.friaguinee.net\/index.php\/wp-json\/wp\/v2\/posts"}],"about":[{"href":"https:\/\/www.friaguinee.net\/index.php\/wp-json\/wp\/v2\/types\/post"}],"author":[{"embeddable":true,"href":"https:\/\/www.friaguinee.net\/index.php\/wp-json\/wp\/v2\/users\/2"}],"replies":[{"embeddable":true,"href":"https:\/\/www.friaguinee.net\/index.php\/wp-json\/wp\/v2\/comments?post=7720"}],"version-history":[{"count":1,"href":"https:\/\/www.friaguinee.net\/index.php\/wp-json\/wp\/v2\/posts\/7720\/revisions"}],"predecessor-version":[{"id":7722,"href":"https:\/\/www.friaguinee.net\/index.php\/wp-json\/wp\/v2\/posts\/7720\/revisions\/7722"}],"wp:featuredmedia":[{"embeddable":true,"href":"https:\/\/www.friaguinee.net\/index.php\/wp-json\/wp\/v2\/media\/7721"}],"wp:attachment":[{"href":"https:\/\/www.friaguinee.net\/index.php\/wp-json\/wp\/v2\/media?parent=7720"}],"wp:term":[{"taxonomy":"category","embeddable":true,"href":"https:\/\/www.friaguinee.net\/index.php\/wp-json\/wp\/v2\/categories?post=7720"},{"taxonomy":"post_tag","embeddable":true,"href":"https:\/\/www.friaguinee.net\/index.php\/wp-json\/wp\/v2\/tags?post=7720"}],"curies":[{"name":"wp","href":"https:\/\/api.w.org\/{rel}","templated":true}]}}