{"id":7324,"date":"2019-02-22T18:35:43","date_gmt":"2019-02-22T18:35:43","guid":{"rendered":"http:\/\/www.friaguinee.net\/?p=7324"},"modified":"2019-02-22T18:57:02","modified_gmt":"2019-02-22T18:57:02","slug":"fria-fria-long-prisonniers-sans-frontieres-redonne-le-sourire-aux-personnes-detenues","status":"publish","type":"post","link":"https:\/\/www.friaguinee.net\/index.php\/2019\/02\/22\/fria-fria-long-prisonniers-sans-frontieres-redonne-le-sourire-aux-personnes-detenues\/","title":{"rendered":"Fria: Fria : l\u2019ONG \u2018\u2018Prisonniers Sans Fronti\u00e8res\u2019\u2019 redonne le sourire aux personnes d\u00e9tenues"},"content":{"rendered":"<p>Dans son r\u00f4le de redonner la dignit\u00e9 et l\u2019espoir aux prisonniers, la coordination pr\u00e9fectorale de l\u2019ONG Prisonniers Sans Fronti\u00e8res a fait un don aux personnes d\u00e9tenues \u00e0 la prison civile de Fria<\/p>\n<p>La remise du don compos\u00e9 de v\u00eatements, de m\u00e9dicaments, de nourriture et d\u2019eau, a eu lieu en pr\u00e9sence des autorit\u00e9s communales et judiciaires.<\/p>\n<p>Le coordonnateur pr\u00e9fectoral de la structure donatrice a confi\u00e9 que cette action est cons\u00e9cutive \u00e0 celle faite il y a deux mois, par la coordination nationale.<\/p>\n<p><em>\u00ab\u00a0<\/em><em><strong>Ce don est un geste de la coordination pr\u00e9fectorale. Il a pour objectif de montrer aux prisonniers qu\u2019ils ont des droits, qu\u2019ils sont des \u00eatres humains, on doit leur porter attention. C\u2019est pourquoi notre ONG s\u2019est fix\u00e9 pour objectif d\u2019aider les prisonniers en leur apportant des habits, de la nourriture et des m\u00e9dicaments mais aussi de les aider quand ils sont d\u00e9tenus sans jugement\u2026<\/strong><\/em><em>\u00a0\u00bb <\/em>a d\u00e9clar\u00e9 Elhadj Ousmane Fafabh\u00e9 Bald\u00e9.<img loading=\"lazy\" decoding=\"async\" class=\"aligncenter wp-image-7327\" src=\"http:\/\/www.friaguinee.net\/wp-content\/uploads\/2019\/02\/53142778_1206595999498640_7777778592976470016_n-300x225.jpg\" alt=\"\" width=\"600\" height=\"450\" srcset=\"https:\/\/www.friaguinee.net\/wp-content\/uploads\/2019\/02\/53142778_1206595999498640_7777778592976470016_n-300x225.jpg 300w, https:\/\/www.friaguinee.net\/wp-content\/uploads\/2019\/02\/53142778_1206595999498640_7777778592976470016_n-768x576.jpg 768w, https:\/\/www.friaguinee.net\/wp-content\/uploads\/2019\/02\/53142778_1206595999498640_7777778592976470016_n-1024x768.jpg 1024w, https:\/\/www.friaguinee.net\/wp-content\/uploads\/2019\/02\/53142778_1206595999498640_7777778592976470016_n-80x60.jpg 80w, https:\/\/www.friaguinee.net\/wp-content\/uploads\/2019\/02\/53142778_1206595999498640_7777778592976470016_n-265x198.jpg 265w, https:\/\/www.friaguinee.net\/wp-content\/uploads\/2019\/02\/53142778_1206595999498640_7777778592976470016_n-696x522.jpg 696w, https:\/\/www.friaguinee.net\/wp-content\/uploads\/2019\/02\/53142778_1206595999498640_7777778592976470016_n-1068x801.jpg 1068w, https:\/\/www.friaguinee.net\/wp-content\/uploads\/2019\/02\/53142778_1206595999498640_7777778592976470016_n-560x420.jpg 560w, https:\/\/www.friaguinee.net\/wp-content\/uploads\/2019\/02\/53142778_1206595999498640_7777778592976470016_n.jpg 1280w\" sizes=\"auto, (max-width: 600px) 100vw, 600px\" \/><\/p>\n<p>C\u2019est sous l\u2019\u0153il tr\u00e8s vigilant du juge de paix que les donateurs ont eu acc\u00e8s aux cellules. Il a d\u2019ailleurs pris le soin de v\u00e9rifier les dates de p\u00e9remptions des m\u00e9dicaments avant de remercier la coordination pr\u00e9fectorale de l\u2019ONG PRSF.<\/p>\n<p><em>\u00ab\u00a0<\/em><em><strong>Je suis anim\u00e9 d\u2019un sentiment de joie et de satisfaction parce que l\u2019ONG Prisonniers Sans Fronti\u00e8res n\u2019est pas \u00e0 son premier geste. Il y a deux mois, elle a effectu\u00e9 un don ici, si elle est l\u00e0 aujourd\u2019hui encore pour r\u00e9it\u00e9rer aux prisonniers qu\u2019ils ont des droits. Nous ne pouvons que remercier cette ONG et souhaiter que d\u2019autres leur emboitent les pas<\/strong><\/em><em>\u00a0\u00bb <\/em>a signifi\u00e9 Yakhouba Cont\u00e9.<\/p>\n<p>Le premier vice-maire de la commune urbaine, repr\u00e9sentant toutes les autorit\u00e9s locales, a de son cot\u00e9, souhait\u00e9 la p\u00e9rennisation de ces actions.<\/p>\n<p>\u00ab\u00a0Nous saluons cette initiative de cette ONG puisqu\u2019il s\u2019agit d\u2019un don tr\u00e8s symbolique issu de leurs propres ressources. Nous les remercions tr\u00e8s sinc\u00e8rement de prouver aux prisonniers qu\u2019ils ont des droits et nous souhaitons que ces actions soient p\u00e9rennis\u00e9es\u00a0\u00bb a indiqu\u00e9 Mamadou Batco Diallo.<img loading=\"lazy\" decoding=\"async\" class=\"aligncenter wp-image-7328\" src=\"http:\/\/www.friaguinee.net\/wp-content\/uploads\/2019\/02\/53278996_636263636833006_6735264432508633088_n-300x225.jpg\" alt=\"\" width=\"600\" height=\"450\" srcset=\"https:\/\/www.friaguinee.net\/wp-content\/uploads\/2019\/02\/53278996_636263636833006_6735264432508633088_n-300x225.jpg 300w, https:\/\/www.friaguinee.net\/wp-content\/uploads\/2019\/02\/53278996_636263636833006_6735264432508633088_n-768x576.jpg 768w, https:\/\/www.friaguinee.net\/wp-content\/uploads\/2019\/02\/53278996_636263636833006_6735264432508633088_n-1024x768.jpg 1024w, https:\/\/www.friaguinee.net\/wp-content\/uploads\/2019\/02\/53278996_636263636833006_6735264432508633088_n-80x60.jpg 80w, https:\/\/www.friaguinee.net\/wp-content\/uploads\/2019\/02\/53278996_636263636833006_6735264432508633088_n-265x198.jpg 265w, https:\/\/www.friaguinee.net\/wp-content\/uploads\/2019\/02\/53278996_636263636833006_6735264432508633088_n-696x522.jpg 696w, https:\/\/www.friaguinee.net\/wp-content\/uploads\/2019\/02\/53278996_636263636833006_6735264432508633088_n-1068x801.jpg 1068w, https:\/\/www.friaguinee.net\/wp-content\/uploads\/2019\/02\/53278996_636263636833006_6735264432508633088_n-560x420.jpg 560w, https:\/\/www.friaguinee.net\/wp-content\/uploads\/2019\/02\/53278996_636263636833006_6735264432508633088_n.jpg 1280w\" sizes=\"auto, (max-width: 600px) 100vw, 600px\" \/><\/p>\n<p>Il faut rappeler qu\u2019au mois de d\u00e9cembre, une importante mission de l\u2019ONG \u00e9tait dans la cit\u00e9 de l\u2019alumine dans le m\u00eame cadre.<\/p>\n<p><em>\u00a0<\/em><strong>Aminata Sanoh pour friaguinee.net<\/strong><\/p>\n<p><em>\u00a0<\/em><\/p>\n<p><em>\u00a0<\/em><\/p>\n<p><em>\u00a0<\/em><\/p>\n<p>&nbsp;<\/p>\n<p>&nbsp;<\/p>\n","protected":false},"excerpt":{"rendered":"<p>Dans son r\u00f4le de redonner la dignit\u00e9 et l\u2019espoir aux prisonniers, la coordination pr\u00e9fectorale de l\u2019ONG Prisonniers Sans Fronti\u00e8res a fait un don aux personnes d\u00e9tenues \u00e0 la prison civile de Fria La remise du don compos\u00e9 de v\u00eatements, de m\u00e9dicaments, de nourriture et d\u2019eau, a eu lieu en pr\u00e9sence des autorit\u00e9s communales et judiciaires. [&hellip;]<\/p>\n","protected":false},"author":2,"featured_media":7325,"comment_status":"open","ping_status":"open","sticky":false,"template":"","format":"standard","meta":{"footnotes":""},"categories":[9],"tags":[49,717,200,715,718,716],"class_list":["post-7324","post","type-post","status-publish","format-standard","has-post-thumbnail","hentry","category-publireportage","tag-fria","tag-frontieres","tag-ong","tag-prisonniers","tag-prsf","tag-sans"],"_links":{"self":[{"href":"https:\/\/www.friaguinee.net\/index.php\/wp-json\/wp\/v2\/posts\/7324","targetHints":{"allow":["GET"]}}],"collection":[{"href":"https:\/\/www.friaguinee.net\/index.php\/wp-json\/wp\/v2\/posts"}],"about":[{"href":"https:\/\/www.friaguinee.net\/index.php\/wp-json\/wp\/v2\/types\/post"}],"author":[{"embeddable":true,"href":"https:\/\/www.friaguinee.net\/index.php\/wp-json\/wp\/v2\/users\/2"}],"replies":[{"embeddable":true,"href":"https:\/\/www.friaguinee.net\/index.php\/wp-json\/wp\/v2\/comments?post=7324"}],"version-history":[{"count":4,"href":"https:\/\/www.friaguinee.net\/index.php\/wp-json\/wp\/v2\/posts\/7324\/revisions"}],"predecessor-version":[{"id":7333,"href":"https:\/\/www.friaguinee.net\/index.php\/wp-json\/wp\/v2\/posts\/7324\/revisions\/7333"}],"wp:featuredmedia":[{"embeddable":true,"href":"https:\/\/www.friaguinee.net\/index.php\/wp-json\/wp\/v2\/media\/7325"}],"wp:attachment":[{"href":"https:\/\/www.friaguinee.net\/index.php\/wp-json\/wp\/v2\/media?parent=7324"}],"wp:term":[{"taxonomy":"category","embeddable":true,"href":"https:\/\/www.friaguinee.net\/index.php\/wp-json\/wp\/v2\/categories?post=7324"},{"taxonomy":"post_tag","embeddable":true,"href":"https:\/\/www.friaguinee.net\/index.php\/wp-json\/wp\/v2\/tags?post=7324"}],"curies":[{"name":"wp","href":"https:\/\/api.w.org\/{rel}","templated":true}]}}