{"id":6923,"date":"2019-02-11T18:08:37","date_gmt":"2019-02-11T18:08:37","guid":{"rendered":"http:\/\/www.friaguinee.net\/?p=6923"},"modified":"2019-02-11T18:20:55","modified_gmt":"2019-02-11T18:20:55","slug":"conakry-une-fillette-denviron-10-ans-retrouvee-pendue-dans-une-boutique","status":"publish","type":"post","link":"https:\/\/www.friaguinee.net\/index.php\/2019\/02\/11\/conakry-une-fillette-denviron-10-ans-retrouvee-pendue-dans-une-boutique\/","title":{"rendered":"Conakry : une fillette d&rsquo;environ 10 ans retrouv\u00e9e pendue dans une boutique"},"content":{"rendered":"<p>Le drame s\u2019est produit le vendredi dernier au quartier Yattaya dans la commune de Ratoma.<\/p>\n<p>Marie Claude Lama, c\u2019est le nom de la fillette qui a \u00e9t\u00e9 retrouv\u00e9e pendue \u00e0 l\u2019aide d\u2019une corde, dans une boutique.<\/p>\n<p>Selon le pr\u00e9sident du conseil de quartier, ce n\u2019est pas la premi\u00e8re fois qu\u2019un drame se produise dans ce secteur.<\/p>\n<p>\u00ab\u00a0<strong><em>En 2005, un enfant a \u00e9t\u00e9 \u00e9gorg\u00e9 ici et jet\u00e9 dans une autre concession. Pour cette derni\u00e8re, c\u2019est vers 14 heures que j\u2019\u2019ai \u00e9t\u00e9 inform\u00e9, \u00e0 mon tour j\u2019ai inform\u00e9 le maire. Je suis all\u00e9 sur les lieux o\u00f9 il y avait dj plusieurs policiers, j\u2019ai vu la fillette pendue dans la boutique. La police a fait son travail et ensuite le corps a \u00e9t\u00e9 transport\u00e9 \u00e0 l\u2019h\u00f4pital Ignace Deen<\/em><\/strong>\u2026\u00a0\u00bb\u00a0a expliqu\u00e9 A. Keira.<\/p>\n<p>Cet acte suscite l\u2019interrogation chez plusieurs observateurs. Serait-il volontaire, accidentel ou pos\u00e9 par une autre personne\u00a0?<\/p>\n<p>Selon les voisins, Marie Claude Lama, \u00e2g\u00e9e d&rsquo;environ 10 ans, vivait chez sa grand-m\u00e8re qui ne la traitait de la bonne mani\u00e8re. En plus des corv\u00e9es, elle \u00e9tait souvent victime de bastonnade et n&rsquo;a jamais \u00e9t\u00e9 scolaris\u00e9e malgr\u00e9 l&rsquo;ouverture d&rsquo;une \u00e9cole primaire \u00e0 proximit\u00e9 de leur domicile.<\/p>\n<p><strong>N\u00e8n\u00e8 Aissatou Bald\u00e9<\/strong><\/p>\n","protected":false},"excerpt":{"rendered":"<p>Le drame s\u2019est produit le vendredi dernier au quartier Yattaya dans la commune de Ratoma. Marie Claude Lama, c\u2019est le nom de la fillette qui a \u00e9t\u00e9 retrouv\u00e9e pendue \u00e0 l\u2019aide d\u2019une corde, dans une boutique. Selon le pr\u00e9sident du conseil de quartier, ce n\u2019est pas la premi\u00e8re fois qu\u2019un drame se produise dans ce [&hellip;]<\/p>\n","protected":false},"author":2,"featured_media":6925,"comment_status":"open","ping_status":"open","sticky":false,"template":"","format":"standard","meta":{"footnotes":""},"categories":[208],"tags":[],"class_list":["post-6923","post","type-post","status-publish","format-standard","has-post-thumbnail","hentry","category-faits-divers"],"_links":{"self":[{"href":"https:\/\/www.friaguinee.net\/index.php\/wp-json\/wp\/v2\/posts\/6923","targetHints":{"allow":["GET"]}}],"collection":[{"href":"https:\/\/www.friaguinee.net\/index.php\/wp-json\/wp\/v2\/posts"}],"about":[{"href":"https:\/\/www.friaguinee.net\/index.php\/wp-json\/wp\/v2\/types\/post"}],"author":[{"embeddable":true,"href":"https:\/\/www.friaguinee.net\/index.php\/wp-json\/wp\/v2\/users\/2"}],"replies":[{"embeddable":true,"href":"https:\/\/www.friaguinee.net\/index.php\/wp-json\/wp\/v2\/comments?post=6923"}],"version-history":[{"count":3,"href":"https:\/\/www.friaguinee.net\/index.php\/wp-json\/wp\/v2\/posts\/6923\/revisions"}],"predecessor-version":[{"id":6928,"href":"https:\/\/www.friaguinee.net\/index.php\/wp-json\/wp\/v2\/posts\/6923\/revisions\/6928"}],"wp:featuredmedia":[{"embeddable":true,"href":"https:\/\/www.friaguinee.net\/index.php\/wp-json\/wp\/v2\/media\/6925"}],"wp:attachment":[{"href":"https:\/\/www.friaguinee.net\/index.php\/wp-json\/wp\/v2\/media?parent=6923"}],"wp:term":[{"taxonomy":"category","embeddable":true,"href":"https:\/\/www.friaguinee.net\/index.php\/wp-json\/wp\/v2\/categories?post=6923"},{"taxonomy":"post_tag","embeddable":true,"href":"https:\/\/www.friaguinee.net\/index.php\/wp-json\/wp\/v2\/tags?post=6923"}],"curies":[{"name":"wp","href":"https:\/\/api.w.org\/{rel}","templated":true}]}}