{"id":6290,"date":"2018-12-21T19:39:15","date_gmt":"2018-12-21T19:39:15","guid":{"rendered":"http:\/\/www.friaguinee.net\/?p=6290"},"modified":"2018-12-21T19:39:15","modified_gmt":"2018-12-21T19:39:15","slug":"fristival-ouverture-officielle-de-la-foire","status":"publish","type":"post","link":"https:\/\/www.friaguinee.net\/index.php\/2018\/12\/21\/fristival-ouverture-officielle-de-la-foire\/","title":{"rendered":"Fristival: ouverture officielle de la foire !"},"content":{"rendered":"<p>La foire artisanale et gastronomique a ouvert ses portes au grand public ce vendredi 21 d\u00e9cembre 2018 au parc de jeu de Fria o\u00f9 pendant plusieurs jours des articles de tout genre seront expos\u00e9s.<img loading=\"lazy\" decoding=\"async\" class=\"aligncenter size-medium wp-image-6292\" src=\"http:\/\/www.friaguinee.net\/wp-content\/uploads\/2018\/12\/IMG_20181221_182421-300x225.jpg\" alt=\"\" width=\"300\" height=\"225\" srcset=\"https:\/\/www.friaguinee.net\/wp-content\/uploads\/2018\/12\/IMG_20181221_182421-300x225.jpg 300w, https:\/\/www.friaguinee.net\/wp-content\/uploads\/2018\/12\/IMG_20181221_182421-768x576.jpg 768w, https:\/\/www.friaguinee.net\/wp-content\/uploads\/2018\/12\/IMG_20181221_182421-1024x768.jpg 1024w, https:\/\/www.friaguinee.net\/wp-content\/uploads\/2018\/12\/IMG_20181221_182421-80x60.jpg 80w, https:\/\/www.friaguinee.net\/wp-content\/uploads\/2018\/12\/IMG_20181221_182421-265x198.jpg 265w, https:\/\/www.friaguinee.net\/wp-content\/uploads\/2018\/12\/IMG_20181221_182421-696x522.jpg 696w, https:\/\/www.friaguinee.net\/wp-content\/uploads\/2018\/12\/IMG_20181221_182421-1068x801.jpg 1068w, https:\/\/www.friaguinee.net\/wp-content\/uploads\/2018\/12\/IMG_20181221_182421-560x420.jpg 560w\" sizes=\"auto, (max-width: 300px) 100vw, 300px\" \/><\/p>\n<div dir=\"auto\">C&rsquo;est le maire de la commune urbaine qui a officiellement donn\u00e9 le ton, entour\u00e9 des membres du comit\u00e9 d&rsquo;organisation.<\/div>\n<div dir=\"auto\">Apr\u00e8s avoir visit\u00e9 les stands d&rsquo;exposition, Lansana Boffa Camara s&rsquo;est exprim\u00e9 en langue nationale soussou.\u00a0<img loading=\"lazy\" decoding=\"async\" class=\"aligncenter size-medium wp-image-6291\" src=\"http:\/\/www.friaguinee.net\/wp-content\/uploads\/2018\/12\/IMG_20181221_183001-225x300.jpg\" alt=\"\" width=\"225\" height=\"300\" srcset=\"https:\/\/www.friaguinee.net\/wp-content\/uploads\/2018\/12\/IMG_20181221_183001-225x300.jpg 225w, https:\/\/www.friaguinee.net\/wp-content\/uploads\/2018\/12\/IMG_20181221_183001-768x1024.jpg 768w, https:\/\/www.friaguinee.net\/wp-content\/uploads\/2018\/12\/IMG_20181221_183001-696x928.jpg 696w, https:\/\/www.friaguinee.net\/wp-content\/uploads\/2018\/12\/IMG_20181221_183001-1068x1424.jpg 1068w, https:\/\/www.friaguinee.net\/wp-content\/uploads\/2018\/12\/IMG_20181221_183001-315x420.jpg 315w, https:\/\/www.friaguinee.net\/wp-content\/uploads\/2018\/12\/IMG_20181221_183001.jpg 1920w\" sizes=\"auto, (max-width: 225px) 100vw, 225px\" \/><\/div>\n<div dir=\"auto\">&lt;&lt; Ceux qui ont initi\u00e9 cette foire l&rsquo;ont fait pendant la crise, au moment o\u00f9 Fria \u00e9tait \u00e0 genoux, ils ont dit \u00a0\u00bbFria rel\u00e8ve toi\u00a0\u00bb, et aujourd&rsquo;hui Fria s&rsquo;est relev\u00e9, nous les remercions &gt;&gt; a-t-il signifi\u00e9 avant d&rsquo;encourager les d\u00e9tenteurs de stands.<\/div>\n<div dir=\"auto\">&lt;&lt; J&rsquo;ai fait le tour des stands, ce que j&rsquo;ai vu me r\u00e9conforte parce que j&rsquo;ai vu des gens engag\u00e9s, d\u00e9termin\u00e9s. Je les invite \u00e0 s&rsquo;entendre, \u00e0 se donner les mains, de privil\u00e9gier la bonne cohabitation&#8230;&gt;&gt; a lanc\u00e9 Lansana Boffa Camara.<img loading=\"lazy\" decoding=\"async\" class=\"aligncenter size-medium wp-image-6294\" src=\"http:\/\/www.friaguinee.net\/wp-content\/uploads\/2018\/12\/IMG_20181221_182933-300x225.jpg\" alt=\"\" width=\"300\" height=\"225\" srcset=\"https:\/\/www.friaguinee.net\/wp-content\/uploads\/2018\/12\/IMG_20181221_182933-300x225.jpg 300w, https:\/\/www.friaguinee.net\/wp-content\/uploads\/2018\/12\/IMG_20181221_182933-768x576.jpg 768w, https:\/\/www.friaguinee.net\/wp-content\/uploads\/2018\/12\/IMG_20181221_182933-1024x768.jpg 1024w, https:\/\/www.friaguinee.net\/wp-content\/uploads\/2018\/12\/IMG_20181221_182933-80x60.jpg 80w, https:\/\/www.friaguinee.net\/wp-content\/uploads\/2018\/12\/IMG_20181221_182933-265x198.jpg 265w, https:\/\/www.friaguinee.net\/wp-content\/uploads\/2018\/12\/IMG_20181221_182933-696x522.jpg 696w, https:\/\/www.friaguinee.net\/wp-content\/uploads\/2018\/12\/IMG_20181221_182933-1068x801.jpg 1068w, https:\/\/www.friaguinee.net\/wp-content\/uploads\/2018\/12\/IMG_20181221_182933-560x420.jpg 560w\" sizes=\"auto, (max-width: 300px) 100vw, 300px\" \/><\/div>\n<div dir=\"auto\">Cette foire qui s&rsquo;inscrit dans le cadre du Fristival, un festival initi\u00e9 et organis\u00e9 depuis 2016 par Macka Traor\u00e9, se tiendra jusqu&rsquo;\u00e0 la fin de la premi\u00e8re semaine de l&rsquo;ann\u00e9e 2019.<\/div>\n<div dir=\"auto\"><\/div>\n<div dir=\"auto\">Djenabou Batco Diallo<\/div>\n","protected":false},"excerpt":{"rendered":"<p>La foire artisanale et gastronomique a ouvert ses portes au grand public ce vendredi 21 d\u00e9cembre 2018 au parc de jeu de Fria o\u00f9 pendant plusieurs jours des articles de tout genre seront expos\u00e9s. C&rsquo;est le maire de la commune urbaine qui a officiellement donn\u00e9 le ton, entour\u00e9 des membres du comit\u00e9 d&rsquo;organisation. Apr\u00e8s avoir [&hellip;]<\/p>\n","protected":false},"author":2,"featured_media":6293,"comment_status":"open","ping_status":"open","sticky":false,"template":"","format":"standard","meta":{"footnotes":""},"categories":[2],"tags":[],"class_list":["post-6290","post","type-post","status-publish","format-standard","has-post-thumbnail","hentry","category-actualites"],"_links":{"self":[{"href":"https:\/\/www.friaguinee.net\/index.php\/wp-json\/wp\/v2\/posts\/6290","targetHints":{"allow":["GET"]}}],"collection":[{"href":"https:\/\/www.friaguinee.net\/index.php\/wp-json\/wp\/v2\/posts"}],"about":[{"href":"https:\/\/www.friaguinee.net\/index.php\/wp-json\/wp\/v2\/types\/post"}],"author":[{"embeddable":true,"href":"https:\/\/www.friaguinee.net\/index.php\/wp-json\/wp\/v2\/users\/2"}],"replies":[{"embeddable":true,"href":"https:\/\/www.friaguinee.net\/index.php\/wp-json\/wp\/v2\/comments?post=6290"}],"version-history":[{"count":2,"href":"https:\/\/www.friaguinee.net\/index.php\/wp-json\/wp\/v2\/posts\/6290\/revisions"}],"predecessor-version":[{"id":6296,"href":"https:\/\/www.friaguinee.net\/index.php\/wp-json\/wp\/v2\/posts\/6290\/revisions\/6296"}],"wp:featuredmedia":[{"embeddable":true,"href":"https:\/\/www.friaguinee.net\/index.php\/wp-json\/wp\/v2\/media\/6293"}],"wp:attachment":[{"href":"https:\/\/www.friaguinee.net\/index.php\/wp-json\/wp\/v2\/media?parent=6290"}],"wp:term":[{"taxonomy":"category","embeddable":true,"href":"https:\/\/www.friaguinee.net\/index.php\/wp-json\/wp\/v2\/categories?post=6290"},{"taxonomy":"post_tag","embeddable":true,"href":"https:\/\/www.friaguinee.net\/index.php\/wp-json\/wp\/v2\/tags?post=6290"}],"curies":[{"name":"wp","href":"https:\/\/api.w.org\/{rel}","templated":true}]}}