{"id":6286,"date":"2018-12-20T14:04:21","date_gmt":"2018-12-20T14:04:21","guid":{"rendered":"http:\/\/www.friaguinee.net\/?p=6286"},"modified":"2018-12-20T14:04:21","modified_gmt":"2018-12-20T14:04:21","slug":"journee-internationale-de-la-solidarite-voici-le-discours-de-la-ministre-de-laction-sociale","status":"publish","type":"post","link":"https:\/\/www.friaguinee.net\/index.php\/2018\/12\/20\/journee-internationale-de-la-solidarite-voici-le-discours-de-la-ministre-de-laction-sociale\/","title":{"rendered":"Journ\u00e9e internationale de la solidarit\u00e9: voici le discours de la ministre de l&rsquo;action sociale"},"content":{"rendered":"<p>Conakry, le 20 D\u00e9cembre 2018 \u2013 Chers compatriotes, Mesdames et Messieurs\u00a0;<\/p>\n<p>A l\u2019instar des autres pays, la R\u00e9publique de Guin\u00e9e c\u00e9l\u00e8brera ce 20 d\u00e9cembre, la journ\u00e9e internationale de la solidarit\u00e9\u00a0;<\/p>\n<p>L\u2019Assembl\u00e9e g\u00e9n\u00e9rale des Nations Unies a proclam\u00e9 le 20 d\u00e9cembre de chaque ann\u00e9e par sa r\u00e9solution 60\/209, Journ\u00e9e internationale de la solidarit\u00e9 humaine, afin de souligner l\u2019importance de la promotion d\u2019une culture de solidarit\u00e9 et d\u2019un esprit de partage pour lutter contre la pauvret\u00e9\u00a0;<\/p>\n<p>Il s\u2019agit notamment de\u00a0:<\/p>\n<p>\u2013\u00a0\u00a0C\u00e9l\u00e9brer notre unit\u00e9 et notre diversit\u00e9\u00a0;<\/p>\n<p>\u2013\u00a0\u00a0Rappeler aux gouvernements de respecter leurs engagements internationaux\u00a0;<\/p>\n<p>\u2013\u00a0\u00a0Sensibiliser l\u2019opinion publique \u00e0 l\u2019importance de la solidarit\u00e9\u00a0;<\/p>\n<p>\u2013\u00a0\u00a0Encourager le d\u00e9bat sur les fa\u00e7ons de promouvoir la solidarit\u00e9 pour r\u00e9aliser les objectifs de d\u00e9veloppement durable\u00a0(ODD)\u00a0;<\/p>\n<p>\u2013\u00a0\u00a0Agir pour encourager de nouvelles initiatives pour lutter contre la pauvret\u00e9.<\/p>\n<p>Notre pays a entrepris depuis quelques ann\u00e9es une politique vigoureuse de promotion et d\u2019int\u00e9gration inclusive des personnes vuln\u00e9rables au programme de d\u00e9veloppement durable, comme en t\u00e9moigne l\u2019adoption de la toute premi\u00e8re Politique Nationale de Protection Sociale.<\/p>\n<p>Parmi les acquis, il faut citer l\u2019existence d\u2019un Fonds de D\u00e9veloppement Social et de Solidarit\u00e9. Ce Fonds contribue \u00e0 venir en aide aux plus pauvres de notre pays\u00a0;<\/p>\n<p>Le Registre Social Unifie (RSU) qui est en cours de formalisation viendra soutenir les initiatives d\u00e9j\u00e0 en cours qu\u2019il faut capitaliser au compte des efforts du gouvernement et des partenaires techniques et financiers visant \u00e0 r\u00e9duire la pauvret\u00e9.<\/p>\n<p>En Guin\u00e9e, il s\u2019agira d\u00e9sormais de c\u00e9l\u00e9brer au-del\u00e0 de cette journ\u00e9e du 20 d\u00e9cembre tout un mois d\u00e9di\u00e9 \u00e0 la solidarit\u00e9 avec nos compatriotes qui sont les plus d\u00e9munis.<\/p>\n<p>C\u2019est l\u2019occasion de saisir cette opportunit\u00e9 pour la prise en compte de la situation de pr\u00e9carit\u00e9 r\u00e9elle des personnes vuln\u00e9rables, comprendre la\u00a0<span style=\"text-decoration: line-through;\"><span style=\"font-style: inherit; font-weight: inherit;\">leurs<\/span><\/span>\u00a0causes et agir.<\/p>\n<p>Nous devons faire respecter l\u2019engagement de notre pays, a promouvoir la solidarit\u00e9 afin de r\u00e9aliser nos programmes et projet de filets sociaux productifs et d\u2019inclusion sociale et \u00e9conomique pour le d\u00e9veloppement, notamment l\u2019\u00e9limination de la pr\u00e9carit\u00e9 et de la stigmatisation.<\/p>\n<p>La solidarit\u00e9 est le 3<sup style=\"font-style: inherit; font-weight: inherit;\">\u00e8\u00a0<\/sup>segment de notre devise qui est \u00ab\u00a0Travail-Justice-Solidarit\u00e9\u00a0\u00bb. L\u2019aide aux victimes des catastrophes, des calamit\u00e9s et aux d\u00e9munies, a toujours \u00e9t\u00e9 au centre des pr\u00e9occupations de mon d\u00e9partement.<\/p>\n<p>L\u2019an dernier, nous avons proc\u00e9d\u00e9 essentiellement \u00e0 l\u2019installation des premi\u00e8res caisses de solidarit\u00e9 dans certains lieux publics et priv\u00e9s de la ville de Conakry. Cette ann\u00e9e, apr\u00e8s avoir fait la situation de ces caisses, mon D\u00e9partement par ma voix, remercie tous les aimables donateurs. Le processus se poursuivra dans d\u2019autres endroits d\u00e9j\u00e0 cibl\u00e9s.<\/p>\n<p>Je remercie tr\u00e8s sinc\u00e8rement, son Excellence Monsieur le Premier Ministre, Chef du Gouvernement\u00a0 Ibrahima Kassory Fofana, sous la clairvoyance du Pr. Alpha COND\u00c9, Pr\u00e9sident de la R\u00e9publique, Chef de l\u2019Etat, pour toutes les bonnes dispositions en faveur de la Solidarit\u00e9 Nationale.<\/p>\n<p>Je profite de cette occasion pour solliciter de toutes les citoyennes et de tous les citoyens un amour agissant dans leurs rapports quotidiens, sans le concours du quel aucune solidarit\u00e9 n\u2019est possible.<\/p>\n<p>Tout en souhaitant plein succ\u00e8s \u00e0 cette journ\u00e9e, je vous remercie d\u2019avance de votre \u00e9lan de solidarit\u00e9.<\/p>\n<p>Vive la solidarit\u00e9 nationale pour une Guin\u00e9e unie et prosp\u00e8re\u00a0;<\/p>\n<p>Vive la Coop\u00e9ration Internationale<\/p>\n<p>Je vous remercie.<\/p>\n<p><strong style=\"font-style: inherit;\">Transmis par la Cellule de Communication du Gouvernement\u00a0<\/strong><\/p>\n","protected":false},"excerpt":{"rendered":"<p>Conakry, le 20 D\u00e9cembre 2018 \u2013 Chers compatriotes, Mesdames et Messieurs\u00a0; A l\u2019instar des autres pays, la R\u00e9publique de Guin\u00e9e c\u00e9l\u00e8brera ce 20 d\u00e9cembre, la journ\u00e9e internationale de la solidarit\u00e9\u00a0; L\u2019Assembl\u00e9e g\u00e9n\u00e9rale des Nations Unies a proclam\u00e9 le 20 d\u00e9cembre de chaque ann\u00e9e par sa r\u00e9solution 60\/209, Journ\u00e9e internationale de la solidarit\u00e9 humaine, afin de [&hellip;]<\/p>\n","protected":false},"author":2,"featured_media":6287,"comment_status":"open","ping_status":"open","sticky":false,"template":"","format":"standard","meta":{"footnotes":""},"categories":[2],"tags":[],"class_list":["post-6286","post","type-post","status-publish","format-standard","has-post-thumbnail","hentry","category-actualites"],"_links":{"self":[{"href":"https:\/\/www.friaguinee.net\/index.php\/wp-json\/wp\/v2\/posts\/6286","targetHints":{"allow":["GET"]}}],"collection":[{"href":"https:\/\/www.friaguinee.net\/index.php\/wp-json\/wp\/v2\/posts"}],"about":[{"href":"https:\/\/www.friaguinee.net\/index.php\/wp-json\/wp\/v2\/types\/post"}],"author":[{"embeddable":true,"href":"https:\/\/www.friaguinee.net\/index.php\/wp-json\/wp\/v2\/users\/2"}],"replies":[{"embeddable":true,"href":"https:\/\/www.friaguinee.net\/index.php\/wp-json\/wp\/v2\/comments?post=6286"}],"version-history":[{"count":1,"href":"https:\/\/www.friaguinee.net\/index.php\/wp-json\/wp\/v2\/posts\/6286\/revisions"}],"predecessor-version":[{"id":6288,"href":"https:\/\/www.friaguinee.net\/index.php\/wp-json\/wp\/v2\/posts\/6286\/revisions\/6288"}],"wp:featuredmedia":[{"embeddable":true,"href":"https:\/\/www.friaguinee.net\/index.php\/wp-json\/wp\/v2\/media\/6287"}],"wp:attachment":[{"href":"https:\/\/www.friaguinee.net\/index.php\/wp-json\/wp\/v2\/media?parent=6286"}],"wp:term":[{"taxonomy":"category","embeddable":true,"href":"https:\/\/www.friaguinee.net\/index.php\/wp-json\/wp\/v2\/categories?post=6286"},{"taxonomy":"post_tag","embeddable":true,"href":"https:\/\/www.friaguinee.net\/index.php\/wp-json\/wp\/v2\/tags?post=6286"}],"curies":[{"name":"wp","href":"https:\/\/api.w.org\/{rel}","templated":true}]}}