{"id":6276,"date":"2018-12-20T12:49:25","date_gmt":"2018-12-20T12:49:25","guid":{"rendered":"http:\/\/www.friaguinee.net\/?p=6276"},"modified":"2018-12-20T13:14:28","modified_gmt":"2018-12-20T13:14:28","slug":"fria-face-a-la-propagation-de-la-poudre-dalumine-le-bureau-du-marche-prend-des-mesures-drastiques","status":"publish","type":"post","link":"https:\/\/www.friaguinee.net\/index.php\/2018\/12\/20\/fria-face-a-la-propagation-de-la-poudre-dalumine-le-bureau-du-marche-prend-des-mesures-drastiques\/","title":{"rendered":"Fria\u00a0: face \u00e0 la propagation de la poudre d\u2019alumine, le bureau du march\u00e9 prend des mesures drastiques"},"content":{"rendered":"<p>Appel\u00e9e la \u2018\u2019Cit\u00e9 de l\u2019alumine\u2019\u2019, la ville de Fria \u00e0 ce jour, correspond parfaitement au sens propre du terme\u00a0puisque\u00a0 depuis quelques temps, de la poudre d\u2019alumine s\u2019\u00e9chappe des installations de l\u2019usine Rusal-Friguia, dont le processus de production a \u00e9t\u00e9 relanc\u00e9 le 31 mai 2018, apr\u00e8s six ans d\u2019arr\u00eat.<\/p>\n<p>Il suffit d\u2019observer les plantes, les v\u00e9hicules, les vaisselles et m\u00eame certains aliments non-couverts pour se rendre compte du danger auquel les populations sont expos\u00e9es quand on sait que la poudre d\u2019alumine contient des produits toxiques, dont de la soude caustique.<img loading=\"lazy\" decoding=\"async\" class=\"size-medium wp-image-6281 alignleft\" src=\"http:\/\/www.friaguinee.net\/wp-content\/uploads\/2018\/12\/plante-300x225.jpg\" alt=\"\" width=\"300\" height=\"225\" srcset=\"https:\/\/www.friaguinee.net\/wp-content\/uploads\/2018\/12\/plante-300x225.jpg 300w, https:\/\/www.friaguinee.net\/wp-content\/uploads\/2018\/12\/plante-80x60.jpg 80w, https:\/\/www.friaguinee.net\/wp-content\/uploads\/2018\/12\/plante-265x198.jpg 265w, https:\/\/www.friaguinee.net\/wp-content\/uploads\/2018\/12\/plante.jpg 373w\" sizes=\"auto, (max-width: 300px) 100vw, 300px\" \/><\/p>\n<p>La situation devient tr\u00e8s inqui\u00e9tante puisque dans la ville, plusieurs personnes se plaignent de grippe et de maux de gorge.<\/p>\n<p>En attendant que Rusal-Friguia (qui ne communique pas avec la presse locale) prenne des dispositions pour palier \u00e0 ce probl\u00e8me, les responsables du march\u00e9 central quant \u00e0 eux, ont adopt\u00e9 des strat\u00e9gies parmi lesquelles se trouve la couverture des aliments.<\/p>\n<p>\u00ab A toutes les vendeuses d\u2019aliments non couverts et qui ne se lavent pas tels que la p\u00e2te d&rsquo;arachide, l\u2019huile de palme ou d&rsquo;arachide, le pain etc&#8230;, nous avons demand\u00e9 de couvrir leurs marchandises\u2026\u00a0\u00bb nous a confi\u00e9 Youssouf Dian\u00e9, vice-pr\u00e9sident du bureau du march\u00e9 central.<\/p>\n<p>Plus loin, le vice-pr\u00e9sident d\u00e9clare que les d\u00e9sob\u00e9issants \u00a0peuvent s\u2019\u2019exposer \u00e0 de lourdes sanctions.<\/p>\n<p>\u00ab\u00a0Si nous trouvons ces aliments non-couverts, nous allons les verser et cela est indiscutable car la population est expos\u00e9e \u00e0 beaucoup de maladie. Il y a certains qui ont des probl\u00e8mes de c\u0153ur, d&rsquo;autres m\u00eames font des crises, tous les h\u00f4pitaux sont pleins de malade \u00a0\u00e0 cause de cette poudre d&rsquo;alumine. Nous ne pouvons pas emp\u00eacher les gens de revendre mais c&rsquo;est seulement si c\u2019est couvert parce que c&rsquo;est au march\u00e9 qu&rsquo;on attrape tout et nous, nous sommes l\u00e0 pour veiller sur \u00e7a\u00a0\u00bb mart\u00e8le-t-il.<img loading=\"lazy\" decoding=\"async\" class=\" wp-image-6282 alignright\" src=\"http:\/\/www.friaguinee.net\/wp-content\/uploads\/2018\/12\/alumine-225x300.jpg\" alt=\"\" width=\"188\" height=\"251\" srcset=\"https:\/\/www.friaguinee.net\/wp-content\/uploads\/2018\/12\/alumine-225x300.jpg 225w, https:\/\/www.friaguinee.net\/wp-content\/uploads\/2018\/12\/alumine.jpg 696w, https:\/\/www.friaguinee.net\/wp-content\/uploads\/2018\/12\/alumine-315x420.jpg 315w\" sizes=\"auto, (max-width: 188px) 100vw, 188px\" \/><\/p>\n<p>Avant l\u2019annonce des dispositions prises par les responsables du bureau du march\u00e9, certaines vendeuses avaient d\u00e9j\u00e0 pris le devant.<\/p>\n<p>\u00ab\u00a0Nous les vendeuses, nous devons couvrir les aliments que nous vendons parce que \u00a0l&rsquo;alumine qui se \u00a0propage l\u00e0 n&rsquo;est pas du tout bon pour notre sant\u00e9. C\u2019est pourquoi, moi je n&rsquo;attends \u00a0pas que les responsables du march\u00e9 viennent me rappeler cela, j\u2019invite les autres aussi \u00e0 faire autant\u00a0\u00bb indique Fanta Soumah.<\/p>\n<p>Des travailleurs de l\u2019usine, ont sous le couvert de l\u2019anonymat, r\u00e9v\u00e9l\u00e9 que la panne de certaines d\u00e9poussi\u00e9reuses, serait la cause de cet \u00e9chappement.<\/p>\n<p><strong>Oumou Hawa Kant\u00e9 pour friaguinee.net<\/strong><\/p>\n","protected":false},"excerpt":{"rendered":"<p>Appel\u00e9e la \u2018\u2019Cit\u00e9 de l\u2019alumine\u2019\u2019, la ville de Fria \u00e0 ce jour, correspond parfaitement au sens propre du terme\u00a0puisque\u00a0 depuis quelques temps, de la poudre d\u2019alumine s\u2019\u00e9chappe des installations de l\u2019usine Rusal-Friguia, dont le processus de production a \u00e9t\u00e9 relanc\u00e9 le 31 mai 2018, apr\u00e8s six ans d\u2019arr\u00eat. Il suffit d\u2019observer les plantes, les v\u00e9hicules, [&hellip;]<\/p>\n","protected":false},"author":2,"featured_media":6277,"comment_status":"open","ping_status":"open","sticky":false,"template":"","format":"standard","meta":{"footnotes":""},"categories":[2],"tags":[281,49,664,663],"class_list":["post-6276","post","type-post","status-publish","format-standard","has-post-thumbnail","hentry","category-actualites","tag-alumine","tag-fria","tag-poudre","tag-propagation"],"_links":{"self":[{"href":"https:\/\/www.friaguinee.net\/index.php\/wp-json\/wp\/v2\/posts\/6276","targetHints":{"allow":["GET"]}}],"collection":[{"href":"https:\/\/www.friaguinee.net\/index.php\/wp-json\/wp\/v2\/posts"}],"about":[{"href":"https:\/\/www.friaguinee.net\/index.php\/wp-json\/wp\/v2\/types\/post"}],"author":[{"embeddable":true,"href":"https:\/\/www.friaguinee.net\/index.php\/wp-json\/wp\/v2\/users\/2"}],"replies":[{"embeddable":true,"href":"https:\/\/www.friaguinee.net\/index.php\/wp-json\/wp\/v2\/comments?post=6276"}],"version-history":[{"count":4,"href":"https:\/\/www.friaguinee.net\/index.php\/wp-json\/wp\/v2\/posts\/6276\/revisions"}],"predecessor-version":[{"id":6284,"href":"https:\/\/www.friaguinee.net\/index.php\/wp-json\/wp\/v2\/posts\/6276\/revisions\/6284"}],"wp:featuredmedia":[{"embeddable":true,"href":"https:\/\/www.friaguinee.net\/index.php\/wp-json\/wp\/v2\/media\/6277"}],"wp:attachment":[{"href":"https:\/\/www.friaguinee.net\/index.php\/wp-json\/wp\/v2\/media?parent=6276"}],"wp:term":[{"taxonomy":"category","embeddable":true,"href":"https:\/\/www.friaguinee.net\/index.php\/wp-json\/wp\/v2\/categories?post=6276"},{"taxonomy":"post_tag","embeddable":true,"href":"https:\/\/www.friaguinee.net\/index.php\/wp-json\/wp\/v2\/tags?post=6276"}],"curies":[{"name":"wp","href":"https:\/\/api.w.org\/{rel}","templated":true}]}}