{"id":6223,"date":"2018-12-17T15:25:42","date_gmt":"2018-12-17T15:25:42","guid":{"rendered":"http:\/\/www.friaguinee.net\/?p=6223"},"modified":"2018-12-17T15:25:42","modified_gmt":"2018-12-17T15:25:42","slug":"fria-le-commandant-de-la-region-militaire-de-kindia-en-contact-avec-les-services-de-defense-et-de-securite","status":"publish","type":"post","link":"https:\/\/www.friaguinee.net\/index.php\/2018\/12\/17\/fria-le-commandant-de-la-region-militaire-de-kindia-en-contact-avec-les-services-de-defense-et-de-securite\/","title":{"rendered":"Fria\u00a0: le commandant de la r\u00e9gion militaire de Kindia en contact avec les services de d\u00e9fense et de s\u00e9curit\u00e9"},"content":{"rendered":"<p>Dans le but de prendre contact avec les diff\u00e9rentes unit\u00e9s de la r\u00e9gion, le commandant de la r\u00e9gion militaire de Kindia \u00e9tait l\u2019h\u00f4te des services de d\u00e9fense et de s\u00e9curit\u00e9 de la pr\u00e9fecture de Fria.<img loading=\"lazy\" decoding=\"async\" class=\"size-medium wp-image-6227 alignleft\" src=\"http:\/\/www.friaguinee.net\/wp-content\/uploads\/2018\/12\/camp3-300x225.jpg\" alt=\"\" width=\"300\" height=\"225\" srcset=\"https:\/\/www.friaguinee.net\/wp-content\/uploads\/2018\/12\/camp3-300x225.jpg 300w, https:\/\/www.friaguinee.net\/wp-content\/uploads\/2018\/12\/camp3-80x60.jpg 80w, https:\/\/www.friaguinee.net\/wp-content\/uploads\/2018\/12\/camp3-265x198.jpg 265w, https:\/\/www.friaguinee.net\/wp-content\/uploads\/2018\/12\/camp3.jpg 373w\" sizes=\"auto, (max-width: 300px) 100vw, 300px\" \/><\/p>\n<p>Chaleureusement accueilli par les autorit\u00e9s locales au camp militaire, le colonel accompagn\u00e9 d\u2019une forte d\u00e9l\u00e9gation a, apr\u00e8s avoir pr\u00e9sent\u00e9 les membres de sa d\u00e9l\u00e9gation, tout d\u2019abord transmis le message de fraternelle salutation de sa hi\u00e9rarchie avant de d\u00e9cliner l\u2019objectif g\u00e9n\u00e9ral de sa visite.<\/p>\n<p>\u00ab\u00a0<em>Nous vous adressons les salutations fraternelles de nos hi\u00e9rarchie\u2026Nous sommes l\u00e0 pour vous remercier de la qualit\u00e9 du service que chacun rend dans son unit\u00e9. Nous ne devons pas rester dans les bureaux pour savoir si tout va bien, il faut \u00eatre en contact avec vous pour le savoir\u2026<\/em>\u00a0\u00bb a d\u00e9clar\u00e9 Colonel Ibrahima Kalil Cond\u00e9.<\/p>\n<p>Le haut grad\u00e9 n\u2019a pas manqu\u00e9 de rappel\u00e9 \u00e0 ses collaborateurs, la menace terroriste qui plane sur le pays.<img loading=\"lazy\" decoding=\"async\" class=\"size-medium wp-image-6225 alignright\" src=\"http:\/\/www.friaguinee.net\/wp-content\/uploads\/2018\/12\/camp1-225x300.jpg\" alt=\"\" width=\"225\" height=\"300\" srcset=\"https:\/\/www.friaguinee.net\/wp-content\/uploads\/2018\/12\/camp1-225x300.jpg 225w, https:\/\/www.friaguinee.net\/wp-content\/uploads\/2018\/12\/camp1.jpg 280w\" sizes=\"auto, (max-width: 225px) 100vw, 225px\" \/><\/p>\n<p>\u00ab\u00a0<em>Vous devez savoir que le monde est aujourd\u2019hui menac\u00e9 par le terrorisme, m\u00eame le Pentagone n\u2019est pas \u00e9pargn\u00e9. Nous dans la sous-r\u00e9gion, les dualistes ont promis que tous les pays contributeurs pour le retour de la paix au Mali, sont dans leurs collimateurs, ils veulent frapper tous ces pays\u2026On a envoy\u00e9 4 bataillons, un autre est en pr\u00e9paration, donc nous sommes repr\u00e9sent\u00e9s \u00e0 Kidal, \u00e7a veut dire que nous sommes dans le programme de frappe, nous devons \u00eatre vigilants \u00e0 tous les niveaux, nous ne devons plus dormir, nous devons pas \u00eatre surpris\u2026voil\u00e0 pourquoi nous sommes sortis, c\u2019est pour vous rappeler\u2026<\/em>\u00a0\u00bb a ajout\u00e9 le commandant de r\u00e9gion.<\/p>\n<p>Le commandant du camp militaire de Fria, n\u2019a pas cach\u00e9 sa satisfaction de la visite de son chef hi\u00e9rarchique. Lieutenant-Colonel Yaya Kalissa, a mis l\u2019occasion \u00e0 profit pour interpeller les populations de Fria.<\/p>\n<p>\u00ab\u00a0<em>Nous sommes ravis de cette visite, le fait de venir toucher du doigt les r\u00e9alit\u00e9s que nous vivons est une bonne chose. Il nous a rappel\u00e9 notre mission qui est celui de prot\u00e9ger les citoyens, il a invit\u00e9 les jeunes militaires \u00e0 s\u2019occuper de leur travail, de ne pas accepter de sombrer dans l\u2019alcool. Je profite de l\u2019occasion pour dire aux populations de Fria que nous ne sommes pas l\u00e0 contre eux, nous sommes l\u00e0 pour eux, nous ne leur demandons que la collaboration pour mettre les malfrats hors \u00e9tat de nuire\u2026<\/em>\u00a0\u00bb a-t-il lanc\u00e9.<img loading=\"lazy\" decoding=\"async\" class=\"aligncenter size-medium wp-image-6226\" src=\"http:\/\/www.friaguinee.net\/wp-content\/uploads\/2018\/12\/camp2-300x225.jpg\" alt=\"\" width=\"300\" height=\"225\" srcset=\"https:\/\/www.friaguinee.net\/wp-content\/uploads\/2018\/12\/camp2-300x225.jpg 300w, https:\/\/www.friaguinee.net\/wp-content\/uploads\/2018\/12\/camp2-80x60.jpg 80w, https:\/\/www.friaguinee.net\/wp-content\/uploads\/2018\/12\/camp2-265x198.jpg 265w, https:\/\/www.friaguinee.net\/wp-content\/uploads\/2018\/12\/camp2.jpg 373w\" sizes=\"auto, (max-width: 300px) 100vw, 300px\" \/><\/p>\n<p>Apr\u00e8s la visite du camp militaire, c\u2019est par un court entretien avec les autorit\u00e9s locales qui ont pris l\u2019engagement d\u2019\u0153uvrer pour la bonne collaboration civilo-militaire, que le s\u00e9jour du commandant et sa d\u00e9l\u00e9gation a pris fin dans la cit\u00e9 de l\u2019alumine.<\/p>\n<p>&nbsp;<\/p>\n<p><strong>Dj\u00e9nabou Batco Diallo<\/strong><\/p>\n","protected":false},"excerpt":{"rendered":"<p>Dans le but de prendre contact avec les diff\u00e9rentes unit\u00e9s de la r\u00e9gion, le commandant de la r\u00e9gion militaire de Kindia \u00e9tait l\u2019h\u00f4te des services de d\u00e9fense et de s\u00e9curit\u00e9 de la pr\u00e9fecture de Fria. Chaleureusement accueilli par les autorit\u00e9s locales au camp militaire, le colonel accompagn\u00e9 d\u2019une forte d\u00e9l\u00e9gation a, apr\u00e8s avoir pr\u00e9sent\u00e9 les [&hellip;]<\/p>\n","protected":false},"author":2,"featured_media":6224,"comment_status":"open","ping_status":"open","sticky":false,"template":"","format":"standard","meta":{"footnotes":""},"categories":[2],"tags":[651,49,224,390],"class_list":["post-6223","post","type-post","status-publish","format-standard","has-post-thumbnail","hentry","category-actualites","tag-commandant","tag-fria","tag-militaire","tag-region"],"_links":{"self":[{"href":"https:\/\/www.friaguinee.net\/index.php\/wp-json\/wp\/v2\/posts\/6223","targetHints":{"allow":["GET"]}}],"collection":[{"href":"https:\/\/www.friaguinee.net\/index.php\/wp-json\/wp\/v2\/posts"}],"about":[{"href":"https:\/\/www.friaguinee.net\/index.php\/wp-json\/wp\/v2\/types\/post"}],"author":[{"embeddable":true,"href":"https:\/\/www.friaguinee.net\/index.php\/wp-json\/wp\/v2\/users\/2"}],"replies":[{"embeddable":true,"href":"https:\/\/www.friaguinee.net\/index.php\/wp-json\/wp\/v2\/comments?post=6223"}],"version-history":[{"count":2,"href":"https:\/\/www.friaguinee.net\/index.php\/wp-json\/wp\/v2\/posts\/6223\/revisions"}],"predecessor-version":[{"id":6229,"href":"https:\/\/www.friaguinee.net\/index.php\/wp-json\/wp\/v2\/posts\/6223\/revisions\/6229"}],"wp:featuredmedia":[{"embeddable":true,"href":"https:\/\/www.friaguinee.net\/index.php\/wp-json\/wp\/v2\/media\/6224"}],"wp:attachment":[{"href":"https:\/\/www.friaguinee.net\/index.php\/wp-json\/wp\/v2\/media?parent=6223"}],"wp:term":[{"taxonomy":"category","embeddable":true,"href":"https:\/\/www.friaguinee.net\/index.php\/wp-json\/wp\/v2\/categories?post=6223"},{"taxonomy":"post_tag","embeddable":true,"href":"https:\/\/www.friaguinee.net\/index.php\/wp-json\/wp\/v2\/tags?post=6223"}],"curies":[{"name":"wp","href":"https:\/\/api.w.org\/{rel}","templated":true}]}}