{"id":5835,"date":"2018-11-02T19:48:59","date_gmt":"2018-11-02T19:48:59","guid":{"rendered":"http:\/\/www.friaguinee.net\/?p=5835"},"modified":"2018-11-02T19:48:59","modified_gmt":"2018-11-02T19:48:59","slug":"fria-une-dette-de-plus-de-93-millions-laissee-par-lequipe-sortante-de-la-mairie","status":"publish","type":"post","link":"https:\/\/www.friaguinee.net\/index.php\/2018\/11\/02\/fria-une-dette-de-plus-de-93-millions-laissee-par-lequipe-sortante-de-la-mairie\/","title":{"rendered":"Fria: une dette de plus de 93 millions laiss\u00e9e par l&rsquo;\u00e9quipe sortante de la mairie !"},"content":{"rendered":"<p>Le conseil communal de la commune urbaine de Fria a officiellement \u00e9t\u00e9 install\u00e9 ce vendredi 2 novembre 2018.<\/p>\n<p>Pr\u00e9sid\u00e9 par le secr\u00e9taire g\u00e9n\u00e9ral charg\u00e9 des collectivit\u00e9s d\u00e9centralis\u00e9es, la c\u00e9r\u00e9monie a connu la pr\u00e9sence des repr\u00e9sentants de toutes les couches sociales.<img loading=\"lazy\" decoding=\"async\" class=\"wp-image-5837 aligncenter\" src=\"http:\/\/www.friaguinee.net\/wp-content\/uploads\/2018\/11\/naby-300x180.jpg\" alt=\"\" width=\"618\" height=\"371\" srcset=\"https:\/\/www.friaguinee.net\/wp-content\/uploads\/2018\/11\/naby-300x180.jpg 300w, https:\/\/www.friaguinee.net\/wp-content\/uploads\/2018\/11\/naby.jpg 466w\" sizes=\"auto, (max-width: 618px) 100vw, 618px\" \/><\/p>\n<p>A cette occasion, \u00a0Naby Camara a f\u00e9licit\u00e9 le nouveau conseil communal et a lou\u00e9 le travail du conseil sortant au service des citoyens de la ville de Fria.<\/p>\n<p>Dans la lecture du rapport financier, le receveur communal a laiss\u00e9 entendre que l\u2019\u00e9quipe sortante dirig\u00e9e la secr\u00e9taire g\u00e9n\u00e9rale Y\u00e9likha Camara, c\u2019est-\u00e0-dire celle qui a assur\u00e9 l\u2019int\u00e9rim depuis la tenue des \u00e9lections le 4 f\u00e9vrier dernier, a contract\u00e9 une dette de\u00a0 93 millions 128 milles 487 GNF\u00a0 avant de pr\u00e9ciser qu\u2019\u00e0 ce jour, la commune ne dispose que d\u2019un montant de 9 millions 183 milles 133 GNF dans la caisse.<img loading=\"lazy\" decoding=\"async\" class=\"aligncenter  wp-image-5838\" src=\"http:\/\/www.friaguinee.net\/wp-content\/uploads\/2018\/11\/boffa1-265x300.jpg\" alt=\"\" width=\"559\" height=\"633\" srcset=\"https:\/\/www.friaguinee.net\/wp-content\/uploads\/2018\/11\/boffa1-265x300.jpg 265w, https:\/\/www.friaguinee.net\/wp-content\/uploads\/2018\/11\/boffa1.jpg 280w\" sizes=\"auto, (max-width: 559px) 100vw, 559px\" \/><\/p>\n<p>Le maire entrant quant \u00e0 lui, n\u2019a fait que d\u00e9plorer ce montant exorbitant issu de 11 mois de gestion.<\/p>\n<p>Pour rappel, c\u2019est le dimanche 7 octobre dernier que Mr Lansana Boffa Camara, t\u00eate de la liste de l\u2019UFDG a \u00e9t\u00e9 \u00e9lu avec 17 voix sur 28.<\/p>\n<p><strong>Dj\u00e9nabou Batco Diallo<\/strong><\/p>\n<p>&nbsp;<\/p>\n<p>&nbsp;<\/p>\n","protected":false},"excerpt":{"rendered":"<p>Le conseil communal de la commune urbaine de Fria a officiellement \u00e9t\u00e9 install\u00e9 ce vendredi 2 novembre 2018. Pr\u00e9sid\u00e9 par le secr\u00e9taire g\u00e9n\u00e9ral charg\u00e9 des collectivit\u00e9s d\u00e9centralis\u00e9es, la c\u00e9r\u00e9monie a connu la pr\u00e9sence des repr\u00e9sentants de toutes les couches sociales. A cette occasion, \u00a0Naby Camara a f\u00e9licit\u00e9 le nouveau conseil communal et a lou\u00e9 le [&hellip;]<\/p>\n","protected":false},"author":2,"featured_media":5836,"comment_status":"open","ping_status":"open","sticky":false,"template":"","format":"standard","meta":{"footnotes":""},"categories":[2],"tags":[],"class_list":["post-5835","post","type-post","status-publish","format-standard","has-post-thumbnail","hentry","category-actualites"],"_links":{"self":[{"href":"https:\/\/www.friaguinee.net\/index.php\/wp-json\/wp\/v2\/posts\/5835","targetHints":{"allow":["GET"]}}],"collection":[{"href":"https:\/\/www.friaguinee.net\/index.php\/wp-json\/wp\/v2\/posts"}],"about":[{"href":"https:\/\/www.friaguinee.net\/index.php\/wp-json\/wp\/v2\/types\/post"}],"author":[{"embeddable":true,"href":"https:\/\/www.friaguinee.net\/index.php\/wp-json\/wp\/v2\/users\/2"}],"replies":[{"embeddable":true,"href":"https:\/\/www.friaguinee.net\/index.php\/wp-json\/wp\/v2\/comments?post=5835"}],"version-history":[{"count":2,"href":"https:\/\/www.friaguinee.net\/index.php\/wp-json\/wp\/v2\/posts\/5835\/revisions"}],"predecessor-version":[{"id":5840,"href":"https:\/\/www.friaguinee.net\/index.php\/wp-json\/wp\/v2\/posts\/5835\/revisions\/5840"}],"wp:featuredmedia":[{"embeddable":true,"href":"https:\/\/www.friaguinee.net\/index.php\/wp-json\/wp\/v2\/media\/5836"}],"wp:attachment":[{"href":"https:\/\/www.friaguinee.net\/index.php\/wp-json\/wp\/v2\/media?parent=5835"}],"wp:term":[{"taxonomy":"category","embeddable":true,"href":"https:\/\/www.friaguinee.net\/index.php\/wp-json\/wp\/v2\/categories?post=5835"},{"taxonomy":"post_tag","embeddable":true,"href":"https:\/\/www.friaguinee.net\/index.php\/wp-json\/wp\/v2\/tags?post=5835"}],"curies":[{"name":"wp","href":"https:\/\/api.w.org\/{rel}","templated":true}]}}