{"id":5325,"date":"2018-09-27T16:30:37","date_gmt":"2018-09-27T16:30:37","guid":{"rendered":"http:\/\/www.friaguinee.net\/?p=5325"},"modified":"2018-09-27T16:38:02","modified_gmt":"2018-09-27T16:38:02","slug":"fria-la-d-p-e-annonce-de-nouvelles-dispositions-pour-le-transfert-des-eleves","status":"publish","type":"post","link":"https:\/\/www.friaguinee.net\/index.php\/2018\/09\/27\/fria-la-d-p-e-annonce-de-nouvelles-dispositions-pour-le-transfert-des-eleves\/","title":{"rendered":"Fria\u00a0: la D.P.E annonce de nouvelles dispositions pour le transfert des \u00e9l\u00e8ves"},"content":{"rendered":"<p>La rentr\u00e9e scolaire est pr\u00e9vue le 3 octobre 2018 sur toute l&rsquo;\u00e9tendue du territoire national.<\/p>\n<p>A Fria, les cadres de la direction pr\u00e9fectorale de l\u2019\u00e9ducation s\u2019activent dans les pr\u00e9paratifs.<\/p>\n<p>Selon le chef de la section p\u00e9dagogique, \u00e0 ce jour, toutes les conditions sont r\u00e9unies pour recevoir les \u00e9l\u00e8ves au jour indiqu\u00e9 par le minist\u00e8re de l\u2019\u00e9ducation nationale.<\/p>\n<p>\u00ab\u00a0Aujourd\u2019hui, je peux dire qu\u2019on est pr\u00eat \u00e0 recevoir les \u00e9l\u00e8ves le 3 octobre pour le d\u00e9marrage effectif des cours. Nous avons eu une rencontre au cours de laquelle nous avons fait la lecture de la feuille de route de l\u2019ann\u00e9e scolaire 2017-2018 qui comporte 16 points. Nous avons fait des commentaires autour des 16 points.\u00a0 Apr\u00e8s cette rencontre, nous avons demand\u00e9 \u00a0aux directeurs sous-pr\u00e9fectoraux de l\u2019\u00e9ducation, aux d\u00e9l\u00e9gu\u00e9s scolaires et aux responsables d\u2019\u00e9coles de proc\u00e9der au nettoyage des \u00e9tablissements, de v\u00e9rifier l\u2019\u00e9tat des salles de classe, de proc\u00e9der \u00e0 la r\u00e9paration des tables-bancs. Nous leur avons demand\u00e9 de mettre les tables-bancs irr\u00e9parables\u00a0 hors des salles de classe\u00a0\u00bb indique Isma\u00ebl Camara.<\/p>\n<p>Sur le plan p\u00e9dagogique, le responsable du domaine assure que tout est fin pr\u00eat.<\/p>\n<p>\u00ab\u00a0Aujourd\u2019hui, l\u2019emploi du temps g\u00e9n\u00e9ral est \u00e9labor\u00e9, les classes sont reparties, les enseignants sont r\u00e9partis, les emplois du temps individuels sont pr\u00eats. Les registres d\u2019appel et les fournitures sont envoy\u00e9s par le d\u00e9partement, le service de distribution du mat\u00e9riel a proc\u00e9d\u00e9 \u00e0 la distribution des fournitures \u00bb ajoute le chef de la section.<\/p>\n<p>Interpell\u00e9 sur la migration \u00e9lev\u00e9e des \u00e9l\u00e8ves, Isma\u00ebl Camara pr\u00e9cise que de nouvelles dispositions sont prises pour maitriser le mouvement des \u00e9l\u00e8ves de la pr\u00e9fecture.<\/p>\n<p>\u00ab\u00a0Beaucoup de parents d\u2019\u00e9l\u00e8ves viennent nous voir pour faire des transferts mais nous avons exig\u00e9 que toutes les demandes de transfert passent par la DPE, que ce soit d\u2019une \u00e9cole priv\u00e9e vers une \u00e9cole publique et vice-versa parce que nous voulons maitriser le mouvement des \u00e9l\u00e8ves dans la pr\u00e9fecture de Fria. Cette ann\u00e9e le transfert est r\u00e9glement\u00e9, il y a une proc\u00e9dure \u00e0 suivre. Pour le secondaire c\u2019est l\u2019IRE qui s\u2019en occupe tandis que la DPE elle, s\u2019occupe de l\u2019\u00e9l\u00e9mentaire\u00a0\u00bb pr\u00e9cise-t-il.<\/p>\n<p>Les modalit\u00e9s de retrait des dipl\u00f4mes des admis aux diff\u00e9rents examens sont \u00e9galement fix\u00e9s.<\/p>\n<p>\u00ab\u00a0Je profite de cette occasion pour informer tous les parents des \u00e9l\u00e8ves admis que les dipl\u00f4mes dont l\u00e0. Pour le baccalaur\u00e9at, il y a le dipl\u00f4me et le relev\u00e9 de notes. Le dipl\u00f4me est gratuit et le relev\u00e9 de note c\u2019est 25.000 fg. Pour le BEPC, le dipl\u00f4me est gratuit mais le parent doit faire deux copies du dipl\u00f4me, payer 2 timbres et 5000 fg pour l\u00e9galiser ces photocopies \u00e0 l\u2019 IRE de Bok\u00e9. Pour l\u2019entr\u00e9e en 7<sup>\u00e8me<\/sup>, le dipl\u00f4me co\u00fbte 20.000. Pour que l\u2019\u00e9l\u00e8ve soit inscrit dans une classe de 7<sup>\u00e8me<\/sup> ann\u00e9e, il faut qu\u2019il pr\u00e9sente son dipl\u00f4me\u00bb souligne le cadre de la D.P.E.<\/p>\n<p>A signaler que cette ann\u00e9e les admis au BEPC sont libres de choisir leurs options. Pour faire un choix judicieux, il est important que les parents s\u2019impliquent car selon Isma\u00ebl Camara, aucun changement ne sera possible apr\u00e8s l\u2019inscription d\u2019un \u00e9l\u00e8ve dans une option.<\/p>\n<p><strong>Dj\u00e9nabou Batco Diallo<\/strong><\/p>\n<p>&nbsp;<\/p>\n","protected":false},"excerpt":{"rendered":"<p>La rentr\u00e9e scolaire est pr\u00e9vue le 3 octobre 2018 sur toute l&rsquo;\u00e9tendue du territoire national. A Fria, les cadres de la direction pr\u00e9fectorale de l\u2019\u00e9ducation s\u2019activent dans les pr\u00e9paratifs. Selon le chef de la section p\u00e9dagogique, \u00e0 ce jour, toutes les conditions sont r\u00e9unies pour recevoir les \u00e9l\u00e8ves au jour indiqu\u00e9 par le minist\u00e8re de [&hellip;]<\/p>\n","protected":false},"author":2,"featured_media":4094,"comment_status":"open","ping_status":"open","sticky":false,"template":"","format":"standard","meta":{"footnotes":""},"categories":[5],"tags":[510,48,512,49,511],"class_list":["post-5325","post","type-post","status-publish","format-standard","has-post-thumbnail","hentry","category-education","tag-dispositions","tag-dpe","tag-eleves","tag-fria","tag-transfert"],"_links":{"self":[{"href":"https:\/\/www.friaguinee.net\/index.php\/wp-json\/wp\/v2\/posts\/5325","targetHints":{"allow":["GET"]}}],"collection":[{"href":"https:\/\/www.friaguinee.net\/index.php\/wp-json\/wp\/v2\/posts"}],"about":[{"href":"https:\/\/www.friaguinee.net\/index.php\/wp-json\/wp\/v2\/types\/post"}],"author":[{"embeddable":true,"href":"https:\/\/www.friaguinee.net\/index.php\/wp-json\/wp\/v2\/users\/2"}],"replies":[{"embeddable":true,"href":"https:\/\/www.friaguinee.net\/index.php\/wp-json\/wp\/v2\/comments?post=5325"}],"version-history":[{"count":6,"href":"https:\/\/www.friaguinee.net\/index.php\/wp-json\/wp\/v2\/posts\/5325\/revisions"}],"predecessor-version":[{"id":5332,"href":"https:\/\/www.friaguinee.net\/index.php\/wp-json\/wp\/v2\/posts\/5325\/revisions\/5332"}],"wp:featuredmedia":[{"embeddable":true,"href":"https:\/\/www.friaguinee.net\/index.php\/wp-json\/wp\/v2\/media\/4094"}],"wp:attachment":[{"href":"https:\/\/www.friaguinee.net\/index.php\/wp-json\/wp\/v2\/media?parent=5325"}],"wp:term":[{"taxonomy":"category","embeddable":true,"href":"https:\/\/www.friaguinee.net\/index.php\/wp-json\/wp\/v2\/categories?post=5325"},{"taxonomy":"post_tag","embeddable":true,"href":"https:\/\/www.friaguinee.net\/index.php\/wp-json\/wp\/v2\/tags?post=5325"}],"curies":[{"name":"wp","href":"https:\/\/api.w.org\/{rel}","templated":true}]}}