{"id":5132,"date":"2018-09-08T12:56:58","date_gmt":"2018-09-08T12:56:58","guid":{"rendered":"http:\/\/www.friaguinee.net\/?p=5132"},"modified":"2018-09-08T12:56:58","modified_gmt":"2018-09-08T12:56:58","slug":"royaume-uni-parti-en-vacances-a-letranger-un-enfant-dorigine-guineenne-perd-sa-nationalite","status":"publish","type":"post","link":"https:\/\/www.friaguinee.net\/index.php\/2018\/09\/08\/royaume-uni-parti-en-vacances-a-letranger-un-enfant-dorigine-guineenne-perd-sa-nationalite\/","title":{"rendered":"Royaume-Uni\u00a0: parti en vacances \u00e0 l&rsquo;\u00e9tranger, un enfant d&rsquo;origine guin\u00e9enne perd sa nationalit\u00e9"},"content":{"rendered":"<p>Mohamed Barrak Diallo ne peut plus revenir au Royaume-Uni. Son passeport a \u00e9t\u00e9 annul\u00e9 alors qu&rsquo;il \u00e9tait \u00e0 Bruxelles, rapporte \u00ab\u00a0Ouest-France\u00a0\u00bb.<\/p>\n<p><a href=\"https:\/\/www.ouest-france.fr\/leditiondusoir\/data\/33807\/reader\/reader.html#!preferred\/1\/package\/33807\/pub\/48694\/page\/9\">C&rsquo;est une situation ubuesque rapport\u00e9e par\u00a0<em>Ouest-France<\/em>\u00a0<\/a>. Mohamed Barrak Diallo,\u00a0six ans, est n\u00e9 au\u00a0<a href=\"http:\/\/www.lepoint.fr\/tags\/royaume-uni\">Royaume-Uni<\/a>. L&rsquo;enfant, dont la m\u00e8re est guin\u00e9enne, d\u00e9tient un passeport britannique. Enfin, \u00e7a, c&rsquo;\u00e9tait avant. Parti en vacances en\u00a0<a href=\"http:\/\/www.lepoint.fr\/tags\/belgique\">Belgique<\/a>\u00a0chez des amis de sa famille, il devait revenir dimanche au Royaume-Uni. Mais, il se fait refouler \u00e0 l&rsquo;a\u00e9roport de Bruxelles. Sur ordre du\u00a0<a href=\"http:\/\/www.lepoint.fr\/tags\/ministere-de-l-interieur\">minist\u00e8re de l&rsquo;Int\u00e9rieur<\/a>britannique, le petit gar\u00e7on n&rsquo;a pas le droit de poser le pied dans le pays.<\/p>\n<p>Que s&rsquo;est-il donc pass\u00e9\u00a0? Le petit gar\u00e7on est bien n\u00e9 au Royaume-Uni. Mais le pays applique le droit du sang. En clair, pour acqu\u00e9rir la nationalit\u00e9 britannique, un enfant doit, certes, na\u00eetre sur le territoire, mais aussi que l&rsquo;un de ses deux parents poss\u00e8de la nationalit\u00e9 ou bien une autorisation de r\u00e9sidence permanente. Or, ni sa m\u00e8re ni son p\u00e8re ne remplissaient ces conditions au moment de sa naissance.<\/p>\n<p><strong>L&rsquo;ombre des \u00ab\u00a0Windrush\u00a0\u00bb<\/strong><\/p>\n<p>En th\u00e9orie, l&rsquo;enfant n&rsquo;aurait donc pas d\u00fb obtenir la nationalit\u00e9 britannique. Le minist\u00e8re de l&rsquo;Int\u00e9rieur affirme avoir envoy\u00e9 une lettre au mois de mars dernier pour informer que l&rsquo;enfant n&rsquo;avait plus la nationalit\u00e9. Selon\u00a0<a href=\"https:\/\/www.ouest-france.fr\/leditiondusoir\/data\/33807\/reader\/reader.html#!preferred\/1\/package\/33807\/pub\/48694\/page\/9\">Ouest-France<\/a>, la m\u00e8re n&rsquo;aurait \u00e9t\u00e9 pr\u00e9venue que par un e-mail apr\u00e8s le refus d&#8217;embarquement. Depuis, le petit gar\u00e7on est rest\u00e9 chez des amis \u00e0 Bruxelles. Sa m\u00e8re n&rsquo;ose pas quitter le Royaume-Uni de peur de se voir aussi interdire le retour.<\/p>\n<p>La situation fait d\u00e9sormais r\u00e9agir en\u00a0<a href=\"http:\/\/www.lepoint.fr\/tags\/grande-bretagne\">Grande-Bretagne<\/a>\u00a0\u00e0 cause du scandale \u00ab\u00a0Windrush\u00a0\u00bb. Des immigr\u00e9s arriv\u00e9s des Cara\u00efbes apr\u00e8s la Seconde Guerre mondiale qui ont \u00e9t\u00e9 victimes d&rsquo;une politique anti-immigration ces derniers mois. Un scandale qui a pouss\u00e9\u00a0<a href=\"http:\/\/www.lepoint.fr\/europe\/royaume-uni-demission-de-la-ministre-de-l-interieur-30-04-2018-2214595_2626.php#xtmc=immigration-royaume-uni&amp;xtnp=1&amp;xtcr=1\">\u00e0 la d\u00e9mission de la pr\u00e9c\u00e9dente ministre de l&rsquo;Int\u00e9rieur<\/a>. Sajid Javid, son successeur, a annonc\u00e9 que son minist\u00e8re \u00e9tudiait d\u00e9sormais \u00ab\u00a0toutes les options pour r\u00e9unir Mohamed et sa maman\u00a0\u00bb.<\/p>\n<p>&nbsp;<\/p>\n","protected":false},"excerpt":{"rendered":"<p>Mohamed Barrak Diallo ne peut plus revenir au Royaume-Uni. Son passeport a \u00e9t\u00e9 annul\u00e9 alors qu&rsquo;il \u00e9tait \u00e0 Bruxelles, rapporte \u00ab\u00a0Ouest-France\u00a0\u00bb. C&rsquo;est une situation ubuesque rapport\u00e9e par\u00a0Ouest-France\u00a0. Mohamed Barrak Diallo,\u00a0six ans, est n\u00e9 au\u00a0Royaume-Uni. L&rsquo;enfant, dont la m\u00e8re est guin\u00e9enne, d\u00e9tient un passeport britannique. Enfin, \u00e7a, c&rsquo;\u00e9tait avant. Parti en vacances en\u00a0Belgique\u00a0chez des amis de [&hellip;]<\/p>\n","protected":false},"author":2,"featured_media":5133,"comment_status":"open","ping_status":"open","sticky":false,"template":"","format":"standard","meta":{"footnotes":""},"categories":[1],"tags":[],"class_list":["post-5132","post","type-post","status-publish","format-standard","has-post-thumbnail","hentry","category-non-classe"],"_links":{"self":[{"href":"https:\/\/www.friaguinee.net\/index.php\/wp-json\/wp\/v2\/posts\/5132","targetHints":{"allow":["GET"]}}],"collection":[{"href":"https:\/\/www.friaguinee.net\/index.php\/wp-json\/wp\/v2\/posts"}],"about":[{"href":"https:\/\/www.friaguinee.net\/index.php\/wp-json\/wp\/v2\/types\/post"}],"author":[{"embeddable":true,"href":"https:\/\/www.friaguinee.net\/index.php\/wp-json\/wp\/v2\/users\/2"}],"replies":[{"embeddable":true,"href":"https:\/\/www.friaguinee.net\/index.php\/wp-json\/wp\/v2\/comments?post=5132"}],"version-history":[{"count":1,"href":"https:\/\/www.friaguinee.net\/index.php\/wp-json\/wp\/v2\/posts\/5132\/revisions"}],"predecessor-version":[{"id":5134,"href":"https:\/\/www.friaguinee.net\/index.php\/wp-json\/wp\/v2\/posts\/5132\/revisions\/5134"}],"wp:featuredmedia":[{"embeddable":true,"href":"https:\/\/www.friaguinee.net\/index.php\/wp-json\/wp\/v2\/media\/5133"}],"wp:attachment":[{"href":"https:\/\/www.friaguinee.net\/index.php\/wp-json\/wp\/v2\/media?parent=5132"}],"wp:term":[{"taxonomy":"category","embeddable":true,"href":"https:\/\/www.friaguinee.net\/index.php\/wp-json\/wp\/v2\/categories?post=5132"},{"taxonomy":"post_tag","embeddable":true,"href":"https:\/\/www.friaguinee.net\/index.php\/wp-json\/wp\/v2\/tags?post=5132"}],"curies":[{"name":"wp","href":"https:\/\/api.w.org\/{rel}","templated":true}]}}