{"id":50557,"date":"2024-05-03T16:12:58","date_gmt":"2024-05-03T16:12:58","guid":{"rendered":"http:\/\/www.friaguinee.net\/?p=50557"},"modified":"2024-05-03T16:13:00","modified_gmt":"2024-05-03T16:13:00","slug":"journee-mondiale-de-la-liberte-de-la-presse-les-medias-constituent-des-acteurs-essentiels-de-la-vie-publique-et-ils-doivent-jouer-un-role-majeur-dans-la-transition-fana-soumah","status":"publish","type":"post","link":"https:\/\/www.friaguinee.net\/index.php\/2024\/05\/03\/journee-mondiale-de-la-liberte-de-la-presse-les-medias-constituent-des-acteurs-essentiels-de-la-vie-publique-et-ils-doivent-jouer-un-role-majeur-dans-la-transition-fana-soumah\/","title":{"rendered":"Journ\u00e9e mondiale de la libert\u00e9 de la presse : \u201c Les m\u00e9dias constituent des acteurs essentiels de la vie publique et ils doivent jouer un r\u00f4le majeur dans la transition \u201d Fana Soumah"},"content":{"rendered":"\n<p><strong>D\u00e9claration du ministre Fana Soumah :<\/strong><\/p>\n\n\n\n<p><strong>Mesdames et messieurs,<\/strong><\/p>\n\n\n\n<p>Le monde des m\u00e9dias c\u00e9l\u00e8bre, le 03 mai de chaque ann\u00e9e, la journ\u00e9e mondiale de la libert\u00e9 de la presse. Elle constitue un moment de r\u00e9flexion entre professionnels des m\u00e9dias sur les questions li\u00e9es \u00e0 la libert\u00e9 de la presse, \u00e0 l\u2019\u00e9thique et \u00e0 la d\u00e9ontologie du m\u00e9tier de journaliste.<\/p>\n\n\n\n<p>Pour cette ann\u00e9e 2024, la 31\u00e8me Journ\u00e9e mondiale de la libert\u00e9 de la presse est consacr\u00e9e \u00e0 l\u2019importance du journalisme et de la libert\u00e9 d\u2019expression dans un contexte de crise environnementale mondiale actuelle. Cette crise climatique est malheureusement marqu\u00e9e par la d\u00e9sinformation et la m\u00e9sinformation qui remettent en cause les connaissances et les m\u00e9thodes de recherche scientifique. Des informations trompeuses et fausses sont diffus\u00e9es pour susciter le doute face aux questions environnementales, \u00e0 leur impact et \u00e0 leur urgence, sapant ainsi les efforts internationaux pour y rem\u00e9dier.<\/p>\n\n\n\n<p><strong>Mesdames et messieurs,<\/strong><\/p>\n\n\n\n<p>La Guin\u00e9e n\u2019est malheureusement pas en marge de cette crise li\u00e9e au d\u00e9sordre informationnel. Cela se ressent non seulement sur les questions environnementales mais aussi sur les questions sociales, politiques, \u00e9conomiques et culturelles. C\u2019est pourquoi le d\u00e9partement de l\u2019information et de la Communication a mis un accent particulier sur la formation et le renforcement des capacit\u00e9s des journalistes \u00e0 utiliser des pratiques de v\u00e9rification et de l\u00e9gitimation des contenus.<\/p>\n\n\n\n<p>Nous devons nous inscrire dans la dynamique de valorisation d\u2019un travail journalistique qui valorise la notion de v\u00e9rit\u00e9 et qui doit la respecter, \u00e0 travers le recoupement et la v\u00e9rification des faits.<\/p>\n\n\n\n<p>Depuis ma nomination \u00e0 la t\u00eate du d\u00e9partement de l\u2019information et de la communication, j\u2019ai eu \u00e0 visiter plusieurs r\u00e9dactions des medias priv\u00e9s. Les d\u00e9fis sont nombreux mais pas insurmontables. Partout, j\u2019ai livr\u00e9 un message ax\u00e9 sur les notions de responsabilit\u00e9 sociale du journaliste. Je r\u00e9it\u00e8re encore ici la ferme volont\u00e9 Pr\u00e9sident de la Republique, le G\u00e9n\u00e9ral de Corps d\u2019Arm\u00e9e Mamadi Doumbouya pour l\u2019\u00e9mergence d\u2019une presse libre, ind\u00e9pendante et responsable.<\/p>\n\n\n\n<p>En effet, depuis la prise de responsabilit\u00e9 intervenue le 05 septembre 2021, le Pr\u00e9sident de la R\u00e9publique a pos\u00e9 plusieurs actes dans le sens de valoriser la presse guin\u00e9enne dans son ensemble. La subvention que l\u2019Etat accorde \u00e0 la presse a \u00e9t\u00e9 revue \u00e0 la hausse, des maisons de la presse ont \u00e9t\u00e9 mises \u00e0 disposition des hommes et femmes des m\u00e9dias tant \u00e0 Conakry qu\u2019\u00e0 l\u2019int\u00e9rieur du pays. Sans oublier les nombreuses nominations des journalistes du public et du priv\u00e9 \u00e0 des postes de responsabilit\u00e9s \u00e0 tous les niveaux de l\u2019administration.<\/p>\n\n\n\n<p><strong>Mesdames et messieurs,<\/strong><\/p>\n\n\n\n<p>Face aux enjeux et d\u00e9fis qui se posent \u00e0 certains organes de presse actuellement, il est important de tirer ensemble les le\u00e7ons. Les m\u00e9dias doivent travailler avec plus de responsabilit\u00e9 pour \u00e9viter les d\u00e9parages. A propos, j\u2019appelle \u00e0 la prise de conscience et \u00e0 l\u2019engagement des acteurs des organisations et associations de presse \u00e0 mettre en place un organe d\u2019auto-r\u00e9gulation. La mise en place de ce type de m\u00e9canisme permettra sans nul doute un r\u00e8glement pacifique et constructif d\u2019\u00e9ventuels conflits.<\/p>\n\n\n\n<p><strong>Mesdames et messieurs,<\/strong><\/p>\n\n\n\n<p>Les m\u00e9dias constituent des acteurs essentiels de la vie publique et ils doivent jouer un r\u00f4le majeur dans la transition. Je vous invite donc \u00e0 travailler avec responsabilit\u00e9 dans le respect de l\u2019\u00e9thique et de la d\u00e9ontologie pour une transition r\u00e9ussie en Guin\u00e9e. Nous ne pouvons lutter contre la m\u00e9sinformation et la d\u00e9sinformation, sans la formation et la prise de conscience des enjeux et d\u00e9fis li\u00e9s \u00e0 la s\u00e9curit\u00e9 nationale, \u00e0 la vie priv\u00e9e et au d\u00e9veloppement de notre pays.<\/p>\n\n\n\n<p><strong>Mesdames et messieurs,<\/strong><\/p>\n\n\n\n<p>En cette journ\u00e9e mondiale de la libert\u00e9 de la presse, je rends hommage \u00e0 tous les journalistes, ici en Guin\u00e9e et dans le monde entier, qui travaillent sans rel\u00e2che pour informer le public. Je r\u00e9affirme l\u2019engagement du Pr\u00e9sident de la Republique, le G\u00e9n\u00e9ral de Corps d\u2019Arm\u00e9e Mamadi Doumbouya et son Premier Ministre, Chef du Gouvernement Monsieur Amadou Bah, pour une presse libre, ind\u00e9pendante et responsable en Guin\u00e9e. Nous devons continuer \u00e0 promouvoir le travail des journalistes et redoubler d\u2019efforts dans la lutte contre la d\u00e9sinformation et les fakenews.<\/p>\n\n\n\n<p><strong>Vive Journ\u00e9e mondiale de la libert\u00e9 de la presse.<\/strong><\/p>\n\n\n\n<p><strong>Dieu benisse la Guin\u00e9e.&nbsp;<\/strong><\/p>\n\n\n\n<p><strong>Je vous remercie&nbsp;<\/strong><\/p>\n","protected":false},"excerpt":{"rendered":"<p>D\u00e9claration du ministre Fana Soumah : Mesdames et messieurs, Le monde des m\u00e9dias c\u00e9l\u00e8bre, le 03 mai de chaque ann\u00e9e, la journ\u00e9e mondiale de la libert\u00e9 de la presse. Elle constitue un moment de r\u00e9flexion entre professionnels des m\u00e9dias sur les questions li\u00e9es \u00e0 la libert\u00e9 de la presse, \u00e0 l\u2019\u00e9thique et \u00e0 la d\u00e9ontologie [&hellip;]<\/p>\n","protected":false},"author":3,"featured_media":50558,"comment_status":"open","ping_status":"open","sticky":false,"template":"","format":"standard","meta":{"footnotes":""},"categories":[2],"tags":[],"class_list":["post-50557","post","type-post","status-publish","format-standard","has-post-thumbnail","hentry","category-actualites"],"_links":{"self":[{"href":"https:\/\/www.friaguinee.net\/index.php\/wp-json\/wp\/v2\/posts\/50557","targetHints":{"allow":["GET"]}}],"collection":[{"href":"https:\/\/www.friaguinee.net\/index.php\/wp-json\/wp\/v2\/posts"}],"about":[{"href":"https:\/\/www.friaguinee.net\/index.php\/wp-json\/wp\/v2\/types\/post"}],"author":[{"embeddable":true,"href":"https:\/\/www.friaguinee.net\/index.php\/wp-json\/wp\/v2\/users\/3"}],"replies":[{"embeddable":true,"href":"https:\/\/www.friaguinee.net\/index.php\/wp-json\/wp\/v2\/comments?post=50557"}],"version-history":[{"count":1,"href":"https:\/\/www.friaguinee.net\/index.php\/wp-json\/wp\/v2\/posts\/50557\/revisions"}],"predecessor-version":[{"id":50559,"href":"https:\/\/www.friaguinee.net\/index.php\/wp-json\/wp\/v2\/posts\/50557\/revisions\/50559"}],"wp:featuredmedia":[{"embeddable":true,"href":"https:\/\/www.friaguinee.net\/index.php\/wp-json\/wp\/v2\/media\/50558"}],"wp:attachment":[{"href":"https:\/\/www.friaguinee.net\/index.php\/wp-json\/wp\/v2\/media?parent=50557"}],"wp:term":[{"taxonomy":"category","embeddable":true,"href":"https:\/\/www.friaguinee.net\/index.php\/wp-json\/wp\/v2\/categories?post=50557"},{"taxonomy":"post_tag","embeddable":true,"href":"https:\/\/www.friaguinee.net\/index.php\/wp-json\/wp\/v2\/tags?post=50557"}],"curies":[{"name":"wp","href":"https:\/\/api.w.org\/{rel}","templated":true}]}}