{"id":50337,"date":"2024-03-31T16:13:34","date_gmt":"2024-03-31T16:13:34","guid":{"rendered":"http:\/\/www.friaguinee.net\/?p=50337"},"modified":"2024-03-31T16:13:35","modified_gmt":"2024-03-31T16:13:35","slug":"media-le-gfm-annonce-le-deces-du-journaliste-gilles-mory-conde-communique","status":"publish","type":"post","link":"https:\/\/www.friaguinee.net\/index.php\/2024\/03\/31\/media-le-gfm-annonce-le-deces-du-journaliste-gilles-mory-conde-communique\/","title":{"rendered":"M\u00e9dia : le GFM annonce le d\u00e9c\u00e8s du journaliste Gilles Mory Cond\u00e9 (Communiqu\u00e9)"},"content":{"rendered":"\n<p>La Direction G\u00e9n\u00e9rale du Groupe Fr\u00e9quence M\u00e9dias a la profonde douleur de vous annoncer le d\u00e9c\u00e8s de Gilles Mory Cond\u00e9, journaliste \u00e0 la radio FIM Guin\u00e9e. D\u00e9c\u00e8s survenu ce petit matin du 31 mars \u00e0 l\u2019h\u00f4pital Donka des suites de maladie.<\/p>\n\n\n\n<p>La Direction G\u00e9n\u00e9rale du GFM au nom de son personnel pr\u00e9sente ses condol\u00e9ances \u00e0 la famille biologique, aux employ\u00e9s ainsi qu\u2019aux auditeurs de FIM FM.<\/p>\n\n\n\n<p>Que l\u2019\u00e2me de notre coll\u00e8gue Gilles Mory Cond\u00e9 repose en paix. Amen!<\/p>\n\n\n\n<p><strong>LA DIRECTION G\u00c9N\u00c9RALE<\/strong><\/p>\n","protected":false},"excerpt":{"rendered":"<p>La Direction G\u00e9n\u00e9rale du Groupe Fr\u00e9quence M\u00e9dias a la profonde douleur de vous annoncer le d\u00e9c\u00e8s de Gilles Mory Cond\u00e9, journaliste \u00e0 la radio FIM Guin\u00e9e. D\u00e9c\u00e8s survenu ce petit matin du 31 mars \u00e0 l\u2019h\u00f4pital Donka des suites de maladie. La Direction G\u00e9n\u00e9rale du GFM au nom de son personnel pr\u00e9sente ses condol\u00e9ances \u00e0 [&hellip;]<\/p>\n","protected":false},"author":2,"featured_media":50338,"comment_status":"open","ping_status":"open","sticky":false,"template":"","format":"standard","meta":{"footnotes":""},"categories":[151],"tags":[],"class_list":["post-50337","post","type-post","status-publish","format-standard","has-post-thumbnail","hentry","category-necrologie"],"_links":{"self":[{"href":"https:\/\/www.friaguinee.net\/index.php\/wp-json\/wp\/v2\/posts\/50337","targetHints":{"allow":["GET"]}}],"collection":[{"href":"https:\/\/www.friaguinee.net\/index.php\/wp-json\/wp\/v2\/posts"}],"about":[{"href":"https:\/\/www.friaguinee.net\/index.php\/wp-json\/wp\/v2\/types\/post"}],"author":[{"embeddable":true,"href":"https:\/\/www.friaguinee.net\/index.php\/wp-json\/wp\/v2\/users\/2"}],"replies":[{"embeddable":true,"href":"https:\/\/www.friaguinee.net\/index.php\/wp-json\/wp\/v2\/comments?post=50337"}],"version-history":[{"count":1,"href":"https:\/\/www.friaguinee.net\/index.php\/wp-json\/wp\/v2\/posts\/50337\/revisions"}],"predecessor-version":[{"id":50339,"href":"https:\/\/www.friaguinee.net\/index.php\/wp-json\/wp\/v2\/posts\/50337\/revisions\/50339"}],"wp:featuredmedia":[{"embeddable":true,"href":"https:\/\/www.friaguinee.net\/index.php\/wp-json\/wp\/v2\/media\/50338"}],"wp:attachment":[{"href":"https:\/\/www.friaguinee.net\/index.php\/wp-json\/wp\/v2\/media?parent=50337"}],"wp:term":[{"taxonomy":"category","embeddable":true,"href":"https:\/\/www.friaguinee.net\/index.php\/wp-json\/wp\/v2\/categories?post=50337"},{"taxonomy":"post_tag","embeddable":true,"href":"https:\/\/www.friaguinee.net\/index.php\/wp-json\/wp\/v2\/tags?post=50337"}],"curies":[{"name":"wp","href":"https:\/\/api.w.org\/{rel}","templated":true}]}}