{"id":50207,"date":"2024-03-13T11:27:00","date_gmt":"2024-03-13T11:27:00","guid":{"rendered":"http:\/\/www.friaguinee.net\/?p=50207"},"modified":"2024-03-13T11:27:02","modified_gmt":"2024-03-13T11:27:02","slug":"senegal-lagent-judiciaire-de-letat-jette-leponge-sur-la-radiation-de-sonko","status":"publish","type":"post","link":"https:\/\/www.friaguinee.net\/index.php\/2024\/03\/13\/senegal-lagent-judiciaire-de-letat-jette-leponge-sur-la-radiation-de-sonko\/","title":{"rendered":"S\u00e9n\u00e9gal : L\u2019Agent judiciaire de l\u2019Etat jette l\u2019\u00e9ponge sur la radiation de Sonko"},"content":{"rendered":"\n<p>L\u2019Agent Judiciaire de l\u2019Etat (Aje) a d\u00e9cid\u00e9 de jeter l\u2019\u00e9ponge, dans la proc\u00e9dure qui l\u2019opposait \u00e0 Ousmane Sonko, notamment dans l\u2019affaire de la radiation du leader des patriotes des listes \u00e9lectorales.<\/p>\n\n\n\n<p>L\u2019Agent Judiciaire de l\u2019Etat (Aje) s\u2019est d\u00e9sist\u00e9 du pourvoi formul\u00e9 contre l\u2019ordonnance num\u00e9ro 1 du 14 d\u00e9cembre 2023. Ce jour-l\u00e0, le Pr\u00e9sident du Tribunal Hors classe de Dakar avait d\u00e9clar\u00e9 nulle la radiation d\u2019Ousmane Sonko et ordonn\u00e9 sa r\u00e9int\u00e9gration sur les listes \u00e9lectorales.<\/p>\n\n\n\n<p>L\u2019Aje, qui avait interjet\u00e9 appel, vient de se r\u00e9tracter. \u00abJe vous fais parvenir la lettre de d\u00e9sistement que j\u2019ai d\u00e9pos\u00e9e ce jour dans l\u2019affaire vis\u00e9e en objet\u00bb, a indiqu\u00e9 Yoro moussa Diallo dans sa correspondance parvenue \u00e0 Igfm. Et donc, plus aucun obstacle ne se dresse contre la r\u00e9inscription de Ousmane Sonko des listes \u00e9lectorales.<\/p>\n\n\n\n<figure class=\"wp-block-image\"><img decoding=\"async\" src=\"https:\/\/cafeactu.com\/wp-content\/uploads\/2024\/03\/agent-jud-717x1024.jpg\" alt=\"\" class=\"wp-image-105008\"\/><figcaption><strong>SenCaf\u00e9Actu<\/strong><\/figcaption><\/figure>\n","protected":false},"excerpt":{"rendered":"<p>L\u2019Agent Judiciaire de l\u2019Etat (Aje) a d\u00e9cid\u00e9 de jeter l\u2019\u00e9ponge, dans la proc\u00e9dure qui l\u2019opposait \u00e0 Ousmane Sonko, notamment dans l\u2019affaire de la radiation du leader des patriotes des listes \u00e9lectorales. L\u2019Agent Judiciaire de l\u2019Etat (Aje) s\u2019est d\u00e9sist\u00e9 du pourvoi formul\u00e9 contre l\u2019ordonnance num\u00e9ro 1 du 14 d\u00e9cembre 2023. Ce jour-l\u00e0, le Pr\u00e9sident du Tribunal [&hellip;]<\/p>\n","protected":false},"author":3,"featured_media":50208,"comment_status":"open","ping_status":"open","sticky":false,"template":"","format":"standard","meta":{"footnotes":""},"categories":[42],"tags":[],"class_list":["post-50207","post","type-post","status-publish","format-standard","has-post-thumbnail","hentry","category-afrique"],"_links":{"self":[{"href":"https:\/\/www.friaguinee.net\/index.php\/wp-json\/wp\/v2\/posts\/50207","targetHints":{"allow":["GET"]}}],"collection":[{"href":"https:\/\/www.friaguinee.net\/index.php\/wp-json\/wp\/v2\/posts"}],"about":[{"href":"https:\/\/www.friaguinee.net\/index.php\/wp-json\/wp\/v2\/types\/post"}],"author":[{"embeddable":true,"href":"https:\/\/www.friaguinee.net\/index.php\/wp-json\/wp\/v2\/users\/3"}],"replies":[{"embeddable":true,"href":"https:\/\/www.friaguinee.net\/index.php\/wp-json\/wp\/v2\/comments?post=50207"}],"version-history":[{"count":1,"href":"https:\/\/www.friaguinee.net\/index.php\/wp-json\/wp\/v2\/posts\/50207\/revisions"}],"predecessor-version":[{"id":50209,"href":"https:\/\/www.friaguinee.net\/index.php\/wp-json\/wp\/v2\/posts\/50207\/revisions\/50209"}],"wp:featuredmedia":[{"embeddable":true,"href":"https:\/\/www.friaguinee.net\/index.php\/wp-json\/wp\/v2\/media\/50208"}],"wp:attachment":[{"href":"https:\/\/www.friaguinee.net\/index.php\/wp-json\/wp\/v2\/media?parent=50207"}],"wp:term":[{"taxonomy":"category","embeddable":true,"href":"https:\/\/www.friaguinee.net\/index.php\/wp-json\/wp\/v2\/categories?post=50207"},{"taxonomy":"post_tag","embeddable":true,"href":"https:\/\/www.friaguinee.net\/index.php\/wp-json\/wp\/v2\/tags?post=50207"}],"curies":[{"name":"wp","href":"https:\/\/api.w.org\/{rel}","templated":true}]}}