{"id":49881,"date":"2024-01-30T10:01:15","date_gmt":"2024-01-30T10:01:15","guid":{"rendered":"http:\/\/www.friaguinee.net\/?p=49881"},"modified":"2024-01-30T10:42:18","modified_gmt":"2024-01-30T10:42:18","slug":"justice-charles-wright-recoit-le-representant-regional-afrique-de-louest-du-haut-commissariat-de-louest-aux-droits-de-lhomme","status":"publish","type":"post","link":"https:\/\/www.friaguinee.net\/index.php\/2024\/01\/30\/justice-charles-wright-recoit-le-representant-regional-afrique-de-louest-du-haut-commissariat-de-louest-aux-droits-de-lhomme\/","title":{"rendered":"Justice: Charles Wright re\u00e7oit le repr\u00e9sentant r\u00e9gional Afrique de l\u2019Ouest du Haut Commissariat de l\u2019OUEST aux Droits de l\u2019Homme"},"content":{"rendered":"\n<figure class=\"wp-block-image\"><a href=\"https:\/\/www.lerenifleur224.com\/wp-content\/uploads\/2024\/01\/FB_IMG_1706560809848-1.jpg\"><img decoding=\"async\" src=\"https:\/\/www.lerenifleur224.com\/wp-content\/uploads\/2024\/01\/FB_IMG_1706560809848-1.jpg\" alt=\"\"\/><\/a><\/figure>\n\n\n\n<p><strong>Le lundi 29 janvier 2024, le Ministre d\u2019\u00c9tat, Garde des Sceaux, Ministre de la Justice et des Droits de l\u2019Homme, Alphonse Charles Wright, a eu l\u2019honneur de recevoir en audience le repr\u00e9sentant du Haut-Commissariat des Nations Unies aux Droits de l\u2019Homme en Afrique de l\u2019Ouest, bas\u00e9 \u00e0 Dakar, Robert Kochani, accompagn\u00e9 de sa d\u00e9l\u00e9gation.<\/strong><\/p>\n\n\n\n<p>Entour\u00e9 de ses proches collaborateurs, le ministre a abord\u00e9 divers sujets cruciaux lors de cet entretien. L\u2019un des points centraux de la discussion a \u00e9t\u00e9 le lancement en Guin\u00e9e de la phase 2 du projet sur les droits de l\u2019enfant \u00e0 mobilit\u00e9 r\u00e9duite. Les deux parties ont \u00e9galement discut\u00e9 du lancement du comit\u00e9 de pilotage de ce projet et de l\u2019organisation prochaine en Guin\u00e9e d\u2019un atelier sur le rapportage et de suivi des recommandations concernant les organes de trait\u00e9s onusiens ou africains relatifs aux droits de l\u2019enfant.<\/p>\n\n\n\n<p>La d\u00e9l\u00e9gation du Haut-Commissariat a, par ailleurs, inform\u00e9 le ministre d\u2019une mission pr\u00e9vue \u00e0 Bok\u00e9. Cette mission vise \u00e0 rencontrer les leaders religieux, les leaders communautaires, les \u00e9lus locaux, dans le but d\u2019instaurer un ancrage communautaire solide pour le projet.<\/p>\n\n\n\n<figure class=\"wp-block-image size-full\"><img loading=\"lazy\" decoding=\"async\" width=\"668\" height=\"441\" src=\"http:\/\/www.friaguinee.net\/wp-content\/uploads\/2024\/01\/Screenshot_20240130-095530_Samsung-Internet.jpg\" alt=\"\" class=\"wp-image-49882\" srcset=\"https:\/\/www.friaguinee.net\/wp-content\/uploads\/2024\/01\/Screenshot_20240130-095530_Samsung-Internet.jpg 668w, https:\/\/www.friaguinee.net\/wp-content\/uploads\/2024\/01\/Screenshot_20240130-095530_Samsung-Internet-300x198.jpg 300w, https:\/\/www.friaguinee.net\/wp-content\/uploads\/2024\/01\/Screenshot_20240130-095530_Samsung-Internet-636x420.jpg 636w\" sizes=\"auto, (max-width: 668px) 100vw, 668px\" \/><\/figure>\n\n\n\n<p>Dans l\u2019ensemble, Robert Kochani et sa suite ont exprim\u00e9 leur satisfaction envers le ministre d\u2019\u00c9tat, Garde des Sceaux, saluant sa collaboration exemplaire et l\u2019engagement personnel dont ils b\u00e9n\u00e9ficient de la part de son Minist\u00e8re en faveur des droits de l\u2019Homme. Cette rencontre souligne l\u2019importance de la coop\u00e9ration internationale dans la promotion et la protection des droits fondamentaux, renfor\u00e7ant ainsi les liens entre la Guin\u00e9e et le Haut-Commissariat des Nations Unies aux Droits de l\u2019Homme en Afrique de l\u2019Ouest.<\/p>\n\n\n\n<p><strong>Service Communication et Relations Ext\u00e9rieures \/ MJDH<\/strong><\/p>\n","protected":false},"excerpt":{"rendered":"<p>Le lundi 29 janvier 2024, le Ministre d\u2019\u00c9tat, Garde des Sceaux, Ministre de la Justice et des Droits de l\u2019Homme, Alphonse Charles Wright, a eu l\u2019honneur de recevoir en audience le repr\u00e9sentant du Haut-Commissariat des Nations Unies aux Droits de l\u2019Homme en Afrique de l\u2019Ouest, bas\u00e9 \u00e0 Dakar, Robert Kochani, accompagn\u00e9 de sa d\u00e9l\u00e9gation. Entour\u00e9 [&hellip;]<\/p>\n","protected":false},"author":3,"featured_media":49883,"comment_status":"open","ping_status":"open","sticky":false,"template":"","format":"standard","meta":{"footnotes":""},"categories":[2],"tags":[],"class_list":["post-49881","post","type-post","status-publish","format-standard","has-post-thumbnail","hentry","category-actualites"],"_links":{"self":[{"href":"https:\/\/www.friaguinee.net\/index.php\/wp-json\/wp\/v2\/posts\/49881","targetHints":{"allow":["GET"]}}],"collection":[{"href":"https:\/\/www.friaguinee.net\/index.php\/wp-json\/wp\/v2\/posts"}],"about":[{"href":"https:\/\/www.friaguinee.net\/index.php\/wp-json\/wp\/v2\/types\/post"}],"author":[{"embeddable":true,"href":"https:\/\/www.friaguinee.net\/index.php\/wp-json\/wp\/v2\/users\/3"}],"replies":[{"embeddable":true,"href":"https:\/\/www.friaguinee.net\/index.php\/wp-json\/wp\/v2\/comments?post=49881"}],"version-history":[{"count":1,"href":"https:\/\/www.friaguinee.net\/index.php\/wp-json\/wp\/v2\/posts\/49881\/revisions"}],"predecessor-version":[{"id":49884,"href":"https:\/\/www.friaguinee.net\/index.php\/wp-json\/wp\/v2\/posts\/49881\/revisions\/49884"}],"wp:featuredmedia":[{"embeddable":true,"href":"https:\/\/www.friaguinee.net\/index.php\/wp-json\/wp\/v2\/media\/49883"}],"wp:attachment":[{"href":"https:\/\/www.friaguinee.net\/index.php\/wp-json\/wp\/v2\/media?parent=49881"}],"wp:term":[{"taxonomy":"category","embeddable":true,"href":"https:\/\/www.friaguinee.net\/index.php\/wp-json\/wp\/v2\/categories?post=49881"},{"taxonomy":"post_tag","embeddable":true,"href":"https:\/\/www.friaguinee.net\/index.php\/wp-json\/wp\/v2\/tags?post=49881"}],"curies":[{"name":"wp","href":"https:\/\/api.w.org\/{rel}","templated":true}]}}