{"id":49720,"date":"2024-01-21T11:37:11","date_gmt":"2024-01-21T11:37:11","guid":{"rendered":"http:\/\/www.friaguinee.net\/?p=49720"},"modified":"2024-01-21T11:37:13","modified_gmt":"2024-01-21T11:37:13","slug":"senegal-karim-wade-et-ousmane-sonko-definitivement-ecartes-de-la-course-de-la-presidentiellele-conseil-constitutionnel","status":"publish","type":"post","link":"https:\/\/www.friaguinee.net\/index.php\/2024\/01\/21\/senegal-karim-wade-et-ousmane-sonko-definitivement-ecartes-de-la-course-de-la-presidentiellele-conseil-constitutionnel\/","title":{"rendered":"S\u00e9n\u00e9gal : Karim Wade et Ousmane Sonko d\u00e9finitivement \u00e9cart\u00e9s de la course de la pr\u00e9sidentielle(le Conseil constitutionnel)"},"content":{"rendered":"\n<p>Le Conseil constitutionnel a publi\u00e9 samedi soir la liste d\u00e9finitive des candidats pour la pr\u00e9sidentielle du 25 f\u00e9vrier. Vingt candidats seront dans la course.&nbsp;La candidature de Karim Wade, qui avait \u00e9t\u00e9 valid\u00e9e dans un premier temps est finalement rejet\u00e9e \u00e0 cause de sa double nationalit\u00e9. Ousmane Sonko est aussi d\u00e9finitivement \u00e9cart\u00e9 de la course. En revanche, plusieurs de ses lieutenants de l\u2019ancien parti Pastef seront bien candidats.<\/p>\n\n\n\n<p>La liste est tomb\u00e9e peu avant 22h, samedi soir. Ils seront 20 en lice pour la pr\u00e9sidentielle du 25 f\u00e9vrier. Un nombre en forte hausse par rapport \u00e0 2019 o\u00f9 ils n\u2019\u00e9taient que 5 \u00e0 avoir pass\u00e9 le contr\u00f4le du Conseil constitutionnel.<\/p>\n\n\n\n<p>C\u2019est d\u2019abord un coup de massue pour Karim Wade du PDS qui voit sa candidature finalement invalid\u00e9e.&nbsp;Il ne faut avoir que la nationalit\u00e9 s\u00e9n\u00e9galaise pour esp\u00e9rer devenir pr\u00e9sident au S\u00e9n\u00e9gal. Or, selon le Conseil constitutionnel, Karim Wade n\u2019a perdu sa nationalit\u00e9 fran\u00e7aise que le 16 janvier \u00e0 la suite d\u2019un d\u00e9cret publi\u00e9 au Journal officiel fran\u00e7ais. Donc la d\u00e9claration sur l\u2019honneur attestant qu\u2019il n\u2019avait plus sa double nationalit\u00e9 et qu\u2019il a fournie dans son dossier d\u00e9pos\u00e9 en d\u00e9cembre est \u00ab&nbsp;inexacte&nbsp;\u00bb pour les sept sages, qui avaient pourtant valid\u00e9 sa candidature dans un premier temps la semaine derni\u00e8re.<\/p>\n\n\n\n<p>C\u2019est un recours d\u00e9pos\u00e9 par un autre candidat, Thierno Alassane Sall, qui a sem\u00e9 le doute et pouss\u00e9 le Conseil constitutionnel \u00e0 demander des justificatifs. Dans les rangs de sa coalition K24 c\u2019est une grande d\u00e9ception et un nouveau revers. En 2019, sa candidature avait d\u00e9j\u00e0 \u00e9t\u00e9 invalid\u00e9e, \u00e0 cause de sa condamnation pour d\u00e9tournement de fonds publics. Exil\u00e9 au Qatar depuis la gr\u00e2ce pr\u00e9sidentielle de Macky Sall en 2016, Karim Wade n\u2019\u00e9tait pas rentr\u00e9 au S\u00e9n\u00e9gal depuis, mais ses proches annon\u00e7aient un retour imminent, qui semble d\u00e9sormais compromis. Et le PDS n\u2019a pas pr\u00e9vu de plan B en cas de rejet de la candidature de l\u2019ancien ministre. Le parti va donc devoir d\u00e9cider d\u2019une nouvelle strat\u00e9gie dans les prochains jours.<\/p>\n\n\n\n<h2 class=\"wp-block-heading\">Le recours d\u2019Ousmane Sonko rejet\u00e9<\/h2>\n\n\n\n<p>Le recours de l\u2019opposant emprisonn\u00e9 Ousmane Sonko qui avait \u00e9t\u00e9 \u00e9cart\u00e9 de la liste provisoire est \u00e9galement rejet\u00e9. C\u2019est sur la base de sa condamnation \u00e0 6 mois de prison pour diffamation \u00e0 l\u2019encontre du ministre Mame Mbaye Niang que le Conseil constitutionnel a d\u00e9fintivement rejet\u00e9 la possibilit\u00e9 d\u2019ajouter Ousmane Sonko \u00e0 la liste des candidats. Cette condamnation confirm\u00e9e par la Cour supr\u00eame le 4 janvier dernier\u00ab<em>le rend in\u00e9ligible pour une dur\u00e9e de 5 ans<\/em>\u00bb peut-on lire sur la d\u00e9cision rendue par le Conseil constitutionnel.<\/p>\n\n\n\n<p>Exit donc celui qui \u00e9tait donn\u00e9 comme l\u2019un des favoris potentiels de la pr\u00e9sidentielle. \u00ab<em>Le Conseil constitutionnel vient de cr\u00e9er le pr\u00e9c\u00e9dent le plus dangereux de l\u2019histoire politique du S\u00e9n\u00e9gal<\/em>\u00bb, a r\u00e9agi le porte-parole du parti dissous du Pastef, El Malick Ndiaye. Qui pour remplacer la candidature d\u2019Ousmane Sonko d\u00e9sormais ?<\/p>\n\n\n\n<p>Bassirou Diomaye Faye, num\u00e9ro 2 de l\u2019ex-parti Pastef est depuis plusieurs semaines d\u00e9j\u00e0 le plan B du parti d\u2019Ousmane Sonko. \u00ab<em>C\u2019est Diomaye qui est Sonko<\/em>\u00bb pouvait-on ainsi lire d\u00e8s hier soir sur la page Facebook du porte-parole du parti de l\u2019opposant. En prison pour une affaire pour laquelle il n\u2019a pas encore \u00e9t\u00e9 jug\u00e9, le conseil constitutionnel a estim\u00e9 que Sa d\u00e9tention pr\u00e9ventive n\u2019\u00e9tait pas une entrave \u00e0 l\u2019exercice de ses droits politiques et a confirm\u00e9 sa candidature<\/p>\n\n\n\n<p>Deux autres possibilit\u00e9s s\u2019offrent sinon aux partisans d\u2019Ousmane Sonko, Cheikh Tidiane Dieye, ancien directeur de campagne de l\u2019opposant en 2019 ou Habib Sy, l\u2019ancien pr\u00e9sident de la conf\u00e9rence des leaders de la coalition de l\u2019opposition Yewwi Askan Wi a \u00e9t\u00e9 parrain\u00e9 par des d\u00e9put\u00e9s de l\u2019ex-Pastef.<\/p>\n\n\n\n<p>\u00c0 noter, parmi les autres candidatures valid\u00e9es figurent le Premier ministre Amadou B\u00e2, les anciens chefs de gouvernement Idrissa Seck et Mahammed Boun Abda Dione et l\u2019ancien maire de Dakar Khalifa Sall.<\/p>\n\n\n\n<p><strong>Avec RFI<\/strong><\/p>\n","protected":false},"excerpt":{"rendered":"<p>Le Conseil constitutionnel a publi\u00e9 samedi soir la liste d\u00e9finitive des candidats pour la pr\u00e9sidentielle du 25 f\u00e9vrier. Vingt candidats seront dans la course.&nbsp;La candidature de Karim Wade, qui avait \u00e9t\u00e9 valid\u00e9e dans un premier temps est finalement rejet\u00e9e \u00e0 cause de sa double nationalit\u00e9. Ousmane Sonko est aussi d\u00e9finitivement \u00e9cart\u00e9 de la course. En [&hellip;]<\/p>\n","protected":false},"author":3,"featured_media":49721,"comment_status":"open","ping_status":"open","sticky":false,"template":"","format":"standard","meta":{"footnotes":""},"categories":[2],"tags":[],"class_list":["post-49720","post","type-post","status-publish","format-standard","has-post-thumbnail","hentry","category-actualites"],"_links":{"self":[{"href":"https:\/\/www.friaguinee.net\/index.php\/wp-json\/wp\/v2\/posts\/49720","targetHints":{"allow":["GET"]}}],"collection":[{"href":"https:\/\/www.friaguinee.net\/index.php\/wp-json\/wp\/v2\/posts"}],"about":[{"href":"https:\/\/www.friaguinee.net\/index.php\/wp-json\/wp\/v2\/types\/post"}],"author":[{"embeddable":true,"href":"https:\/\/www.friaguinee.net\/index.php\/wp-json\/wp\/v2\/users\/3"}],"replies":[{"embeddable":true,"href":"https:\/\/www.friaguinee.net\/index.php\/wp-json\/wp\/v2\/comments?post=49720"}],"version-history":[{"count":1,"href":"https:\/\/www.friaguinee.net\/index.php\/wp-json\/wp\/v2\/posts\/49720\/revisions"}],"predecessor-version":[{"id":49722,"href":"https:\/\/www.friaguinee.net\/index.php\/wp-json\/wp\/v2\/posts\/49720\/revisions\/49722"}],"wp:featuredmedia":[{"embeddable":true,"href":"https:\/\/www.friaguinee.net\/index.php\/wp-json\/wp\/v2\/media\/49721"}],"wp:attachment":[{"href":"https:\/\/www.friaguinee.net\/index.php\/wp-json\/wp\/v2\/media?parent=49720"}],"wp:term":[{"taxonomy":"category","embeddable":true,"href":"https:\/\/www.friaguinee.net\/index.php\/wp-json\/wp\/v2\/categories?post=49720"},{"taxonomy":"post_tag","embeddable":true,"href":"https:\/\/www.friaguinee.net\/index.php\/wp-json\/wp\/v2\/tags?post=49720"}],"curies":[{"name":"wp","href":"https:\/\/api.w.org\/{rel}","templated":true}]}}