{"id":48852,"date":"2023-09-17T15:22:33","date_gmt":"2023-09-17T15:22:33","guid":{"rendered":"http:\/\/www.friaguinee.net\/?p=48852"},"modified":"2023-09-17T15:22:35","modified_gmt":"2023-09-17T15:22:35","slug":"les-juntes-du-mali-burkina-niger-signent-une-alliance-defensive","status":"publish","type":"post","link":"https:\/\/www.friaguinee.net\/index.php\/2023\/09\/17\/les-juntes-du-mali-burkina-niger-signent-une-alliance-defensive\/","title":{"rendered":"Les juntes du Mali, Burkina Niger signent une alliance d\u00e9fensive"},"content":{"rendered":"\n<p>Les r\u00e9gimes militaires du Mali, du Burkina Faso et du Niger ont sign\u00e9 samedi une charte \u00e9tablissant une alliance d\u00e9fensive, ont annonc\u00e9 \u00e0 Bamako, capitale du Mali, les d\u00e9l\u00e9gations minist\u00e9rielles des trois pays.<\/p>\n\n\n\n<p>Cette \u00ab&nbsp;Charte du Liptako-Gourma&nbsp;\u00bb cr\u00e9\u00e9 \u00ab&nbsp;l\u2019Alliance des \u00c9tats du Sahel&nbsp;\u00bb (AES), a \u00e9crit sur X (ancien Twitter), le chef de la junte du Mali, Assimi Goita. Son but est \u00ab&nbsp;d\u2019\u00e9tablir une architecture de d\u00e9fense collective et d\u2019assistance mutuelle&nbsp;\u00bb, a-t-il soulign\u00e9.<\/p>\n\n\n\n<p>La charte pr\u00e9voit (art. 6) que \u00ab&nbsp;toute atteinte \u00e0 la souverainet\u00e9 et \u00e0 l\u2019int\u00e9grit\u00e9 du territoire d\u2019une ou plusieurs parties contractantes sera consid\u00e9r\u00e9e comme une agression contre les autres parties et engagera un devoir d\u2019assistance et de secours de toutes les parties, de mani\u00e8re individuelle ou collective, y compris l\u2019emploi de la force arm\u00e9e pour r\u00e9tablir et assurer la s\u00e9curit\u00e9 au sein de l\u2019espace couvert par l\u2019Alliance&nbsp;\u00bb.<\/p>\n\n\n\n<p>Depuis le coup d\u2019\u00c9tat du 26 juillet au Niger, la Communaut\u00e9 \u00e9conomique des \u00c9tats d\u2019Afrique de l\u2019Ouest (Cedeao) maintient une position constante: les autorit\u00e9s militaires doivent \u00ab&nbsp;restaurer l\u2019ordre constitutionnel imm\u00e9diatement&nbsp;\u00bb en lib\u00e9rant le pr\u00e9sident d\u00e9chu Mohamed Bazoum et en le r\u00e9installant dans ses fonctions.<\/p>\n\n\n\n<p>L\u2019organisation ouest-africaine a plusieurs fois brandi la menace d\u2019une intervention arm\u00e9e et a impos\u00e9 de lourdes sanctions \u00e9conomiques au Niger.<\/p>\n\n\n\n<p>Or, le Burkina et le Mali voisins estiment qu\u2019une op\u00e9ration militaire contre leur pays serait une \u00ab&nbsp;agression ill\u00e9gale et insens\u00e9e&nbsp;\u00bb et ont promis une \u00ab&nbsp;riposte imm\u00e9diate&nbsp;\u00bb \u00e0 toute agression.<\/p>\n\n\n\n<p>\u00ab&nbsp;Cette alliance sera une conjugaison des efforts militaires, \u00e9conomiques entre les trois pays&nbsp;\u00bb, a d\u00e9clar\u00e9 aux journalistes le ministre de la D\u00e9fense du Mali, Abdoulaye Diop.<\/p>\n\n\n\n<p>\u00ab&nbsp;Notre priorit\u00e9 c\u2019est la lutte contre le terrorisme dans les trois pays&nbsp;\u00bb, a-t-il ajout\u00e9.<\/p>\n\n\n\n<p>La r\u00e9gion du Liptako-Gourma \u2014 frontali\u00e8re du Mali, du Burkina Faso et du Niger \u2014 a \u00e9t\u00e9 ravag\u00e9e par le jihadisme au cours des derni\u00e8res ann\u00e9es.<\/p>\n\n\n\n<p>Le Mali et le Burkina voisins, dirig\u00e9s par des militaires arriv\u00e9s au pouvoir par des coups d\u2019\u00c9tat en 2020 et 2022, avaient rapidement affich\u00e9 leur solidarit\u00e9 envers les g\u00e9n\u00e9raux de Niamey apr\u00e8s le coup d\u2019\u00c9tat du 26 juillet.<\/p>\n\n\n\n<p>Ces derniers restent inflexibles et retiennent prisonnier le pr\u00e9sident d\u00e9chu Mohamed Bazoum depuis le 26 juillet, qu\u2019ils comptent poursuivre pour \u00ab&nbsp;haute trahison&nbsp;\u00bb.<\/p>\n\n\n\n<p>Au Niger, une dizaine d\u2019attaques jihadistes ont fait plus d\u2019une centaine de morts dont une moiti\u00e9 de civils depuis le 26 juillet.<\/p>\n\n\n\n<p>L&nbsp;\u00bbAlliance Sahel&nbsp;\u00bb r\u00e9unit plusieurs pays et institutions internationales comme la France, l\u2019Allemagne ou les \u00c9tats-Unis qui ont suspendu leur programmes d\u2019aides au Niger.<\/p>\n\n\n\n<p><strong>AFP<\/strong><\/p>\n","protected":false},"excerpt":{"rendered":"<p>Les r\u00e9gimes militaires du Mali, du Burkina Faso et du Niger ont sign\u00e9 samedi une charte \u00e9tablissant une alliance d\u00e9fensive, ont annonc\u00e9 \u00e0 Bamako, capitale du Mali, les d\u00e9l\u00e9gations minist\u00e9rielles des trois pays. Cette \u00ab&nbsp;Charte du Liptako-Gourma&nbsp;\u00bb cr\u00e9\u00e9 \u00ab&nbsp;l\u2019Alliance des \u00c9tats du Sahel&nbsp;\u00bb (AES), a \u00e9crit sur X (ancien Twitter), le chef de la junte [&hellip;]<\/p>\n","protected":false},"author":3,"featured_media":48853,"comment_status":"open","ping_status":"open","sticky":false,"template":"","format":"standard","meta":{"footnotes":""},"categories":[2],"tags":[],"class_list":["post-48852","post","type-post","status-publish","format-standard","has-post-thumbnail","hentry","category-actualites"],"_links":{"self":[{"href":"https:\/\/www.friaguinee.net\/index.php\/wp-json\/wp\/v2\/posts\/48852","targetHints":{"allow":["GET"]}}],"collection":[{"href":"https:\/\/www.friaguinee.net\/index.php\/wp-json\/wp\/v2\/posts"}],"about":[{"href":"https:\/\/www.friaguinee.net\/index.php\/wp-json\/wp\/v2\/types\/post"}],"author":[{"embeddable":true,"href":"https:\/\/www.friaguinee.net\/index.php\/wp-json\/wp\/v2\/users\/3"}],"replies":[{"embeddable":true,"href":"https:\/\/www.friaguinee.net\/index.php\/wp-json\/wp\/v2\/comments?post=48852"}],"version-history":[{"count":1,"href":"https:\/\/www.friaguinee.net\/index.php\/wp-json\/wp\/v2\/posts\/48852\/revisions"}],"predecessor-version":[{"id":48854,"href":"https:\/\/www.friaguinee.net\/index.php\/wp-json\/wp\/v2\/posts\/48852\/revisions\/48854"}],"wp:featuredmedia":[{"embeddable":true,"href":"https:\/\/www.friaguinee.net\/index.php\/wp-json\/wp\/v2\/media\/48853"}],"wp:attachment":[{"href":"https:\/\/www.friaguinee.net\/index.php\/wp-json\/wp\/v2\/media?parent=48852"}],"wp:term":[{"taxonomy":"category","embeddable":true,"href":"https:\/\/www.friaguinee.net\/index.php\/wp-json\/wp\/v2\/categories?post=48852"},{"taxonomy":"post_tag","embeddable":true,"href":"https:\/\/www.friaguinee.net\/index.php\/wp-json\/wp\/v2\/tags?post=48852"}],"curies":[{"name":"wp","href":"https:\/\/api.w.org\/{rel}","templated":true}]}}