{"id":48612,"date":"2023-08-15T13:44:31","date_gmt":"2023-08-15T13:44:31","guid":{"rendered":"http:\/\/www.friaguinee.net\/?p=48612"},"modified":"2023-08-15T13:44:41","modified_gmt":"2023-08-15T13:44:41","slug":"le-printemps-des-treillis-contre-la-democratie-de-simulacre-par-soninke-diane","status":"publish","type":"post","link":"https:\/\/www.friaguinee.net\/index.php\/2023\/08\/15\/le-printemps-des-treillis-contre-la-democratie-de-simulacre-par-soninke-diane\/","title":{"rendered":"Le printemps des treillis contre la d\u00e9mocratie de simulacre ? (Par Sonink\u00e9 Dian\u00e9)"},"content":{"rendered":"\n<p>Les palais ouest-africains cr\u00e9pitent de bruits des balles des hommes en treillis cens\u00e9s pourtant prot\u00e9ger l\u2019int\u00e9grit\u00e9 du territoire et les institutions de la r\u00e9publique. Ce qui s\u2019annonce d\u00e9sormais comme le printemps des kakis dans des pays o\u00f9 finalement la d\u00e9mocratie annonc\u00e9e s\u2019est av\u00e9r\u00e9e \u00e0 double voire triple vitesse m\u00e9rite bien d\u2019interroger davantage ses causes, notamment dans le Sahel o\u00f9 les \u00c9tats se battent d\u00e9sormais pour la survie, contre des hordes de terroristes sans foi ni loi. Ainsi donc les armes en passe de remplacer dor\u00e9navant les bulletins de vote ?<\/p>\n\n\n\n<p>L\u2019analyse la plus paresseuse consisterait \u00e0 conclure des rapports entre l\u2019Arm\u00e9e et le Pouvoir politique \u00e0 un \u00ab face to face \u00bb entre chefs militaires et gouvernants civils. Dans cette perspective, l\u2019on se bornerait qu\u2019\u00e0 personnaliser les enjeux et \u00e0 r\u00e9duire la port\u00e9e du probl\u00e8me \u00e0 la seule question de la supr\u00e9matie formelle des repr\u00e9sentants politiques sur les sommets de la hi\u00e9rarchie militaire. Or, c\u2019est la capacit\u00e9 des premiers \u00e0 prendre des d\u00e9cisions et les \u00e9ventuels conflits qui les opposent aux repr\u00e9sentants des forces arm\u00e9es qui devait retenir davantage l\u2019attention.<\/p>\n\n\n\n<p>Les limites de cette approche sont nombreuses, si on peut montrer du doigt les pouvoirs civiles dans la d\u00e9liquescence de l\u2019Etat et l\u2019\u00e9chec ou le succ\u00e8s relatif dans la lutte contre le terrorisme au Sahel et ailleurs contre l\u2019ins\u00e9curit\u00e9 et le grand banditisme en g\u00e9n\u00e9ral, il n\u2019en demeure pas moins de consid\u00e9rer que les hommes en uniforme (forces de l\u2019ordre et de s\u00e9curit\u00e9 et militaires) ont tout aussi leur part de responsabilit\u00e9. Le fait qu\u2019une d\u00e9cision soit formellement adopt\u00e9e ou pos\u00e9e par les dirigeants civils et pr\u00e9sent\u00e9e comme telle, n\u2019exclut cependant pas une influence probante de la part des militaires. Sur les questions d\u2019ordre militaire par exemple, des r\u00e9gimes civils ne peuvent s\u2019aventurer \u00e0 prendre des d\u00e9cisions sans impliquer la hi\u00e9rarchie militaire, en tout cas ce qui convient d\u2019\u00eatre op\u00e9r\u00e9. En pareil cas, on ne peut donc tenir pour seuls responsables les dirigeants civils dans l\u2019\u00e9chec de la lutte contre le terrorisme par exemple au Burkina, au Mali et au Niger ou dans la lutte contre la criminalit\u00e9 et le grand banditisme en Guin\u00e9e.<\/p>\n\n\n\n<p>La bonne d\u00e9marche pour mieux appr\u00e9hender les rapports entre arm\u00e9e et pouvoir politique suppose plut\u00f4t que l\u2019on s\u2019interroge sur le \u00ab pouvoir \u00bb militaire \u00e0 l\u2019\u00e9gard des autres acteurs sociopolitiques. La notion de pouvoir a suscit\u00e9 et continue de susciter beaucoup de r\u00e9flexions. Le d\u00e9ficit d\u2019une culture d\u2019administration militaire h\u00e9rit\u00e9e du syst\u00e8me colonial fait que les hommes en uniforme ont du mal \u00e0 cerner les principes de la R\u00e9publique.<\/p>\n\n\n\n<p>Nous sommes dans un contexte g\u00e9opolitique tr\u00e8s mouvement\u00e9 o\u00f9 les jeunes africains veulent se d\u00e9barrasser de la politique n\u00e9ocoloniale, dict\u00e9e par la France aux chefs d\u2019Etat subsahariens. Au S\u00e9n\u00e9gal, Ousmane Sonko joue cette carte politique, contrairement au Burkina Faso, le Mali et le Niger o\u00f9 l\u2019approche militaire a \u00e9t\u00e9 d\u00e9ploy\u00e9e. La d\u00e9marche militaire qui semble \u00eatre plus tranchante ne risquerait-elle pas de mettre en mal et profond\u00e9ment les relations \u00e9conomiques, militaires, diplomatiques ?<\/p>\n\n\n\n<p>Mais la recherche des mati\u00e8res premi\u00e8res et le repositionnement du continent africain agissent en sa faveur. Diversifier les partenaires pour une Afrique qui se bouge et qui s\u2019interroge n\u2019est pas un mal en soi. Ce qui serait mauvais, c\u2019est de quitter un maitre pour se livrer mains et pieds li\u00e9s \u00e0 un autre.<\/p>\n\n\n\n<p>Le monde occidental joue sa carte. Elle a pos\u00e9 et commis trop d\u2019erreurs. La guerre en Libye et la gestion de la crise ivoirienne ont provoqu\u00e9 une certaine col\u00e8re notamment dans l\u2019opinion de la jeunesse africaine. Le sentiment anti-fran\u00e7ais n\u2019existe pas. C\u2019est une mani\u00e8re d\u2019occulter les vrais probl\u00e8mes. Les africains ont commenc\u00e9 \u00e0 demander aux gouvernements fran\u00e7ais de faire le compte de leur pr\u00e9sence en Afrique depuis belles lurettes. Malheureusement, l\u2019Elys\u00e9e ne s\u2019est jamais pr\u00eat\u00e9 \u00e0 cet exercice visant \u00e0 faire le bilan de sa pr\u00e9sence en Afrique avec son lot de mis\u00e8re, de terrorisme programm\u00e9 comme un logiciel pour pouvoir continuer \u00e0 justifier sa pr\u00e9sence sur le continent.<\/p>\n\n\n\n<p>Les cas malien, nig\u00e9rien et Burkinab\u00e8 sont les effets d\u2019une prise de conscience du rapport belliqueux et paternaliste de la France en Afrique. Honn\u00eatement parlant, quel est le bilan de la pr\u00e9sence de cette puissance coloniale dans les pays suscit\u00e9s ? La France a une base militaire depuis des ann\u00e9es dans ces pays. Mais, tr\u00e8s malheureusement, ces pays vivent d\u2019une ins\u00e9curit\u00e9 qui semble se d\u00e9ployer comme par enchantement. Quand des chefs d\u2019\u00c9tat africains doivent \u00eatre des gouverneurs \u00e0 la solde d\u2019une puissance, peut-on parler de libert\u00e9 d\u00e9mocratique des peuples ?<\/p>\n\n\n\n<p>Les jeunes g\u00e9n\u00e9rations se r\u00e9veillent. Les classes dirigeantes doivent agir positivement pour bien g\u00e9rer nos pays ; les opposants doivent savoir promouvoir la R\u00e9publique dans l\u2019esprit civique et citoyen dans la construction de notre R\u00e9publique. L\u2019arm\u00e9e doit agir pour d\u00e9fendre, conform\u00e9ment \u00e0 nos constitutions la d\u00e9fense et la s\u00e9curit\u00e9 du pays et des citoyens. Il faut trouver une meilleure politique pour g\u00e9rer nos pays, avec des choix strat\u00e9giques dans un monde qui change.<\/p>\n\n\n\n<p>Par ailleurs, l\u2019inculture des hommes politiques constitue un v\u00e9ritable probl\u00e8me. Nos acteurs politiques sont tous saufs des d\u00e9mocrates, aucune alternative. Dans les formations politiques, on loge \u00e0 leur t\u00eate des roitelets qui n\u2019ont aucune culture d\u00e9mocratique. M\u00eame \u00e9lus apr\u00e8s une \u00e9lection, la gestion du pays retombe au plus bas niveau.<\/p>\n\n\n\n<p>A mon humble avis, c\u2019est le manque notoire de v\u00e9ritable d\u00e9mocratie, c\u2019est-\u00e0-dire, le d\u00e9ficit de construction citoyenne, civique et r\u00e9publicaine au sein des formations politiques, qui pousse souvent des politiciens \u00e0 s\u2019inscrire dans l\u2019extr\u00e9misme ou le rejet de l\u2019autre dans la conqu\u00eate du pouvoir ou pendant la gestion du pouvoir.<\/p>\n\n\n\n<p>Pourtant, autrefois, le berceau de l\u2019humanit\u00e9 a eu des formes d\u2019organisation tr\u00e8s efficaces. Des grands Etats sont n\u00e9s en Afrique. Ns mod\u00e8les d\u2019organisation n\u2019avaient rien \u00e0 envier. Nos cit\u00e9s \u00e9taient am\u00e9nag\u00e9es dans la concorde et l\u2019acceptation de l\u2019autre. La justice et la coh\u00e9sion sociale, l\u2019\u00e9quit\u00e9, l\u2019amour et l\u2019hospitalit\u00e9 \u00e9taient les valeurs qui gouvernaient nos cit\u00e9s. Oui, dans l\u2019Afrique ancienne, le respect de la diff\u00e9rence \u00e9tait de mise ; il \u00e9tait sacr\u00e9.<\/p>\n\n\n\n<p>Oppos\u00e9 \u00e0 la d\u00e9mocratie \u00e0 deux balles dans laquelle la diff\u00e9rence fait peur, le d\u00e9ficit de construction citoyenne, civique et r\u00e9publicaine est devenu une menace pour la coh\u00e9sion et la paix sociale. Les politiciens n\u2019ont plus d\u2019arguments sauf passer par l\u2019instrumentalisation de l\u2019ethnie pour des fins politiques. Si ce n\u2019est pour prendre fait et cause pour leurs tribus ou communaut\u00e9s dans les d\u00e9bats, c\u2019est pour se victimiser. On dirait que la victimisation ou la parent\u00e9 est un programme politique.<\/p>\n\n\n\n<p>Il faut que les leaders politiques changent leurs approches de gestion de nos pays, revoient leurs fa\u00e7ons de conqu\u00e9rir le pouvoir. Toute la menace vient de l\u00e0. Souvent, ce sont les politiciens, eux-m\u00eames, qui incitent les militaires \u00e0 prendre le pouvoir. Sans risque d\u2019\u00eatre d\u00e9menti, les pouvoirs militaires et civils en Afrique ont \u00e9t\u00e9, dans leur majorit\u00e9, des \u00e9checs.<\/p>\n\n\n\n<p>La colonisation a \u00e9t\u00e9 faite contre nous. Le SDN a \u00e9t\u00e9 cr\u00e9\u00e9e sans nous, l\u2019ONU aussi. On nous infantilise et on applaudit. Cela doit changer. Le nouvel ordre mondial doit se faire en tenant compte des int\u00e9r\u00eats du continent africain, avec des dirigeants r\u00e9fl\u00e9chis et patriotes, qui connaissant les enjeux du monde.<\/p>\n\n\n\n<p>Loin de moi l\u2019id\u00e9e de faire l\u2019apologie des coups d\u2019Etats civils ou militaires, chacun doit faire sa mue pour une Afrique qui, enfin, pose les vrais d\u00e9bats sur la ligne politique et g\u00e9opolitique \u00e0 suivre dans des f\u00e9d\u00e9rations fortes et puissantes.<\/p>\n\n\n\n<p><strong>Sonink\u00e9 DIANE<\/strong><br><strong>Consultant Formateur<\/strong><br><strong>Entrepreneur-Engag\u00e9 pour les causes citoyennes-sociales-d\u00e9veloppements<\/strong><br><strong>Tel : 622 57 48 60<\/strong><\/p>\n","protected":false},"excerpt":{"rendered":"<p>Les palais ouest-africains cr\u00e9pitent de bruits des balles des hommes en treillis cens\u00e9s pourtant prot\u00e9ger l\u2019int\u00e9grit\u00e9 du territoire et les institutions de la r\u00e9publique. Ce qui s\u2019annonce d\u00e9sormais comme le printemps des kakis dans des pays o\u00f9 finalement la d\u00e9mocratie annonc\u00e9e s\u2019est av\u00e9r\u00e9e \u00e0 double voire triple vitesse m\u00e9rite bien d\u2019interroger davantage ses causes, notamment [&hellip;]<\/p>\n","protected":false},"author":3,"featured_media":48617,"comment_status":"open","ping_status":"open","sticky":false,"template":"","format":"standard","meta":{"footnotes":""},"categories":[7512],"tags":[],"class_list":["post-48612","post","type-post","status-publish","format-standard","has-post-thumbnail","hentry","category-chroniques"],"_links":{"self":[{"href":"https:\/\/www.friaguinee.net\/index.php\/wp-json\/wp\/v2\/posts\/48612","targetHints":{"allow":["GET"]}}],"collection":[{"href":"https:\/\/www.friaguinee.net\/index.php\/wp-json\/wp\/v2\/posts"}],"about":[{"href":"https:\/\/www.friaguinee.net\/index.php\/wp-json\/wp\/v2\/types\/post"}],"author":[{"embeddable":true,"href":"https:\/\/www.friaguinee.net\/index.php\/wp-json\/wp\/v2\/users\/3"}],"replies":[{"embeddable":true,"href":"https:\/\/www.friaguinee.net\/index.php\/wp-json\/wp\/v2\/comments?post=48612"}],"version-history":[{"count":1,"href":"https:\/\/www.friaguinee.net\/index.php\/wp-json\/wp\/v2\/posts\/48612\/revisions"}],"predecessor-version":[{"id":48618,"href":"https:\/\/www.friaguinee.net\/index.php\/wp-json\/wp\/v2\/posts\/48612\/revisions\/48618"}],"wp:featuredmedia":[{"embeddable":true,"href":"https:\/\/www.friaguinee.net\/index.php\/wp-json\/wp\/v2\/media\/48617"}],"wp:attachment":[{"href":"https:\/\/www.friaguinee.net\/index.php\/wp-json\/wp\/v2\/media?parent=48612"}],"wp:term":[{"taxonomy":"category","embeddable":true,"href":"https:\/\/www.friaguinee.net\/index.php\/wp-json\/wp\/v2\/categories?post=48612"},{"taxonomy":"post_tag","embeddable":true,"href":"https:\/\/www.friaguinee.net\/index.php\/wp-json\/wp\/v2\/tags?post=48612"}],"curies":[{"name":"wp","href":"https:\/\/api.w.org\/{rel}","templated":true}]}}