{"id":47309,"date":"2023-03-03T11:56:57","date_gmt":"2023-03-03T11:56:57","guid":{"rendered":"http:\/\/www.friaguinee.net\/?p=47309"},"modified":"2023-03-03T11:56:58","modified_gmt":"2023-03-03T11:56:58","slug":"mines-et-geologie-quatre-inspecteurs-regionaux-nommes","status":"publish","type":"post","link":"https:\/\/www.friaguinee.net\/index.php\/2023\/03\/03\/mines-et-geologie-quatre-inspecteurs-regionaux-nommes\/","title":{"rendered":"Mines et G\u00e9ologie : quatre inspecteurs r\u00e9gionaux  nomm\u00e9s"},"content":{"rendered":"\n<p>A travers un d\u00e9cret lu ce jeudi 2 f\u00e9vrier 2023, \u00e0 la t\u00e9l\u00e9vision nationale, le pr\u00e9sident de la transition,\u00a0 le Colonel Mamadi Doumbouya \u00e0 proc\u00e9d\u00e9 \u00e0 la nomination des inspecteurs r\u00e9gionaux des Mines et de la G\u00e9ologie. Il s&rsquo;agit de<\/p>\n\n\n\n<p>&nbsp;1- Inspecteur r\u00e9gional des mines et de la G\u00e9ologie de Bok\u00e9, M. Isma\u00ebl Ouatara, Matricule&nbsp;<a href=\"tel:%E2%80%AA25 26 88%E2%80%AC\">\u202a25 26 88\u202c<\/a>&nbsp;T, pr\u00e9c\u00e9demment, Directeur pr\u00e9fectoral des mines de Bok\u00e9;<\/p>\n\n\n\n<p>2- Inspectrice r\u00e9gionale des mines et de la G\u00e9ologie de Kindia, Mme. Fatoumata Kaba, Matricule&nbsp;<a href=\"tel:%E2%80%AA31 76 10%E2%80%AC\">\u202a31 76 10\u202c<\/a>&nbsp;P, en service au Centre de promotion et de d\u00e9veloppement minier,<\/p>\n\n\n\n<p>3- Inspecteur r\u00e9gional des mines et de la G\u00e9ologie de Mamou, M. Mohamed Sylla, Matricule&nbsp;<a href=\"tel:%E2%80%AA25 21 07%E2%80%AC\">\u202a25 21 07\u202c<\/a>&nbsp;S, pr\u00e9c\u00e9demment, Directeur pr\u00e9fectoral par int\u00e9rim de Kindia;<\/p>\n\n\n\n<p>4- Inspectrice r\u00e9gionale des mines et de la G\u00e9ologie de Lab\u00e9, Mme. Kadiatou Bald\u00e9, Matricule\u00a0<a href=\"tel:%E2%80%AA19 87 05%E2%80%AC\">\u202a19 87 05\u202c<\/a>\u00a0N, pr\u00e9c\u00e9demment, Inspectrice r\u00e9gionale par int\u00e9rim de Lab\u00e9.<\/p>\n\n\n\n<p><strong>Friaguinee.net<\/strong><\/p>\n","protected":false},"excerpt":{"rendered":"<p>A travers un d\u00e9cret lu ce jeudi 2 f\u00e9vrier 2023, \u00e0 la t\u00e9l\u00e9vision nationale, le pr\u00e9sident de la transition,\u00a0 le Colonel Mamadi Doumbouya \u00e0 proc\u00e9d\u00e9 \u00e0 la nomination des inspecteurs r\u00e9gionaux des Mines et de la G\u00e9ologie. Il s&rsquo;agit de &nbsp;1- Inspecteur r\u00e9gional des mines et de la G\u00e9ologie de Bok\u00e9, M. Isma\u00ebl Ouatara, Matricule&nbsp;\u202a25 [&hellip;]<\/p>\n","protected":false},"author":3,"featured_media":45186,"comment_status":"open","ping_status":"open","sticky":false,"template":"","format":"standard","meta":{"footnotes":""},"categories":[2],"tags":[],"class_list":["post-47309","post","type-post","status-publish","format-standard","has-post-thumbnail","hentry","category-actualites"],"_links":{"self":[{"href":"https:\/\/www.friaguinee.net\/index.php\/wp-json\/wp\/v2\/posts\/47309","targetHints":{"allow":["GET"]}}],"collection":[{"href":"https:\/\/www.friaguinee.net\/index.php\/wp-json\/wp\/v2\/posts"}],"about":[{"href":"https:\/\/www.friaguinee.net\/index.php\/wp-json\/wp\/v2\/types\/post"}],"author":[{"embeddable":true,"href":"https:\/\/www.friaguinee.net\/index.php\/wp-json\/wp\/v2\/users\/3"}],"replies":[{"embeddable":true,"href":"https:\/\/www.friaguinee.net\/index.php\/wp-json\/wp\/v2\/comments?post=47309"}],"version-history":[{"count":1,"href":"https:\/\/www.friaguinee.net\/index.php\/wp-json\/wp\/v2\/posts\/47309\/revisions"}],"predecessor-version":[{"id":47310,"href":"https:\/\/www.friaguinee.net\/index.php\/wp-json\/wp\/v2\/posts\/47309\/revisions\/47310"}],"wp:featuredmedia":[{"embeddable":true,"href":"https:\/\/www.friaguinee.net\/index.php\/wp-json\/wp\/v2\/media\/45186"}],"wp:attachment":[{"href":"https:\/\/www.friaguinee.net\/index.php\/wp-json\/wp\/v2\/media?parent=47309"}],"wp:term":[{"taxonomy":"category","embeddable":true,"href":"https:\/\/www.friaguinee.net\/index.php\/wp-json\/wp\/v2\/categories?post=47309"},{"taxonomy":"post_tag","embeddable":true,"href":"https:\/\/www.friaguinee.net\/index.php\/wp-json\/wp\/v2\/tags?post=47309"}],"curies":[{"name":"wp","href":"https:\/\/api.w.org\/{rel}","templated":true}]}}