{"id":46973,"date":"2023-01-25T08:52:05","date_gmt":"2023-01-25T08:52:05","guid":{"rendered":"http:\/\/www.friaguinee.net\/?p=46973"},"modified":"2023-01-25T08:52:07","modified_gmt":"2023-01-25T08:52:07","slug":"administration-territoriale-la-mission-lorganisation-et-fonctionnement-de-la-dratd-definis-par-le-colonel-mamadi-doumbouyadecret","status":"publish","type":"post","link":"https:\/\/www.friaguinee.net\/index.php\/2023\/01\/25\/administration-territoriale-la-mission-lorganisation-et-fonctionnement-de-la-dratd-definis-par-le-colonel-mamadi-doumbouyadecret\/","title":{"rendered":"Administration territoriale : la mission, l\u2019organisation et fonctionnement de la DRATD d\u00e9finis par le Colonel Mamadi Doumbouya(d\u00e9cret)"},"content":{"rendered":"\n<p>A travers un d\u00e9cret publi\u00e9 ce mardi 24 janvier 2023 \u00e0 la t\u00e9l\u00e9vision nationale,  le pr\u00e9sident de la transition a d\u00e9fini, , les missions, attributions et le fonctionnement de la direction r\u00e9gionale de l\u2019administration du territoire et de la d\u00e9centralisation (DRATD)<\/p>\n\n\n\n<p>\u2013<strong>Titre I Dispositions g\u00e9n\u00e9rales :<\/strong><\/p>\n\n\n\n<p><strong>Chapitre I&nbsp;: Missions et attributions<\/strong><\/p>\n\n\n\n<p>Il est cr\u00e9\u00e9 au niveau de la r\u00e9gion, la Direction r\u00e9gionale de l\u2019administration du territoire et de la d\u00e9centralisation DRATD,&nbsp;de niveau hi\u00e9rarchique \u00e9quivalent \u00e0 celui d\u2019une division de l\u2019administration centrale. Elle constitue une structure d\u2019appui technique de l\u2019administration r\u00e9gionale.<\/p>\n\n\n\n<p>La Direction r\u00e9gionale de l\u2019administration du territoire et de la d\u00e9centralisation est dirig\u00e9e par un Directeur nomm\u00e9 par d\u00e9cret du pr\u00e9sident de la R\u00e9publique sur proposition du ministre de l\u2019administration du territoire et de la d\u00e9centralisation.<\/p>\n\n\n\n<p><strong>Chapitre II&nbsp;: Organisation et Fonctionnement<\/strong><\/p>\n\n\n\n<p>La Direction r\u00e9gionale de l\u2019administration du territoire et de la d\u00e9centralisation (DRATD),&nbsp;comprend:<\/p>\n\n\n\n<p>I- la cellule r\u00e9gionale de l\u2019administration des libert\u00e9s publiques et des fronti\u00e8res.<\/p>\n\n\n\n<p>II- La cellule r\u00e9gionale d\u2019appui \u00e0 la fonction publique locale.<\/p>\n\n\n\n<p>III- la cellule r\u00e9gionale de la planification et du suivi des micros r\u00e9alisations.<\/p>\n\n\n\n<p>Iv- la cellule r\u00e9gionale de l\u2019organisation et de contr\u00f4le de l\u00e9galit\u00e9 des actions des communes.<\/p>\n\n\n\n<p>V- la cellule r\u00e9gionale d\u2019appui et de suivi des organisations non gouvernementales et \u00e9trang\u00e8res et des mouvements associatifs.<\/p>\n\n\n\n<p>La Direction r\u00e9gionale de l\u2019administration du territoire et de la d\u00e9centralisation dispose de services d\u2019appui pour son bon fonctionnement.<\/p>\n\n\n\n<p>-La cellule r\u00e9gionale de l\u2019organisation et de contr\u00f4le de l\u00e9galit\u00e9 des actions des communes est charg\u00e9 de :<\/p>\n\n\n\n<p>-Appuyer les communes \u00e0 l\u2019organisation et l\u2019op\u00e9rationnalisation des structures en charge des fournitures des services sociaux de base.<\/p>\n\n\n\n<p>-\u00c9laborer, diffuser et assurer le respect des textes juridiques, manuel ou guide relatif \u00e0 l\u2019organisation au fonctionnement, et \u00e0 l\u2019\u00e9valuation des performances des collectivit\u00e9s locales.<\/p>\n\n\n\n<p>\u2013 Veiller \u00e0 l\u2019application des r\u00e8gles et des modalit\u00e9s de contr\u00f4le de la l\u00e9galit\u00e9 des actes des collectivit\u00e9s locales de rendre compte au gouverneur.<\/p>\n\n\n\n<p><strong>Titre II&nbsp;: Dispositions finales<\/strong><\/p>\n\n\n\n<p>Les chefs des cellules r\u00e9gionales et les assistants sont nomm\u00e9s par arr\u00eat\u00e9 du ministre en charge de l\u2019administration du territoriale et de la d\u00e9centralisation.<\/p>\n\n\n\n<p><strong>Friaguinee.net<\/strong><\/p>\n","protected":false},"excerpt":{"rendered":"<p>A travers un d\u00e9cret publi\u00e9 ce mardi 24 janvier 2023 \u00e0 la t\u00e9l\u00e9vision nationale, le pr\u00e9sident de la transition a d\u00e9fini, , les missions, attributions et le fonctionnement de la direction r\u00e9gionale de l\u2019administration du territoire et de la d\u00e9centralisation (DRATD) \u2013Titre I Dispositions g\u00e9n\u00e9rales : Chapitre I&nbsp;: Missions et attributions Il est cr\u00e9\u00e9 au [&hellip;]<\/p>\n","protected":false},"author":3,"featured_media":45186,"comment_status":"open","ping_status":"open","sticky":false,"template":"","format":"standard","meta":{"footnotes":""},"categories":[2],"tags":[8663,8664],"class_list":["post-46973","post","type-post","status-publish","format-standard","has-post-thumbnail","hentry","category-actualites","tag-dratd","tag-mission-et-fonctionnement-definis"],"_links":{"self":[{"href":"https:\/\/www.friaguinee.net\/index.php\/wp-json\/wp\/v2\/posts\/46973","targetHints":{"allow":["GET"]}}],"collection":[{"href":"https:\/\/www.friaguinee.net\/index.php\/wp-json\/wp\/v2\/posts"}],"about":[{"href":"https:\/\/www.friaguinee.net\/index.php\/wp-json\/wp\/v2\/types\/post"}],"author":[{"embeddable":true,"href":"https:\/\/www.friaguinee.net\/index.php\/wp-json\/wp\/v2\/users\/3"}],"replies":[{"embeddable":true,"href":"https:\/\/www.friaguinee.net\/index.php\/wp-json\/wp\/v2\/comments?post=46973"}],"version-history":[{"count":1,"href":"https:\/\/www.friaguinee.net\/index.php\/wp-json\/wp\/v2\/posts\/46973\/revisions"}],"predecessor-version":[{"id":46974,"href":"https:\/\/www.friaguinee.net\/index.php\/wp-json\/wp\/v2\/posts\/46973\/revisions\/46974"}],"wp:featuredmedia":[{"embeddable":true,"href":"https:\/\/www.friaguinee.net\/index.php\/wp-json\/wp\/v2\/media\/45186"}],"wp:attachment":[{"href":"https:\/\/www.friaguinee.net\/index.php\/wp-json\/wp\/v2\/media?parent=46973"}],"wp:term":[{"taxonomy":"category","embeddable":true,"href":"https:\/\/www.friaguinee.net\/index.php\/wp-json\/wp\/v2\/categories?post=46973"},{"taxonomy":"post_tag","embeddable":true,"href":"https:\/\/www.friaguinee.net\/index.php\/wp-json\/wp\/v2\/tags?post=46973"}],"curies":[{"name":"wp","href":"https:\/\/api.w.org\/{rel}","templated":true}]}}