{"id":46936,"date":"2023-01-21T11:06:30","date_gmt":"2023-01-21T11:06:30","guid":{"rendered":"http:\/\/www.friaguinee.net\/?p=46936"},"modified":"2023-01-21T11:17:50","modified_gmt":"2023-01-21T11:17:50","slug":"guinee-plusieurs-cadres-nommes-aux-ministeres-du-plan-des-transports-et-des-travaux-publics","status":"publish","type":"post","link":"https:\/\/www.friaguinee.net\/index.php\/2023\/01\/21\/guinee-plusieurs-cadres-nommes-aux-ministeres-du-plan-des-transports-et-des-travaux-publics\/","title":{"rendered":"Minist\u00e8res du plan, des transports et des travaux publics : plusieurs cadres nomm\u00e9s par le Colonel Mamadi Doumbouya"},"content":{"rendered":"\n<p>A travers un d\u00e9cret lu ce vendredi, 20 janvier 2023 \u00e0 la t\u00e9l\u00e9vision nationale, le pr\u00e9sident de la transition Colonel Mamadi Doumbouya  a proc\u00e9d\u00e9  \u00e0 la nomination de plusieurs hauts cadres \u00e0 diff\u00e9rentes fonctions. <strong>Il s&rsquo;agit de\u00a0:<\/strong><\/p>\n\n\n\n<p><strong>Secr\u00e9taire G\u00e9n\u00e9ral du minist\u00e8re du Plan et de la Coop\u00e9ration Internationale&nbsp;: Dr Mamoudou Tour\u00e9<\/strong>, enseignant-chercheur pr\u00e9c\u00e9demment rapporteur de la mission d\u2019appui \u00e0 la mobilisation des ressources internes MAMRI Guin\u00e9e<\/p>\n\n\n\n<p><strong>Secr\u00e9taire G\u00e9n\u00e9ral du minist\u00e8re des Transports&nbsp;: M. Mamadou Saliou Diaby,<\/strong>pr\u00e9c\u00e9demment Conseiller charg\u00e9 de l\u2019analyse \u00e9conomique au minist\u00e8re des Infrastructures et des Transports<\/p>\n\n\n\n<p><strong>Cheffe de Cabinet du Minist\u00e8re des Transports&nbsp;: Madame Fatoumata Binta Barry<\/strong>, pr\u00e9c\u00e9demment directrice nationale du foncier rural du minist\u00e8re de l\u2019Agriculture et de l\u2019Elevage,<\/p>\n\n\n\n<p><strong>Chef de Cabinet du minist\u00e8re des Infrastructures et des Travaux publics&nbsp;: M. Abas Camara<\/strong>, pr\u00e9c\u00e9demment Directeur de l\u2019Agence de la BICIGUI de Kindia,<\/p>\n\n\n\n<p><strong>Chef de Cabinet minist\u00e8re du Plan et de la Coop\u00e9ration Internationale&nbsp;: M. Abdoulaye Fofana<\/strong>, matricule 209 774Y, pr\u00e9c\u00e9demment directeur national adjoint du plan et de la coop\u00e9ration internationale.<\/p>\n\n\n\n<p>1-<strong>Direction nationale du Plan&nbsp;:&nbsp;Docteur Hassane Diallo,<\/strong>&nbsp;confirm\u00e9<\/p>\n\n\n\n<p>2-<strong>Directeur G\u00e9n\u00e9ral de la Coordination et du suivi des Aides<\/strong>:&nbsp;<strong>Monsieur Gaoussou Sogol\u00e9,<\/strong>&nbsp;expert en informatique,<\/p>\n\n\n\n<p>3-<strong>Directeur national de la population et du d\u00e9veloppement<\/strong>:<strong>Monsieur Abdoulaye Sanoh<\/strong>, pr\u00e9c\u00e9demment coordinateur du programme d\u2019investissement priv\u00e9,<\/p>\n\n\n\n<p>4-<strong>Directeur national de la coop\u00e9ration internationale&nbsp;: Monsieur Mamadou Sa\u00efdou Diallo<\/strong>, pr\u00e9c\u00e9demment chef de mission de l\u2019expertise internationale du projet de renforcement des capacit\u00e9s commerciales et entrepreneuriales de la r\u00e9publique du Congo.<\/p>\n\n\n\n<p><strong>Directrice G\u00e9n\u00e9rale du bureau d\u2019Appui \u00e0 la coop\u00e9ration avec l\u2019union europ\u00e9enne&nbsp;:&nbsp;<\/strong><strong>Madame Manimba Kand\u00e9 Sylla<\/strong><strong>,<\/strong><\/p>\n\n\n\n<p><strong>Directeur g\u00e9n\u00e9ral de l\u2019institut national de la statistique&nbsp;:&nbsp;<\/strong><strong>Monsieur Makan Doumbouya<\/strong><\/p>\n\n\n\n<p><strong>Directrice g\u00e9n\u00e9rale de l\u2019agence guin\u00e9enne de la coop\u00e9ration technique&nbsp;:&nbsp;<\/strong><strong>Madame Sona Boiro,<\/strong><\/p>\n\n\n\n<p><strong>Directeur g\u00e9n\u00e9ral du fonds de d\u00e9veloppement \u00e9conomique et sociale\u00a0: Monsieur Mamadou Bobo Diallo,<\/strong>matricule 202 448 B, pr\u00e9c\u00e9demment directeur g\u00e9n\u00e9ral adjoint du fonds de d\u00e9veloppement \u00e9conomique et social.<\/p>\n\n\n\n<p><strong>Friaguinee.net<\/strong><\/p>\n","protected":false},"excerpt":{"rendered":"<p>A travers un d\u00e9cret lu ce vendredi, 20 janvier 2023 \u00e0 la t\u00e9l\u00e9vision nationale, le pr\u00e9sident de la transition Colonel Mamadi Doumbouya a proc\u00e9d\u00e9 \u00e0 la nomination de plusieurs hauts cadres \u00e0 diff\u00e9rentes fonctions. Il s&rsquo;agit de\u00a0: Secr\u00e9taire G\u00e9n\u00e9ral du minist\u00e8re du Plan et de la Coop\u00e9ration Internationale&nbsp;: Dr Mamoudou Tour\u00e9, enseignant-chercheur pr\u00e9c\u00e9demment rapporteur de [&hellip;]<\/p>\n","protected":false},"author":3,"featured_media":40722,"comment_status":"open","ping_status":"open","sticky":false,"template":"","format":"standard","meta":{"footnotes":""},"categories":[2],"tags":[],"class_list":["post-46936","post","type-post","status-publish","format-standard","has-post-thumbnail","hentry","category-actualites"],"_links":{"self":[{"href":"https:\/\/www.friaguinee.net\/index.php\/wp-json\/wp\/v2\/posts\/46936","targetHints":{"allow":["GET"]}}],"collection":[{"href":"https:\/\/www.friaguinee.net\/index.php\/wp-json\/wp\/v2\/posts"}],"about":[{"href":"https:\/\/www.friaguinee.net\/index.php\/wp-json\/wp\/v2\/types\/post"}],"author":[{"embeddable":true,"href":"https:\/\/www.friaguinee.net\/index.php\/wp-json\/wp\/v2\/users\/3"}],"replies":[{"embeddable":true,"href":"https:\/\/www.friaguinee.net\/index.php\/wp-json\/wp\/v2\/comments?post=46936"}],"version-history":[{"count":2,"href":"https:\/\/www.friaguinee.net\/index.php\/wp-json\/wp\/v2\/posts\/46936\/revisions"}],"predecessor-version":[{"id":46940,"href":"https:\/\/www.friaguinee.net\/index.php\/wp-json\/wp\/v2\/posts\/46936\/revisions\/46940"}],"wp:featuredmedia":[{"embeddable":true,"href":"https:\/\/www.friaguinee.net\/index.php\/wp-json\/wp\/v2\/media\/40722"}],"wp:attachment":[{"href":"https:\/\/www.friaguinee.net\/index.php\/wp-json\/wp\/v2\/media?parent=46936"}],"wp:term":[{"taxonomy":"category","embeddable":true,"href":"https:\/\/www.friaguinee.net\/index.php\/wp-json\/wp\/v2\/categories?post=46936"},{"taxonomy":"post_tag","embeddable":true,"href":"https:\/\/www.friaguinee.net\/index.php\/wp-json\/wp\/v2\/tags?post=46936"}],"curies":[{"name":"wp","href":"https:\/\/api.w.org\/{rel}","templated":true}]}}