{"id":46251,"date":"2022-11-12T18:07:44","date_gmt":"2022-11-12T18:07:44","guid":{"rendered":"http:\/\/www.friaguinee.net\/?p=46251"},"modified":"2022-11-13T07:11:28","modified_gmt":"2022-11-13T07:11:28","slug":"education-le-conasyf-accompagne-le-systeme-educatif-de-fria-par-des-cours-de-revision-gratuits","status":"publish","type":"post","link":"https:\/\/www.friaguinee.net\/index.php\/2022\/11\/12\/education-le-conasyf-accompagne-le-systeme-educatif-de-fria-par-des-cours-de-revision-gratuits\/","title":{"rendered":"Education : le CONASYF accompagne le syst\u00e8me \u00e9ducatif de Fria par des cours de r\u00e9vision gratuits"},"content":{"rendered":"\n<p>Le lyc\u00e9e Amical&nbsp; Cabral a servi de&nbsp; cadre ce samedi 12 novembre 2022 pour le lancement de la c\u00e9r\u00e9monie du projet d&rsquo;appui au syst\u00e8me \u00e9ducatif guin\u00e9en en pr\u00e9sence de Mr Aboubacar Mandela Camara repr\u00e9sentant du ministre de l&rsquo; enseignement pr\u00e9-universitaire et de l&rsquo;alphab\u00e9tisation, de Mr.Tchapato Barry Inspecteur R\u00e9gional de Conakry,&nbsp; du Directeur Pr\u00e9fectoral de l\u2019Education de Fria Mr Abdou Karim Tour\u00e9, des autorit\u00e9s pr\u00e9fectorales, communales.<\/p>\n\n\n\n<p>Prenant la parole, Lamarana Gocky Barry coordinateur g\u00e9n\u00e9ral du Collectif des Natifs et Sympathisants de Fria (CONASYF) revient sur les objectifs du projet&nbsp;<\/p>\n\n\n\n<figure class=\"wp-block-image size-large\"><img loading=\"lazy\" decoding=\"async\" width=\"768\" height=\"1024\" src=\"http:\/\/www.friaguinee.net\/wp-content\/uploads\/2022\/11\/20221112_133756-768x1024.jpg\" alt=\"\" class=\"wp-image-46252\" srcset=\"https:\/\/www.friaguinee.net\/wp-content\/uploads\/2022\/11\/20221112_133756-768x1024.jpg 768w, https:\/\/www.friaguinee.net\/wp-content\/uploads\/2022\/11\/20221112_133756-225x300.jpg 225w, https:\/\/www.friaguinee.net\/wp-content\/uploads\/2022\/11\/20221112_133756-1152x1536.jpg 1152w, https:\/\/www.friaguinee.net\/wp-content\/uploads\/2022\/11\/20221112_133756-1536x2048.jpg 1536w, https:\/\/www.friaguinee.net\/wp-content\/uploads\/2022\/11\/20221112_133756-696x928.jpg 696w, https:\/\/www.friaguinee.net\/wp-content\/uploads\/2022\/11\/20221112_133756-1068x1424.jpg 1068w, https:\/\/www.friaguinee.net\/wp-content\/uploads\/2022\/11\/20221112_133756-315x420.jpg 315w, https:\/\/www.friaguinee.net\/wp-content\/uploads\/2022\/11\/20221112_133756-scaled.jpg 1920w\" sizes=\"auto, (max-width: 768px) 100vw, 768px\" \/><figcaption><strong>Lamarana Gocky Barry Coordinateur G\u00e9n\u00e9ral du Collectif des Natifs et Sympathisants de Fria (CONASYF) <\/strong><\/figcaption><\/figure>\n\n\n\n<p>\u00a0\u00bb C&rsquo;est un projet \u00e9ducatif qui va contribuer \u00e0 l&rsquo;am\u00e9lioration du syst\u00e8me \u00e9ducatif guin\u00e9en dans sa globalit\u00e9 et de Fria en particulier pour cette phase pilote. Pour ce projet, nous avons identifi\u00e9 trois axes principaux \u00e0 savoir : l\u2019organisation des programmes d\u2019enseignement pour les \u00e9l\u00e8ves du primaire et du secondaire, le renforcement des capacit\u00e9s op\u00e9rationnelles du personnel enseignant et de faire du digital un v\u00e9ritable canal d&rsquo;apprentissage massif. Nous savons combien de fois aujourd&rsquo;hui le digital est important ; les r\u00e9seaux sociaux interviennent dans notre vie et dans notre quotidien. Nous voudrions en faire un v\u00e9ritable canal d&rsquo;apprentissage en y drivant des contenus \u00e9ducatifs et p\u00e9dagogiques \u00a0\u00bb a-t-il expliqu\u00e9\u00a0<\/p>\n\n\n\n<p>Poursuivant Lamarana Gocky Barry pr\u00e9cise que ces cours de mise \u00e0 niveau des \u00e9l\u00e8ves sont gratuits et soutenu par le projet<\/p>\n\n\n\n<p>\u00a0\u00bb Ce projet est d\u00e9j\u00e0 soutenu par le CONASYF \u00e0 la base, m\u00eame si aujourd&rsquo;hui nous souhaitons avoir l&rsquo;appui financier, mat\u00e9riel, humain de l&rsquo;ensemble des institutions \u00e0 la fois gouvernementale et non gouvernementale, des entreprises et toutes les organisations qui accordent \u00e0 l&rsquo;\u00e9ducation une place de choix dans leur politique de responsabilit\u00e9 soci\u00e9tale d\u2019entreprise. Ainsi donc, durant toute cette ann\u00e9e scolaire, aucun \u00e9l\u00e8ve de cette phase pilote ne paiera de l&rsquo;argent pour suivre des cours de r\u00e9vision. En tant que projet, nous souhaitons accompagner plut\u00f4t le corps enseignant afin d\u2019assurer des cours compl\u00e9mentaires \u00e0 travers une p\u00e9dagogie diff\u00e9renciante pour am\u00e9liorer de fa\u00e7on qualitative et quantitative les r\u00e9sultats escompt\u00e9s \u00a0\u00bb \u00a0\u00bb \u00e0 pr\u00e9cis\u00e9 le coordinateur g\u00e9n\u00e9ral\u00a0<\/p>\n\n\n\n<p>Pr\u00e9sent \u00e0 la c\u00e9r\u00e9monie de lancement du projet, le premier responsable de l&rsquo;\u00e9ducation pour sa part se dit dispos\u00e9 \u00e0 s&rsquo;impliquer et \u00e0 accompagner ce projet pour sa r\u00e9ussite.&nbsp;<\/p>\n\n\n\n<figure class=\"wp-block-image size-large\"><img loading=\"lazy\" decoding=\"async\" width=\"768\" height=\"1024\" src=\"http:\/\/www.friaguinee.net\/wp-content\/uploads\/2022\/11\/20221112_124910-768x1024.jpg\" alt=\"\" class=\"wp-image-46253\" srcset=\"https:\/\/www.friaguinee.net\/wp-content\/uploads\/2022\/11\/20221112_124910-768x1024.jpg 768w, https:\/\/www.friaguinee.net\/wp-content\/uploads\/2022\/11\/20221112_124910-225x300.jpg 225w, https:\/\/www.friaguinee.net\/wp-content\/uploads\/2022\/11\/20221112_124910-1152x1536.jpg 1152w, https:\/\/www.friaguinee.net\/wp-content\/uploads\/2022\/11\/20221112_124910-1536x2048.jpg 1536w, https:\/\/www.friaguinee.net\/wp-content\/uploads\/2022\/11\/20221112_124910-696x928.jpg 696w, https:\/\/www.friaguinee.net\/wp-content\/uploads\/2022\/11\/20221112_124910-1068x1424.jpg 1068w, https:\/\/www.friaguinee.net\/wp-content\/uploads\/2022\/11\/20221112_124910-315x420.jpg 315w, https:\/\/www.friaguinee.net\/wp-content\/uploads\/2022\/11\/20221112_124910-scaled.jpg 1920w\" sizes=\"auto, (max-width: 768px) 100vw, 768px\" \/><figcaption><strong>Abdoul Karim Tour\u00e9 Directeur Pr\u00e9fectoral de l&rsquo;Education de Fria<\/strong><\/figcaption><\/figure>\n\n\n\n<p>\u00a0\u00bb Je commencerais d&rsquo;abord \u00e0 remercier les initiateurs de ce projet car le ministre de l&rsquo;enseignement pr\u00e9-universitaire Guillaume hawing tient trop \u00e0 ce projet. Donc l&rsquo;attente de ce projet d&rsquo;abord c&rsquo;est la r\u00e9ussite, et la r\u00e9ussite l\u00e0 ne se passera pas sans mon implication. Donc je ne m\u00e9nagerai aucun effort pour r\u00e9ussite de ce projet et je ferai tout mon possible pour la r\u00e9ussite. Pour ce faire la r\u00e9ussite de ce projet d\u00e9pendra des r\u00e9sultats des diff\u00e9rents examens. Mais ce projet ne va pas seulement s&rsquo;\u00e9tendre au niveau ds examens, nous devons aussi nous retourner au niveau de la base c&rsquo;est-\u00e0-dire les classes interm\u00e9diaires. Pour qu&rsquo;il y ait r\u00e9ussite de ce projet il faut aussi aller toucher les classes interm\u00e9diaires\u00a0\u00bb \u00e0 promis Tour\u00e9 Abdoul Karim Directeur Pr\u00e9fectoral de l\u2019Education de Fria.<\/p>\n\n\n\n<p>A rappeler que pour cette phase pilote, se sont les classes de terminales des lyc\u00e9es publics Amical Cabral et Jos\u00e9 Bronz Tito de la commune urbaine qui d\u00e9buteront avec ces cours de mise \u00e0 niveau des \u00e9l\u00e8ves, encadr\u00e9s par 14 enseignants volontaires qui dispenseront 7 mati\u00e8res telleques le fran\u00e7ais, l&rsquo;anglais, la chimie, les math\u00e9matiques, la physique, la biologie et la philosophie.<\/p>\n\n\n\n<p><strong>Sal\u00e9matou Bald\u00e9&nbsp;<\/strong><\/p>\n","protected":false},"excerpt":{"rendered":"<p>Le lyc\u00e9e Amical&nbsp; Cabral a servi de&nbsp; cadre ce samedi 12 novembre 2022 pour le lancement de la c\u00e9r\u00e9monie du projet d&rsquo;appui au syst\u00e8me \u00e9ducatif guin\u00e9en en pr\u00e9sence de Mr Aboubacar Mandela Camara repr\u00e9sentant du ministre de l&rsquo; enseignement pr\u00e9-universitaire et de l&rsquo;alphab\u00e9tisation, de Mr.Tchapato Barry Inspecteur R\u00e9gional de Conakry,&nbsp; du Directeur Pr\u00e9fectoral de l\u2019Education [&hellip;]<\/p>\n","protected":false},"author":3,"featured_media":46255,"comment_status":"open","ping_status":"open","sticky":false,"template":"","format":"standard","meta":{"footnotes":""},"categories":[2],"tags":[],"class_list":["post-46251","post","type-post","status-publish","format-standard","has-post-thumbnail","hentry","category-actualites"],"_links":{"self":[{"href":"https:\/\/www.friaguinee.net\/index.php\/wp-json\/wp\/v2\/posts\/46251","targetHints":{"allow":["GET"]}}],"collection":[{"href":"https:\/\/www.friaguinee.net\/index.php\/wp-json\/wp\/v2\/posts"}],"about":[{"href":"https:\/\/www.friaguinee.net\/index.php\/wp-json\/wp\/v2\/types\/post"}],"author":[{"embeddable":true,"href":"https:\/\/www.friaguinee.net\/index.php\/wp-json\/wp\/v2\/users\/3"}],"replies":[{"embeddable":true,"href":"https:\/\/www.friaguinee.net\/index.php\/wp-json\/wp\/v2\/comments?post=46251"}],"version-history":[{"count":2,"href":"https:\/\/www.friaguinee.net\/index.php\/wp-json\/wp\/v2\/posts\/46251\/revisions"}],"predecessor-version":[{"id":46261,"href":"https:\/\/www.friaguinee.net\/index.php\/wp-json\/wp\/v2\/posts\/46251\/revisions\/46261"}],"wp:featuredmedia":[{"embeddable":true,"href":"https:\/\/www.friaguinee.net\/index.php\/wp-json\/wp\/v2\/media\/46255"}],"wp:attachment":[{"href":"https:\/\/www.friaguinee.net\/index.php\/wp-json\/wp\/v2\/media?parent=46251"}],"wp:term":[{"taxonomy":"category","embeddable":true,"href":"https:\/\/www.friaguinee.net\/index.php\/wp-json\/wp\/v2\/categories?post=46251"},{"taxonomy":"post_tag","embeddable":true,"href":"https:\/\/www.friaguinee.net\/index.php\/wp-json\/wp\/v2\/tags?post=46251"}],"curies":[{"name":"wp","href":"https:\/\/api.w.org\/{rel}","templated":true}]}}