{"id":45941,"date":"2022-10-18T11:50:41","date_gmt":"2022-10-18T11:50:41","guid":{"rendered":"http:\/\/www.friaguinee.net\/?p=45941"},"modified":"2022-10-18T11:50:43","modified_gmt":"2022-10-18T11:50:43","slug":"affaire-massacre-du-28-septembre-marcel-guilavogui-garde-du-corps-et-neveu-de-moussa-dadis-camara-rejette-en-bloc-sa-presence-au-stade","status":"publish","type":"post","link":"https:\/\/www.friaguinee.net\/index.php\/2022\/10\/18\/affaire-massacre-du-28-septembre-marcel-guilavogui-garde-du-corps-et-neveu-de-moussa-dadis-camara-rejette-en-bloc-sa-presence-au-stade\/","title":{"rendered":"Affaire massacre du 28 septembre : Marcel Guilavogui garde du corps et neveu de Moussa Dadis Camara, rejette en bloc sa pr\u00e9sence au stade"},"content":{"rendered":"\n<p>13 ann\u00e9es pass\u00e9es \u00e0 la maison centrale de Conakry, apr\u00e8s les \u00e9v\u00e9nements malheureux du 28 septembre 2009, Marcel Guilavogui \u00e0 la barre, \u00e0 nier sa pr\u00e9sence au stade devant le tribunal criminel. <\/p>\n\n\n\n<p>Ce lundi 17 octobre, le garde du corps et neveu du capitaine Moussa Dadis Camara, aurait jou\u00e9 un r\u00f4le cl\u00e9 dans le carnage survenu au stade aux dires des avocats de la partie civile. <\/p>\n\n\n\n<p>Selon les avocats de la partie civile et le minist\u00e8re public, des t\u00e9moins auraient vu le lieutenant Marcel au stade. <\/p>\n\n\n\n<p>\u00c9vasif dans ses prises de paroles avec un regard braqu\u00e9 sur le Pr\u00e9sident du tribunal, Marcel dit avoir eu un accident de la circulation, la veille du 28 septembre 2009, une journ\u00e9e qu&rsquo;il aurait pass\u00e9e alit\u00e9. <\/p>\n\n\n\n<p>Le procureur le contredit. La clinique o\u00f9 il dit avoir \u00e9t\u00e9 soign\u00e9 a \u00e9t\u00e9 contact\u00e9e. Elle assure l&rsquo;avoir re\u00e7u bien avant, dans la nuit du 20 au 21 septembre. Mais Guilavogui lui, est ferme sur son alibi <\/p>\n\n\n\n<p>\u00ab\u00a0Je n&rsquo;ai pas \u00e9t\u00e9 au stade\u00a0\u00bb, a fait savoir l&rsquo;accus\u00e9. Peu apr\u00e8s 17 heures, l&rsquo;audience a \u00e9t\u00e9 lev\u00e9e et doit rependre le mercredi 19 octobre.<\/p>\n\n\n\n<p><strong>Mansa Moussa Mara pour friaguinee.net<\/strong><\/p>\n","protected":false},"excerpt":{"rendered":"<p>13 ann\u00e9es pass\u00e9es \u00e0 la maison centrale de Conakry, apr\u00e8s les \u00e9v\u00e9nements malheureux du 28 septembre 2009, Marcel Guilavogui \u00e0 la barre, \u00e0 nier sa pr\u00e9sence au stade devant le tribunal criminel. Ce lundi 17 octobre, le garde du corps et neveu du capitaine Moussa Dadis Camara, aurait jou\u00e9 un r\u00f4le cl\u00e9 dans le carnage [&hellip;]<\/p>\n","protected":false},"author":3,"featured_media":45942,"comment_status":"open","ping_status":"open","sticky":false,"template":"","format":"standard","meta":{"footnotes":""},"categories":[2],"tags":[],"class_list":["post-45941","post","type-post","status-publish","format-standard","has-post-thumbnail","hentry","category-actualites"],"_links":{"self":[{"href":"https:\/\/www.friaguinee.net\/index.php\/wp-json\/wp\/v2\/posts\/45941","targetHints":{"allow":["GET"]}}],"collection":[{"href":"https:\/\/www.friaguinee.net\/index.php\/wp-json\/wp\/v2\/posts"}],"about":[{"href":"https:\/\/www.friaguinee.net\/index.php\/wp-json\/wp\/v2\/types\/post"}],"author":[{"embeddable":true,"href":"https:\/\/www.friaguinee.net\/index.php\/wp-json\/wp\/v2\/users\/3"}],"replies":[{"embeddable":true,"href":"https:\/\/www.friaguinee.net\/index.php\/wp-json\/wp\/v2\/comments?post=45941"}],"version-history":[{"count":1,"href":"https:\/\/www.friaguinee.net\/index.php\/wp-json\/wp\/v2\/posts\/45941\/revisions"}],"predecessor-version":[{"id":45943,"href":"https:\/\/www.friaguinee.net\/index.php\/wp-json\/wp\/v2\/posts\/45941\/revisions\/45943"}],"wp:featuredmedia":[{"embeddable":true,"href":"https:\/\/www.friaguinee.net\/index.php\/wp-json\/wp\/v2\/media\/45942"}],"wp:attachment":[{"href":"https:\/\/www.friaguinee.net\/index.php\/wp-json\/wp\/v2\/media?parent=45941"}],"wp:term":[{"taxonomy":"category","embeddable":true,"href":"https:\/\/www.friaguinee.net\/index.php\/wp-json\/wp\/v2\/categories?post=45941"},{"taxonomy":"post_tag","embeddable":true,"href":"https:\/\/www.friaguinee.net\/index.php\/wp-json\/wp\/v2\/tags?post=45941"}],"curies":[{"name":"wp","href":"https:\/\/api.w.org\/{rel}","templated":true}]}}