{"id":45916,"date":"2022-10-17T09:42:25","date_gmt":"2022-10-17T09:42:25","guid":{"rendered":"http:\/\/www.friaguinee.net\/?p=45916"},"modified":"2022-10-17T09:42:27","modified_gmt":"2022-10-17T09:42:27","slug":"burkina-faso-une-attaque-jihadistes-dans-le-nord-fait-au-moins-11-morts-dont-trois-soldats","status":"publish","type":"post","link":"https:\/\/www.friaguinee.net\/index.php\/2022\/10\/17\/burkina-faso-une-attaque-jihadistes-dans-le-nord-fait-au-moins-11-morts-dont-trois-soldats\/","title":{"rendered":"Burkina Faso : une attaque jihadistes dans le nord fait au moins 11 morts, dont trois soldats"},"content":{"rendered":"\n<p>Au moins trois soldats et huit suppl\u00e9tifs civils de l\u2019arm\u00e9e ont \u00e9t\u00e9 tu\u00e9s samedi lors d\u2019une attaque de jihadistes pr\u00e9sum\u00e9s dans le nord du Burkina Faso, ont indiqu\u00e9 \u00e0 l\u2019AFP des sources s\u00e9curitaires.<\/p>\n\n\n\n<p>\u00ab&nbsp;Une embuscade des GAT (Groupes arm\u00e9s terroristes) a vis\u00e9 une patrouille mixte de soldats et de VDP&nbsp;\u00bb, les Volontaires pour la d\u00e9fense de la patrie, suppl\u00e9tifs de l\u2019arm\u00e9e, \u00ab&nbsp;dans la commune de Bouroum (nord). Le bilan est de trois soldats et huit VDP tomb\u00e9s (tu\u00e9s)&nbsp;\u00bb, a d\u00e9clar\u00e9 \u00e0 l\u2019AFP une source s\u00e9curitaire. Une autre source des services de s\u00e9curit\u00e9 a confirm\u00e9, parlant de \u00ab&nbsp;bilan provisoire&nbsp;\u00bb.<\/p>\n\n\n\n<p>Selon cette derni\u00e8re source, \u00ab&nbsp;l\u2019accrochage a eu lieu dans la localit\u00e9 de Silmangu\u00e9, dans la province du Namentenga&nbsp;\u00bb. \u00ab&nbsp;Le bilan provisoire fait \u00e9tat d\u2019une dizaine de victimes (morts), deux bless\u00e9s et deux port\u00e9s disparus&nbsp;\u00bb, a-t-elle ajout\u00e9.<\/p>\n\n\n\n<p>Cette attaque survient deux semaines apr\u00e8s un coup d\u2019Etat militaire le 30 septembre, perp\u00e9tr\u00e9 par le capitaine Ibrahim Traor\u00e9, contre le lieutenant-colonel Paul-Henri Sandaogo Damiba, et au lendemain de la d\u00e9signation du capitaine Traor\u00e9 comme pr\u00e9sident de la transition par des assises nationales.<\/p>\n\n\n\n<p>Il s\u2019agissait du deuxi\u00e8me coup d\u2019Etat au Burkina Faso en huit mois, li\u00e9s \u00e0 la situation s\u00e9curitaire dans ce pays en proie \u00e0 la violence jihadiste depuis sept ans.<\/p>\n\n\n\n<p>Le 24 janvier, des militaires emmen\u00e9s par le lieutenant-colonel Damiba, regroup\u00e9s au sein d\u2019une junte appel\u00e9e Mouvement patriotique pour la sauvegarde et la restauration (MPSR), avaient renvers\u00e9 le pr\u00e9sident Roch Marc Christian Kabor\u00e9, accus\u00e9 d\u2019incapacit\u00e9 face aux attaques jihadistes qui se sont multipli\u00e9es au Burkina.<\/p>\n\n\n\n<p>Elles n\u2019ont pas cess\u00e9 en huit mois et, face \u00e0 la d\u00e9gradation constante de la situation, un nouveau putsch a eu lieu le 30 septembre, qui a port\u00e9 \u00e0 la t\u00eate du MPSR Ibrahim Traor\u00e9, afin de \u00ab&nbsp;recentrer la transition sur les urgences s\u00e9curitaires&nbsp;\u00bb, selon la junte.<\/p>\n\n\n\n<p>Le Burkina Faso est pris depuis 2015 dans une spirale de violences attribu\u00e9es \u00e0 des mouvements jihadistes affili\u00e9s \u00e0 Al-Qa\u00efda et au groupe Etat islamique.<\/p>\n\n\n\n<p>Ces attaques r\u00e9guli\u00e8res ont fait des milliers de morts et contraint quelque deux millions de personnes \u00e0 fuir leurs foyers.<\/p>\n\n\n\n<p>Plus de 40% du territoire \u00e9chappe au contr\u00f4le de l\u2019Etat, notamment du c\u00f4t\u00e9 des fronti\u00e8res avec le Mali et le Niger.<\/p>\n\n\n\n<p><strong>AFP<\/strong><\/p>\n","protected":false},"excerpt":{"rendered":"<p>Au moins trois soldats et huit suppl\u00e9tifs civils de l\u2019arm\u00e9e ont \u00e9t\u00e9 tu\u00e9s samedi lors d\u2019une attaque de jihadistes pr\u00e9sum\u00e9s dans le nord du Burkina Faso, ont indiqu\u00e9 \u00e0 l\u2019AFP des sources s\u00e9curitaires. \u00ab&nbsp;Une embuscade des GAT (Groupes arm\u00e9s terroristes) a vis\u00e9 une patrouille mixte de soldats et de VDP&nbsp;\u00bb, les Volontaires pour la d\u00e9fense [&hellip;]<\/p>\n","protected":false},"author":3,"featured_media":33281,"comment_status":"open","ping_status":"open","sticky":false,"template":"","format":"standard","meta":{"footnotes":""},"categories":[2],"tags":[],"class_list":["post-45916","post","type-post","status-publish","format-standard","has-post-thumbnail","hentry","category-actualites"],"_links":{"self":[{"href":"https:\/\/www.friaguinee.net\/index.php\/wp-json\/wp\/v2\/posts\/45916","targetHints":{"allow":["GET"]}}],"collection":[{"href":"https:\/\/www.friaguinee.net\/index.php\/wp-json\/wp\/v2\/posts"}],"about":[{"href":"https:\/\/www.friaguinee.net\/index.php\/wp-json\/wp\/v2\/types\/post"}],"author":[{"embeddable":true,"href":"https:\/\/www.friaguinee.net\/index.php\/wp-json\/wp\/v2\/users\/3"}],"replies":[{"embeddable":true,"href":"https:\/\/www.friaguinee.net\/index.php\/wp-json\/wp\/v2\/comments?post=45916"}],"version-history":[{"count":3,"href":"https:\/\/www.friaguinee.net\/index.php\/wp-json\/wp\/v2\/posts\/45916\/revisions"}],"predecessor-version":[{"id":45920,"href":"https:\/\/www.friaguinee.net\/index.php\/wp-json\/wp\/v2\/posts\/45916\/revisions\/45920"}],"wp:featuredmedia":[{"embeddable":true,"href":"https:\/\/www.friaguinee.net\/index.php\/wp-json\/wp\/v2\/media\/33281"}],"wp:attachment":[{"href":"https:\/\/www.friaguinee.net\/index.php\/wp-json\/wp\/v2\/media?parent=45916"}],"wp:term":[{"taxonomy":"category","embeddable":true,"href":"https:\/\/www.friaguinee.net\/index.php\/wp-json\/wp\/v2\/categories?post=45916"},{"taxonomy":"post_tag","embeddable":true,"href":"https:\/\/www.friaguinee.net\/index.php\/wp-json\/wp\/v2\/tags?post=45916"}],"curies":[{"name":"wp","href":"https:\/\/api.w.org\/{rel}","templated":true}]}}