{"id":45219,"date":"2022-08-25T09:38:47","date_gmt":"2022-08-25T09:38:47","guid":{"rendered":"http:\/\/www.friaguinee.net\/?p=45219"},"modified":"2022-08-25T09:38:50","modified_gmt":"2022-08-25T09:38:50","slug":"conakry-le-ffsg-fait-ses-propositions-au-mediateur-declaration","status":"publish","type":"post","link":"https:\/\/www.friaguinee.net\/index.php\/2022\/08\/25\/conakry-le-ffsg-fait-ses-propositions-au-mediateur-declaration\/","title":{"rendered":"Conakry : le FFSG fait ses propositions au M\u00e9diateur (d\u00e9claration)"},"content":{"rendered":"\n<p>Le&nbsp;<strong>Forum des Forces Sociales de Guin\u00e9e<\/strong>&nbsp;(<strong>FFSG<\/strong>), malgr\u00e9 l\u2019espoir suscit\u00e9 par l\u2019arriv\u00e9e du&nbsp;<strong>M\u00e9diateur<\/strong>&nbsp;de la&nbsp;<strong>CEDEAO Dr Thomas Boni Yayi<\/strong>&nbsp;avec un premier agenda mettant en avant une approche de rencontres structur\u00e9es avec les diff\u00e9rentes coalitions sociales et politiques du pays, reste tr\u00e8s pr\u00e9occup\u00e9 par l\u2019abandon dudit agenda au profit des approches de regroupements populaires adopt\u00e9s sans succ\u00e8s par le&nbsp;<strong>CNRD<\/strong>&nbsp;depuis sa prise du pouvoir, il y a un an.<\/p>\n\n\n\n<p>Au nom de sa cinquantaine d\u2019organisations membres, le&nbsp;<strong>Forum des Forces Sociales de Guin\u00e9e<\/strong>&nbsp;(<strong>FFSG<\/strong>), tout en manifestant sa reconnaissance \u00e0 l\u2019endroit du&nbsp;<strong>m\u00e9diateur<\/strong>&nbsp;de la&nbsp;<strong>CEDEAO<\/strong>&nbsp;de l\u2019avoir programm\u00e9 dans son agenda pr\u00e9visionnel \u00e0 une rencontre d\u2019\u00e9changes le mardi 23 ao\u00fbt 2022 \u00e0 11h30, qui n\u2019a malheureusement pas eu lieu,&nbsp;<strong><em>regrette la manifestation pour une \u00e9ni\u00e8me fois de la peur et le manque de volont\u00e9 du CNRD \u00e0 ouvrir un dialogue franc et sinc\u00e8re avec les voix de contradiction r\u00e9publicaine et objective du pays conform\u00e9ment \u00e0 la Charte de la Transition<\/em><\/strong>.<\/p>\n\n\n\n<p>En cons\u00e9quence, en respect pour&nbsp;<strong>l\u2019Institution Sous R\u00e9gionale<\/strong>&nbsp;<strong>(CEDEAO)<\/strong>&nbsp;et pour la personne du&nbsp;<strong>M\u00e9diateur<\/strong>, en sa qualit\u00e9 d\u2019ancien&nbsp;<strong>Pr\u00e9sident de la R\u00e9publique s\u0153ur du Benin<\/strong>,&nbsp;<strong>d\u00e9cide,&nbsp;<\/strong>en lieu et place&nbsp;<strong>d\u2019une rencontre populaire de r\u00e9p\u00e9tition des erreurs pass\u00e9es pour des simples discours,&nbsp;<\/strong><em>de lui<strong>&nbsp;transmettre ses propositions pour un dialogue fructueux<\/strong><\/em>. Pour ce faire, le&nbsp;<strong>FFSG&nbsp;<\/strong>reste disponible pour des \u00e9changes directs et structur\u00e9s sur ses propositions dans le cadre de la r\u00e9ussite de la transition.<\/p>\n\n\n\n<p>En fin, le&nbsp;<strong>Forum des Forces Sociales de Guin\u00e9e<\/strong>&nbsp;(<strong>FFSG<\/strong>), invite la&nbsp;<strong>Communaut\u00e9 Internationale<\/strong>&nbsp;\u00e0 s\u2019inscrire dans une logique de soutien \u00e0 la r\u00e9ussite de la transition et non une approche de soumission au&nbsp;<strong>CNRD&nbsp;<\/strong>ou \u00e0 toute autre forme d\u2019agenda au d\u00e9triment de l\u2019int\u00e9r\u00eat sup\u00e9rieur du peuple de Guin\u00e9e dans son droit au bien-\u00eatre. Par la m\u00eame occasion, le&nbsp;<strong>FFSG<\/strong>&nbsp;invite l\u2019ensemble des acteurs sociopolitiques et les citoyens \u00e9pris de paix et de justice, \u00e0 rester mobilis\u00e9s dans leur diversit\u00e9 pour faire face aux exigences et sacrifices n\u00e9cessaires \u00e0 la r\u00e9ussite de la transition par le retour \u00e0 l\u2019ordre constitutionnel.<\/p>\n\n\n\n<p><strong><em>\u00ab&nbsp;Pouvoir et souverainet\u00e9 au peuple, qui est le seul d\u00e9positaire de la d\u00e9finition de son mode de gouvernance et du choix de ses dirigeants&nbsp;\u00bb.<\/em><\/strong><\/p>\n\n\n\n<p><em>Fait \u00e0 Conakry, le 24 ao\u00fbt 2022<\/em><\/p>\n\n\n\n<p><strong>Pour la Coordination<\/strong><\/p>\n","protected":false},"excerpt":{"rendered":"<p>Le&nbsp;Forum des Forces Sociales de Guin\u00e9e&nbsp;(FFSG), malgr\u00e9 l\u2019espoir suscit\u00e9 par l\u2019arriv\u00e9e du&nbsp;M\u00e9diateur&nbsp;de la&nbsp;CEDEAO Dr Thomas Boni Yayi&nbsp;avec un premier agenda mettant en avant une approche de rencontres structur\u00e9es avec les diff\u00e9rentes coalitions sociales et politiques du pays, reste tr\u00e8s pr\u00e9occup\u00e9 par l\u2019abandon dudit agenda au profit des approches de regroupements populaires adopt\u00e9s sans succ\u00e8s par [&hellip;]<\/p>\n","protected":false},"author":3,"featured_media":45220,"comment_status":"open","ping_status":"open","sticky":false,"template":"","format":"standard","meta":{"footnotes":""},"categories":[2],"tags":[],"class_list":["post-45219","post","type-post","status-publish","format-standard","has-post-thumbnail","hentry","category-actualites"],"_links":{"self":[{"href":"https:\/\/www.friaguinee.net\/index.php\/wp-json\/wp\/v2\/posts\/45219","targetHints":{"allow":["GET"]}}],"collection":[{"href":"https:\/\/www.friaguinee.net\/index.php\/wp-json\/wp\/v2\/posts"}],"about":[{"href":"https:\/\/www.friaguinee.net\/index.php\/wp-json\/wp\/v2\/types\/post"}],"author":[{"embeddable":true,"href":"https:\/\/www.friaguinee.net\/index.php\/wp-json\/wp\/v2\/users\/3"}],"replies":[{"embeddable":true,"href":"https:\/\/www.friaguinee.net\/index.php\/wp-json\/wp\/v2\/comments?post=45219"}],"version-history":[{"count":1,"href":"https:\/\/www.friaguinee.net\/index.php\/wp-json\/wp\/v2\/posts\/45219\/revisions"}],"predecessor-version":[{"id":45221,"href":"https:\/\/www.friaguinee.net\/index.php\/wp-json\/wp\/v2\/posts\/45219\/revisions\/45221"}],"wp:featuredmedia":[{"embeddable":true,"href":"https:\/\/www.friaguinee.net\/index.php\/wp-json\/wp\/v2\/media\/45220"}],"wp:attachment":[{"href":"https:\/\/www.friaguinee.net\/index.php\/wp-json\/wp\/v2\/media?parent=45219"}],"wp:term":[{"taxonomy":"category","embeddable":true,"href":"https:\/\/www.friaguinee.net\/index.php\/wp-json\/wp\/v2\/categories?post=45219"},{"taxonomy":"post_tag","embeddable":true,"href":"https:\/\/www.friaguinee.net\/index.php\/wp-json\/wp\/v2\/tags?post=45219"}],"curies":[{"name":"wp","href":"https:\/\/api.w.org\/{rel}","templated":true}]}}