{"id":42371,"date":"2022-02-16T20:09:27","date_gmt":"2022-02-16T20:09:27","guid":{"rendered":"http:\/\/www.friaguinee.net\/?p=42371"},"modified":"2022-02-16T20:09:29","modified_gmt":"2022-02-16T20:09:29","slug":"le-cnrd-somme-sidya-toure-de-liberer-les-lieux-de-sa-residence","status":"publish","type":"post","link":"https:\/\/www.friaguinee.net\/index.php\/2022\/02\/16\/le-cnrd-somme-sidya-toure-de-liberer-les-lieux-de-sa-residence\/","title":{"rendered":"Le CNRD somme Sidya Tour\u00e9 de lib\u00e9rer les lieux de sa r\u00e9sidence"},"content":{"rendered":"\n<p>Dans l&rsquo;\u00e9lan de la r\u00e9cup\u00e9ration des domaines de l&rsquo;\u00e9tat engag\u00e9e par le CNRD, le directeur du patrimoine b\u00e2ti public, Mohamed Doussou Traor\u00e9 apr\u00e8s Cellou Dalein Diallo pr\u00e9sident de l&rsquo;UFDG, invite \u00e0 son tour Sidya Tour\u00e9 pr\u00e9sident de l\u2019UFR \u00e0 lib\u00e9rer sa r\u00e9sidence de la mini\u00e8re dans la commune de Dixinn avant le 28 f\u00e9vrier 2022  \u00e0 10 heures pr\u00e9cises.<\/p>\n\n\n\n<p> <strong>Ci-dessous, copie du courrier de la direction du patrimoine b\u00e2ti public !<\/strong><\/p>\n\n\n\n<figure class=\"wp-block-image\"><img loading=\"lazy\" decoding=\"async\" width=\"622\" height=\"939\" src=\"http:\/\/www.friaguinee.net\/wp-content\/uploads\/2022\/02\/Screenshot_20220216-195046_Chrome.jpg\" alt=\"\" class=\"wp-image-42374\" srcset=\"https:\/\/www.friaguinee.net\/wp-content\/uploads\/2022\/02\/Screenshot_20220216-195046_Chrome.jpg 622w, https:\/\/www.friaguinee.net\/wp-content\/uploads\/2022\/02\/Screenshot_20220216-195046_Chrome-199x300.jpg 199w, https:\/\/www.friaguinee.net\/wp-content\/uploads\/2022\/02\/Screenshot_20220216-195046_Chrome-278x420.jpg 278w\" sizes=\"auto, (max-width: 622px) 100vw, 622px\" \/><\/figure>\n\n\n\n<p><strong>Friaguinee.net <\/strong><\/p>\n","protected":false},"excerpt":{"rendered":"<p>Dans l&rsquo;\u00e9lan de la r\u00e9cup\u00e9ration des domaines de l&rsquo;\u00e9tat engag\u00e9e par le CNRD, le directeur du patrimoine b\u00e2ti public, Mohamed Doussou Traor\u00e9 apr\u00e8s Cellou Dalein Diallo pr\u00e9sident de l&rsquo;UFDG, invite \u00e0 son tour Sidya Tour\u00e9 pr\u00e9sident de l\u2019UFR \u00e0 lib\u00e9rer sa r\u00e9sidence de la mini\u00e8re dans la commune de Dixinn avant le 28 f\u00e9vrier 2022 [&hellip;]<\/p>\n","protected":false},"author":3,"featured_media":31468,"comment_status":"open","ping_status":"open","sticky":false,"template":"","format":"standard","meta":{"footnotes":""},"categories":[2],"tags":[],"class_list":["post-42371","post","type-post","status-publish","format-standard","has-post-thumbnail","hentry","category-actualites"],"_links":{"self":[{"href":"https:\/\/www.friaguinee.net\/index.php\/wp-json\/wp\/v2\/posts\/42371","targetHints":{"allow":["GET"]}}],"collection":[{"href":"https:\/\/www.friaguinee.net\/index.php\/wp-json\/wp\/v2\/posts"}],"about":[{"href":"https:\/\/www.friaguinee.net\/index.php\/wp-json\/wp\/v2\/types\/post"}],"author":[{"embeddable":true,"href":"https:\/\/www.friaguinee.net\/index.php\/wp-json\/wp\/v2\/users\/3"}],"replies":[{"embeddable":true,"href":"https:\/\/www.friaguinee.net\/index.php\/wp-json\/wp\/v2\/comments?post=42371"}],"version-history":[{"count":3,"href":"https:\/\/www.friaguinee.net\/index.php\/wp-json\/wp\/v2\/posts\/42371\/revisions"}],"predecessor-version":[{"id":42375,"href":"https:\/\/www.friaguinee.net\/index.php\/wp-json\/wp\/v2\/posts\/42371\/revisions\/42375"}],"wp:featuredmedia":[{"embeddable":true,"href":"https:\/\/www.friaguinee.net\/index.php\/wp-json\/wp\/v2\/media\/31468"}],"wp:attachment":[{"href":"https:\/\/www.friaguinee.net\/index.php\/wp-json\/wp\/v2\/media?parent=42371"}],"wp:term":[{"taxonomy":"category","embeddable":true,"href":"https:\/\/www.friaguinee.net\/index.php\/wp-json\/wp\/v2\/categories?post=42371"},{"taxonomy":"post_tag","embeddable":true,"href":"https:\/\/www.friaguinee.net\/index.php\/wp-json\/wp\/v2\/tags?post=42371"}],"curies":[{"name":"wp","href":"https:\/\/api.w.org\/{rel}","templated":true}]}}