{"id":42203,"date":"2022-02-09T13:16:31","date_gmt":"2022-02-09T13:16:31","guid":{"rendered":"http:\/\/www.friaguinee.net\/?p=42203"},"modified":"2022-02-09T13:16:32","modified_gmt":"2022-02-09T13:16:32","slug":"metfp-le-ministre-lance-les-travaux-de-latelier-de-partage-de-la-strategie-de-developpement","status":"publish","type":"post","link":"https:\/\/www.friaguinee.net\/index.php\/2022\/02\/09\/metfp-le-ministre-lance-les-travaux-de-latelier-de-partage-de-la-strategie-de-developpement\/","title":{"rendered":"METFP: Le Ministre lance les travaux de l&rsquo;atelier de partage de la strat\u00e9gie de d\u00e9veloppement"},"content":{"rendered":"\n<p>Lancement ce Mercredi 09 f\u00e9vrier 2022 de l&rsquo;atelier de partage de la strat\u00e9gie de d\u00e9veloppement de l&rsquo;Enseignement Technique et de la Formation Professionnelle \u00e0 Conakry. <\/p>\n\n\n\n<p>\u00c9labor\u00e9e par une \u00e9quipe technique compos\u00e9e de cadres nationaux, avec l\u2019appui de l\u2019UNESCO, \u00e0 travers ses bureaux r\u00e9gionaux d\u2019Abuja et de Dakar et du bureau pour l\u2019Afrique de son Institut International de Planification de l\u2019\u00c9ducation (IIPE) cette strat\u00e9gie de d\u00e9veloppement, en coh\u00e9rence avec la strat\u00e9gie sectorielle de l\u2019\u00c9ducation et de la Formation, \u00e0 savoir le Programme D\u00e9cennal de l\u2019\u00c9ducation en Guin\u00e9e (ProDEG 2020-2029), s&rsquo;engage dans le programme prioritaire N\u00b04 (Extension et r\u00e9forme de l\u2019enseignement technique et de la formation professionnelle) du ProDEG et le compl\u00e8te par rapport aux enjeux socio\u00e9conomiques et technologiques nouveaux ou \u00e0 anticiper.<\/p>\n\n\n\n<p>C&rsquo;est le Ministre Alpha Bacar Barry qui a pr\u00e9sid\u00e9 cette c\u00e9r\u00e9monie de lancement. Dans son discours d&rsquo;ouverture, il a remerci\u00e9 toutes les parties prenantes pour le travail accompli pour l&rsquo;\u00e9laboration de ce document, tout en rappelant qu\u2019elle prend en compte la politique nationale de l\u2019emploi et consolide l\u2019approche de d\u00e9veloppement des comp\u00e9tences et de l\u2019apprentissage.<\/p>\n\n\n\n<h4 class=\"wp-block-heading\">METFP \/ CNRD<\/h4>\n\n\n\n<p><strong>gouvernement de transition transition<\/strong><\/p>\n","protected":false},"excerpt":{"rendered":"<p>Lancement ce Mercredi 09 f\u00e9vrier 2022 de l&rsquo;atelier de partage de la strat\u00e9gie de d\u00e9veloppement de l&rsquo;Enseignement Technique et de la Formation Professionnelle \u00e0 Conakry. \u00c9labor\u00e9e par une \u00e9quipe technique compos\u00e9e de cadres nationaux, avec l\u2019appui de l\u2019UNESCO, \u00e0 travers ses bureaux r\u00e9gionaux d\u2019Abuja et de Dakar et du bureau pour l\u2019Afrique de son Institut [&hellip;]<\/p>\n","protected":false},"author":3,"featured_media":42206,"comment_status":"open","ping_status":"open","sticky":false,"template":"","format":"standard","meta":{"footnotes":""},"categories":[2],"tags":[],"class_list":["post-42203","post","type-post","status-publish","format-standard","has-post-thumbnail","hentry","category-actualites"],"_links":{"self":[{"href":"https:\/\/www.friaguinee.net\/index.php\/wp-json\/wp\/v2\/posts\/42203","targetHints":{"allow":["GET"]}}],"collection":[{"href":"https:\/\/www.friaguinee.net\/index.php\/wp-json\/wp\/v2\/posts"}],"about":[{"href":"https:\/\/www.friaguinee.net\/index.php\/wp-json\/wp\/v2\/types\/post"}],"author":[{"embeddable":true,"href":"https:\/\/www.friaguinee.net\/index.php\/wp-json\/wp\/v2\/users\/3"}],"replies":[{"embeddable":true,"href":"https:\/\/www.friaguinee.net\/index.php\/wp-json\/wp\/v2\/comments?post=42203"}],"version-history":[{"count":2,"href":"https:\/\/www.friaguinee.net\/index.php\/wp-json\/wp\/v2\/posts\/42203\/revisions"}],"predecessor-version":[{"id":42205,"href":"https:\/\/www.friaguinee.net\/index.php\/wp-json\/wp\/v2\/posts\/42203\/revisions\/42205"}],"wp:featuredmedia":[{"embeddable":true,"href":"https:\/\/www.friaguinee.net\/index.php\/wp-json\/wp\/v2\/media\/42206"}],"wp:attachment":[{"href":"https:\/\/www.friaguinee.net\/index.php\/wp-json\/wp\/v2\/media?parent=42203"}],"wp:term":[{"taxonomy":"category","embeddable":true,"href":"https:\/\/www.friaguinee.net\/index.php\/wp-json\/wp\/v2\/categories?post=42203"},{"taxonomy":"post_tag","embeddable":true,"href":"https:\/\/www.friaguinee.net\/index.php\/wp-json\/wp\/v2\/tags?post=42203"}],"curies":[{"name":"wp","href":"https:\/\/api.w.org\/{rel}","templated":true}]}}