{"id":42163,"date":"2022-02-07T09:17:18","date_gmt":"2022-02-07T09:17:18","guid":{"rendered":"http:\/\/www.friaguinee.net\/?p=42163"},"modified":"2022-02-07T09:17:19","modified_gmt":"2022-02-07T09:17:19","slug":"le-sommet-de-lunion-africaine-sacheve-sur-de-profondes-fractures","status":"publish","type":"post","link":"https:\/\/www.friaguinee.net\/index.php\/2022\/02\/07\/le-sommet-de-lunion-africaine-sacheve-sur-de-profondes-fractures\/","title":{"rendered":"Le sommet de l\u2019Union africaine s\u2019ach\u00e8ve sur de profondes fractures"},"content":{"rendered":"\n<p>Alors que les combats continuent dans le nord de l\u2019\u00c9thiopie, et notamment en r\u00e9gion Afar, les chefs d\u2019\u00c9tats africains \u00e9taient r\u00e9unis dans la capitale Addis-Abeba pour le sommet de l\u2019Union Africaine ce weekend. L\u2019UA travaille depuis plusieurs mois \u00e0 une r\u00e9solution du conflit au Tigr\u00e9. Ces tentatives sont rest\u00e9es des \u00e9checs jusqu\u2019\u00e0 pr\u00e9sent. L\u2019Union assure qu\u2019elle va redoubler d\u2019effort pour arracher un cessez-le-feu.<\/p>\n\n\n\n<p>Macky Sall plaide pour que l\u2019Union africaine se dote de textes encore plus \u00ab<em>rigoureux<\/em>\u00bb, encore plus \u00ab<em>durs<\/em>\u00bb, a-t-il d\u00e9clar\u00e9 ce dimanche soir.\u00a0Le pr\u00e9sident en exercice de l\u2019UA estime que l\u2019organisation doit soutenir sans \u00e9quivoque les sanctions prises par la C\u00e9d\u00e9ao\u00a0\u00e0 l\u2019\u00e9gard du Mali, notamment, rapporte notre envoy\u00e9e sp\u00e9ciale \u00e0 Addis-Abeba,<strong> Florence Morice.<\/strong><\/p>\n\n\n\n<p>Jamais dans l\u2019histoire de l\u2019institution\u00a0quatre\u00a0pays n\u2019avaient \u00e9t\u00e9 suspendus de l\u2019UA en douze\u00a0mois. \u00ab<em>Cela donne l\u2019impression que l\u2019Afrique revient dans les ann\u00e9es 1970<\/em>\u00bb, a d\u00e9plor\u00e9 Moussa Faki Mahamat, le pr\u00e9sident de la Commission. Le d\u00e9fi qui se pose donc aujourd\u2019hui \u00e0 l\u2019institution est celui de renforcer sa capacit\u00e9 \u00e0 enrayer cette contagion.<\/p>\n\n\n\n<p>Sur la question pol\u00e9mique du statut d\u2019observateur accord\u00e9 \u00e0 Isra\u00ebl l\u2019an dernier, les chefs d\u2019\u00c9tat africains n\u2019ont pas pu se mettre d\u2019accord. Ils ont donc choisi de confier la question \u00e0 un comit\u00e9 de six&nbsp;chefs d\u2019\u00c9tat, charg\u00e9 de trouver un consensus\u2026 plut\u00f4t que voter et d\u2019\u00e9taler leurs dissensions.<\/p>\n\n\n\n<h4 class=\"wp-block-heading\">L\u2019\u00e9chec d\u2019une m\u00e9diation de paix en \u00c9thiopie<\/h4>\n\n\n\n<p>Quant \u00e0 la guerre qui fait rage en \u00c9thiopie, pays h\u00f4te du sommet, elle n\u2019a pas \u00e9t\u00e9 \u00e9voqu\u00e9e lors des discours de cl\u00f4ture, souligne <strong>No\u00e9 Hochet-Bodin<\/strong>, notre correspondant \u00e0 Addis-Abeba. L\u2019UA travaille depuis plusieurs mois \u00e0 une r\u00e9solution du conflit au Tigr\u00e9. Ces tentatives sont rest\u00e9es vaines\u00a0jusqu\u2019\u00e0 pr\u00e9sent. Elle assure qu\u2019elle va redoubler d\u2019effort pour arracher un cessez-le-feu.<\/p>\n\n\n\n<p>Elle a nomm\u00e9 son envoy\u00e9 sp\u00e9cial pour la Corne de l\u2019Afrique en ao\u00fbt 2021, soit presque un an apr\u00e8s le d\u00e9but des hostilit\u00e9s dans le nord de l\u2019\u00c9thiopie. Depuis, les diff\u00e9rentes navettes d\u2019Olusegun Obasanjo entre le gouvernement \u00e9thiopien et les rebelles tigr\u00e9ens sont rest\u00e9es infructueuses, les deux parties \u00e9tant sourdes aux appels \u00e0 la paix.<\/p>\n\n\n\n<p>Ce dimanche, la commission Paix et S\u00e9curit\u00e9 de l\u2019Union africaine s\u2019est d\u00e9fendue de toute passivit\u00e9 et d\u2019inaction. \u00ab<em>Nous travaillons sur cette crise depuis le premier jour.&nbsp;Nous avons \u00e0 nouveau soulign\u00e9 la n\u00e9cessit\u00e9 de trouver une solution politique qui prenne appui sur un processus de r\u00e9conciliation nationale et de dialogue<\/em>\u00bb,&nbsp;a d\u00e9clar\u00e9 le commissaire Bankole Adeoye, notamment avec l\u2019envoi de trois \u00e9missaires \u00e0 Addis-Abeba lors du d\u00e9but des hostilit\u00e9s en novembre 2020. Trois \u00e9missaires qui ont \u00e9t\u00e9 imm\u00e9diatement \u00e9conduits \u00e0&nbsp;l\u2019\u00e9poque par le Premier ministre \u00e9thiopien Abiy Ahmed.<\/p>\n\n\n\n<p>Apr\u00e8s le sommet, l\u2019\u00e9quipe d\u2019Olusegun Obasanjo va s\u2019\u00e9largir et b\u00e9n\u00e9ficier d\u2019un budget augment\u00e9. L\u2019\u00e9missaire quant \u00e0 lui voyagera de nouveau cette semaine au Tigr\u00e9.<\/p>\n\n\n\n<h4 class=\"wp-block-heading\">Des messages \u00e0 Abyi Ahmed<\/h4>\n\n\n\n<p>Autre param\u00e8tre, \u00e0 partir de 2022, la marge de man\u0153uvre de l\u2019Union africaine devrait \u00eatre facilit\u00e9 car l\u2019\u00c9thiopie a perdu jeudi dernier le si\u00e8ge qu\u2019elle occupait au sein du conseil paix et s\u00e9curit\u00e9 de l\u2019UA au terme d\u2019un vote \u00e0 bulletin secret. \u00ab<em>Un message on ne peut plus clair<\/em>\u00bb, confie un diplomate.<\/p>\n\n\n\n<p>Certes, la tenue de ce sommet \u00e0 Addis-Abeba pendant que la guerre continue de faire rage dans le pays&nbsp;est une victoire politique symbolique pour Abyi Ahmed.&nbsp;En ouverture du sommet samedi, le Premier ministre \u00e9thiopien a pr\u00e9sent\u00e9 la guerre qui d\u00e9chire l\u2019\u00c9thiopie comme une question \u00ab<em>domestique<\/em>\u00bb. Une mani\u00e8re de tenter de couper court \u00e0 toute critique de la part de ses pairs au cours du sommet.<\/p>\n\n\n\n<p>Pourtant, il n\u2019a pas r\u00e9ussi \u00e0 totalement \u00e9clipser le sujet et certains en ont tout de m\u00eame profit\u00e9 pour lui faire passer des messages, comme le pr\u00e9sident k\u00e9nyan qui l\u2019a rappel\u00e9&nbsp;\u00e0 la r\u00e9alit\u00e9 du conflit qui fait rage dans le pays&nbsp;:&nbsp;\u00ab<em>Nous voulons que l\u2019\u00c9thiopie redevienne l\u2019\u00eelot de paix qu\u2019elle a \u00e9t\u00e9 pendant des ann\u00e9es, une r\u00e9solution pacifique \u00e0 cette crise.&nbsp;Et toutes les initiatives susceptibles de ramener la paix sont utiles.<\/em>\u00bb<\/p>\n\n\n\n<p><strong>RFI<\/strong><\/p>\n","protected":false},"excerpt":{"rendered":"<p>Alors que les combats continuent dans le nord de l\u2019\u00c9thiopie, et notamment en r\u00e9gion Afar, les chefs d\u2019\u00c9tats africains \u00e9taient r\u00e9unis dans la capitale Addis-Abeba pour le sommet de l\u2019Union Africaine ce weekend. L\u2019UA travaille depuis plusieurs mois \u00e0 une r\u00e9solution du conflit au Tigr\u00e9. Ces tentatives sont rest\u00e9es des \u00e9checs jusqu\u2019\u00e0 pr\u00e9sent. L\u2019Union assure [&hellip;]<\/p>\n","protected":false},"author":3,"featured_media":42164,"comment_status":"open","ping_status":"open","sticky":false,"template":"","format":"standard","meta":{"footnotes":""},"categories":[2],"tags":[],"class_list":["post-42163","post","type-post","status-publish","format-standard","has-post-thumbnail","hentry","category-actualites"],"_links":{"self":[{"href":"https:\/\/www.friaguinee.net\/index.php\/wp-json\/wp\/v2\/posts\/42163","targetHints":{"allow":["GET"]}}],"collection":[{"href":"https:\/\/www.friaguinee.net\/index.php\/wp-json\/wp\/v2\/posts"}],"about":[{"href":"https:\/\/www.friaguinee.net\/index.php\/wp-json\/wp\/v2\/types\/post"}],"author":[{"embeddable":true,"href":"https:\/\/www.friaguinee.net\/index.php\/wp-json\/wp\/v2\/users\/3"}],"replies":[{"embeddable":true,"href":"https:\/\/www.friaguinee.net\/index.php\/wp-json\/wp\/v2\/comments?post=42163"}],"version-history":[{"count":1,"href":"https:\/\/www.friaguinee.net\/index.php\/wp-json\/wp\/v2\/posts\/42163\/revisions"}],"predecessor-version":[{"id":42165,"href":"https:\/\/www.friaguinee.net\/index.php\/wp-json\/wp\/v2\/posts\/42163\/revisions\/42165"}],"wp:featuredmedia":[{"embeddable":true,"href":"https:\/\/www.friaguinee.net\/index.php\/wp-json\/wp\/v2\/media\/42164"}],"wp:attachment":[{"href":"https:\/\/www.friaguinee.net\/index.php\/wp-json\/wp\/v2\/media?parent=42163"}],"wp:term":[{"taxonomy":"category","embeddable":true,"href":"https:\/\/www.friaguinee.net\/index.php\/wp-json\/wp\/v2\/categories?post=42163"},{"taxonomy":"post_tag","embeddable":true,"href":"https:\/\/www.friaguinee.net\/index.php\/wp-json\/wp\/v2\/tags?post=42163"}],"curies":[{"name":"wp","href":"https:\/\/api.w.org\/{rel}","templated":true}]}}