{"id":41222,"date":"2022-01-01T21:47:54","date_gmt":"2022-01-01T21:47:54","guid":{"rendered":"http:\/\/www.friaguinee.net\/?p=41222"},"modified":"2022-01-01T21:48:44","modified_gmt":"2022-01-01T21:48:44","slug":"le-droit-et-la-justice-doivent-desormais-etre-la-boussole-de-la-marche-de-notre-pays-cdd-discours-de-lan","status":"publish","type":"post","link":"https:\/\/www.friaguinee.net\/index.php\/2022\/01\/01\/le-droit-et-la-justice-doivent-desormais-etre-la-boussole-de-la-marche-de-notre-pays-cdd-discours-de-lan\/","title":{"rendered":"\u2019Le droit et la justice doivent d\u00e9sormais \u00eatre la boussole de la marche de notre pays\u2019\u2019, CDD (discours de l\u2019an)"},"content":{"rendered":"\n<figure class=\"wp-block-image\"><a href=\"https:\/\/lerevelateur224.com\/\"><img decoding=\"async\" src=\"https:\/\/lerevelateur224.com\/wp-content\/uploads\/2021\/04\/Logo_revelateur-1.jpg\" alt=\"lerevelateur224\"\/><\/a><\/figure>\n\n\n\n<h1 class=\"wp-block-heading\">\u2018\u2019Le droit et la justice doivent d\u00e9sormais \u00eatre la boussole de la marche de notre pays\u2019\u2019, CDD (discours de l\u2019an)<\/h1>\n\n\n\n<p><a href=\"https:\/\/lerevelateur224.com\/wp-content\/uploads\/2022\/01\/FB_IMG_1641060620025.jpg\"><\/a><\/p>\n\n\n\n<p>Guin\u00e9ennes et Guin\u00e9ens de l\u2019int\u00e9rieur du pays et de l\u2019\u00e9tranger,<\/p>\n\n\n\n<figure class=\"wp-block-image\"><a href=\"https:\/\/lerevelateur224.com\/2022\/01\/01\/le-droit-et-la-justice-doivent-desormais-etre-la-boussole-de-la-marche-de-notre-pays-cdd-discours-de-lan\/\"><img decoding=\"async\" src=\"https:\/\/lerevelateur224.com\/wp-content\/uploads\/2021\/10\/R.-BANN1.jpg\" alt=\"\"\/><\/a><\/figure>\n\n\n\n<p>Mes chers compatriotes,<\/p>\n\n\n\n<p>L\u2019ann\u00e9e 2021 s\u2019ach\u00e8ve, avec cette particularit\u00e9 qu\u2019elle aura \u00e9t\u00e9 une ann\u00e9e d\u2019\u00e9preuves, mais aussi de libert\u00e9 et d\u2019esp\u00e9rance.<\/p>\n\n\n\n<p>\u00c9preuve politique tout d\u2019abord parce que notre vie collective a \u00e9t\u00e9 lourdement \u00e9branl\u00e9e par une s\u00e9rie de violences et de crises politiques en lien avec la probl\u00e9matique du troisi\u00e8me mandat et le refus de l\u2019alternance au pouvoir qui en d\u00e9coule.<\/p>\n\n\n\n<p>\u00c9preuve sanitaire avec la pand\u00e9mie li\u00e9e \u00e0 la Covid 19 qui a emport\u00e9 la vie de beaucoup de nos compatriotes, frein\u00e9 le commerce et constitu\u00e9 un obstacle \u00e0 la r\u00e9alisation des projets publics et<\/p>\n\n\n\n<p>priv\u00e9s.<\/p>\n\n\n\n<p>Mais l\u2019ann\u00e9e 2021 a aussi ouvert un espace de libert\u00e9 et surtout un horizon d\u2019esp\u00e9rance avec le changement intervenu le 5 septembre 2021. En effet, en prenant le pouvoir, le CNRD a pos\u00e9 un acte salutaire qui a affranchi l\u2019espace politique des pesanteurs de la dictature et des violences qu\u2019elle perp\u00e9tuait. C\u2019est pour cette raison que cet acte a suscit\u00e9 un immense espoir<\/p>\n\n\n\n<p>et a b\u00e9n\u00e9fici\u00e9 d\u2019un soutien massif de nos populations.<\/p>\n\n\n\n<p>Ce changement est une victoire contre le troisi\u00e8me mandat, et donc une victoire du FNDC, de l\u2019UFDG, de l\u2019ANAD et de tous les d\u00e9mocrates guin\u00e9ens qui ont men\u00e9 vaillamment la lutte contre cette imposture.<\/p>\n\n\n\n<p>Mes chers compatriotes,<\/p>\n\n\n\n<p>C\u2019est dans ce contexte de libert\u00e9 et d\u2019esp\u00e9rance que je voudrais souhaiter une bonne ann\u00e9e 2022 \u00e0 notre pays. A ses filles et \u00e0 ses fils, c\u2019est-\u00e0-dire \u00e0 chacune et \u00e0 chacun de vous, j\u2019adresse, du fond du c\u0153ur, mes v\u0153ux les plus chaleureux de sant\u00e9, de paix, de r\u00e9ussite dans vos diverses activit\u00e9s personnelles ainsi que dans notre ambition commune de construire une Guin\u00e9e unie et prosp\u00e8re.<\/p>\n\n\n\n<p>En ce d\u00e9but de nouvel an o\u00f9 l\u2019esprit est \u00e0 la f\u00eate et aux r\u00e9jouissances pour la grande majorit\u00e9 d\u2019entre nous, nous nous devons d\u2019avoir une pens\u00e9e solidaire pour nos compatriotes qui ont perdu des proches, qui souffrent de maladies, qui sont au ch\u00f4mage ou qui sont victimes<\/p>\n\n\n\n<p>d\u2019injustices.<\/p>\n\n\n\n<p>J\u2019adresse mes v\u0153ux particuliers de prompt r\u00e9tablissement \u00e0 nos compatriotes malades de la<\/p>\n\n\n\n<p>COVID 19 et mes sinc\u00e8res condol\u00e9ances aux familles des personnes d\u00e9c\u00e9d\u00e9es. O\u00f9 que vous soyez, je vous exhorte \u00e0 vous faire vacciner et \u00e0 observer scrupuleusement les gestes barri\u00e8res<\/p>\n\n\n\n<p>pour vous prot\u00e9ger et prot\u00e9ger les autres. C\u2019est le lieu de r\u00e9it\u00e9rer mes compliments au corps m\u00e9dical de notre pays pour son d\u00e9vouement dans la lutte contre la pand\u00e9mie.<\/p>\n\n\n\n<p>Je m\u2019en voudrais de ne pas citer le cas de M\u2019mah Sylla, notre compatriote d\u00e9c\u00e9d\u00e9e \u00e0 Tunis le 20 novembre 2021 des suites d\u2019une s\u00e9rie de traitements inhumains et d\u00e9gradants qui lui ont \u00e9t\u00e9 inflig\u00e9s par des personnes suppos\u00e9es \u00eatre ses m\u00e9decins. J\u2019adresse mes condol\u00e9ances et<\/p>\n\n\n\n<p>exprime ma compassion \u00e0 sa famille et \u00e0 tout le peuple de Guin\u00e9e.<\/p>\n\n\n\n<p>L\u2019\u00e9moi suscit\u00e9 par la mort tragique de M\u2019mah Sylla chez tous nos compatriotes, de l\u2019int\u00e9rieur comme de l\u2019ext\u00e9rieur, illustre si besoin en \u00e9tait le profond attachement de notre peuple au respect de la dignit\u00e9 et de l\u2019int\u00e9grit\u00e9 physique de nos s\u0153urs et de nos m\u00e8res.<\/p>\n\n\n\n<p>J\u2019exhorte les autorit\u00e9s de notre pays \u00e0 en tenir compte et \u00e0 veiller \u00e0 l\u2019application rigoureuse de la loi \u00e0 l\u2019endroit des auteurs des viols et des violences faites aux femmes.<\/p>\n\n\n\n<p>Mes chers compatriotes,<\/p>\n\n\n\n<p>Le passage au nouvel an nous oblige, en tant que peuple, \u00e0 affronter notre pass\u00e9 r\u00e9cent, non pour ressasser les frustrations et les blessures subies, mais pour mieux construire notre avenir<\/p>\n\n\n\n<p>commun.<\/p>\n\n\n\n<p>Lors de sa toute premi\u00e8re d\u00e9claration apr\u00e8s la prise du pouvoir par le CNRD, le Pr\u00e9sident Mamadi Doumbouya a motiv\u00e9 le coup d\u2019\u00c9tat par la n\u00e9cessit\u00e9 pour lui et ses compagnons de mettre fin aux dysfonctionnements des institutions, l\u2019instrumentalisation de la justice, le<\/p>\n\n\n\n<p>pi\u00e9tinement des droits des citoyens, la personnalisation du pouvoir et la division des Guin\u00e9ens.<\/p>\n\n\n\n<p>Le CNRD dont j\u2019ai vivement salu\u00e9 l\u2019action, m\u00eame si je suis un fervent militant de la<\/p>\n\n\n\n<p>transmission pacifique et d\u00e9mocratique du pouvoir, a donc clairement justifi\u00e9 son intervention par le souci de mettre fin \u00e0 ces fl\u00e9aux qui ont min\u00e9, onze ans durant, l\u2019unit\u00e9 de la nation et compromis la mise en place de la d\u00e9mocratie et de l\u2019\u00c9tat de droit dans notre pays.<\/p>\n\n\n\n<p>Mes chers compatriotes,<\/p>\n\n\n\n<p>Comme vous le savez, pendant ces onze ann\u00e9es de calvaire, je n\u2019ai jamais d\u00e9vi\u00e9 un seul instant de mon engagement \u00e0 \u0153uvrer pour le respect des r\u00e8gles et des principes de l\u2019\u00c9tat de droit et de la d\u00e9mocratie en d\u00e9non\u00e7ant syst\u00e9matiquement et \u00e9nergiquement toutes les violations de la Constitution et des Lois de la R\u00e9publique.<\/p>\n\n\n\n<p>C\u2019est le lieu de nous incliner devant la m\u00e9moire de nos nombreux compatriotes fauch\u00e9s, le plus souvent \u00e0 la fleur de l\u2019\u00e2ge, par un r\u00e9gime qui \u00e9tait cens\u00e9 les prot\u00e9ger lors des manifestations pacifiques de l\u2019Opposition politique, du FNDC et de l\u2019ANAD.<\/p>\n\n\n\n<p>J\u2019ai une pens\u00e9e \u00e9mue pour les victimes de Nz\u00e9r\u00e9kor\u00e9 dont la plupart ont \u00e9t\u00e9 enterr\u00e9es notamment, en l\u2019absence de leurs proches, dans des fosses communes, en pleine for\u00eat, au<\/p>\n\n\n\n<p>lendemain du double scrutin du 22 mars.<\/p>\n\n\n\n<p>Je pense \u00e9galement \u00e0 cette jeune fille fauch\u00e9e \u00e0 Hamdallaye alors qu\u2019elle \u00e9tait sortie acheter du pain, \u00e0 ce jeune tu\u00e9 \u00e0 Kankan lors des manifestations contre le d\u00e9lestage du courant en juillet 2020, \u00e0 notre cher Roger Bamba, arbitrairement arr\u00eat\u00e9 et mort en prison faute de soins.<\/p>\n\n\n\n<p>Je pense \u00e0 ces familles endeuill\u00e9es, parfois par la mort tragique d\u2019un enfant unique.<\/p>\n\n\n\n<p>Je n\u2019oublie pas nos concitoyens bless\u00e9s dont certains rendus infirmes \u00e0 vie. Les s\u00e9quelles physiques et les traumatismes psychologiques ont \u00e9t\u00e9 terribles pour de nombreuses victimes et leurs familles. L\u2019image de ce jeune homme rendu incontinent suite \u00e0 une balle re\u00e7ue dans la hanche m\u2019a terriblement affect\u00e9 en tant qu\u2019\u00eatre humain et en tant que p\u00e8re de famille.<\/p>\n\n\n\n<p>Dieu merci, malgr\u00e9 les blessures profondes caus\u00e9es par des violences incompr\u00e9hensibles de la part de ceux qui \u00e9taient charg\u00e9s de la s\u00e9curit\u00e9 des citoyens, malgr\u00e9 la volont\u00e9 de nous<\/p>\n\n\n\n<p>d\u00e9tourner \u00e0 jamais les uns des autres, nous avons pu r\u00e9sister et aujourd\u2019hui, gr\u00e2ce au nouvel espoir suscit\u00e9 par le changement de r\u00e9gime le 5 septembre, nous sommes tous tourn\u00e9s vers le<\/p>\n\n\n\n<p>pardon et la r\u00e9conciliation.<\/p>\n\n\n\n<p>Mes chers compatriotes,<\/p>\n\n\n\n<p>L\u2019occasion nous est de nouveau donn\u00e9e de nous rassembler, de nous parler, de nous pardonner dans le but de restaurer la confiance et de promouvoir la tol\u00e9rance et la fraternit\u00e9 entre les<\/p>\n\n\n\n<p>Guin\u00e9ens.<\/p>\n\n\n\n<p>De r\u00e9conciliation, bien s\u00fbr qu\u2019il en est question, mais une r\u00e9conciliation construite sur le pardon apr\u00e8s avoir assur\u00e9 aux victimes le droit \u00e0 la v\u00e9rit\u00e9, \u00e0 la justice et \u00e0 la r\u00e9paration et<\/p>\n\n\n\n<p>apr\u00e8s avoir mis en place les garanties de non r\u00e9p\u00e9tition.<\/p>\n\n\n\n<p>Il ne s\u2019agira pas, comme je l\u2019avais dit auparavant, d\u2019une vengeance, parce que la vengeance cr\u00e9e de nouvelles injustices qui, elles-m\u00eames, appellent \u00e0 \u00eatre veng\u00e9es. Il ne s\u2019agira pas non plus d\u2019une chasse aux sorci\u00e8res, ni d\u2019une stigmatisation \u00e0 dessein. Il s\u2019agira de v\u00e9rit\u00e9, de justice, de r\u00e9paration et de pardon.<\/p>\n\n\n\n<p>Comme l\u2019a indiqu\u00e9 avec raison le Pr\u00e9sident du CNRD Mamadi Doumbouya, le droit et la justice doivent d\u00e9sormais \u00eatre la boussole de la marche de notre pays.<\/p>\n\n\n\n<p>Effectivement, les autorit\u00e9s de la transition ont pos\u00e9 des actes de grande port\u00e9e allant dans le sens de la restauration de l\u2019\u00c9tat de droit. C\u2019est notamment le cas de la lib\u00e9ration des<\/p>\n\n\n\n<p>prisonniers politiques, le retour des exil\u00e9s, la restitution des locaux de l\u2019UFDG et la lev\u00e9e de l\u2019interdiction arbitraire de voyager inflig\u00e9e aux leaders politiques.<\/p>\n\n\n\n<p>C\u2019est le lieu de les remercier et de les encourager \u00e0 pers\u00e9v\u00e9rer sur cette voie et \u00e0 tenir les engagements qu\u2019ils ont librement pris devant le peuple de Guin\u00e9e et la communaut\u00e9 internationale de conduire, dans un d\u00e9lai raisonnable, une transition inclusive et paisible.<\/p>\n\n\n\n<p>Mes chers compatriotes,<\/p>\n\n\n\n<p>La dur\u00e9e de la transition devrait \u00eatre d\u00e9finie sur la base des d\u00e9lais n\u00e9cessaires \u00e0 la r\u00e9alisation des actions indispensables \u00e0 l\u2019organisation d\u2019\u00e9lections cr\u00e9dibles. Ces actions sont notamment la r\u00e9daction d\u2019une nouvelle Constitution, la r\u00e9vision, s\u2019il y a lieu, du Code \u00e9lectoral, la mise en place d\u2019un Organe de Gestion des \u00c9lections, l\u2019\u00e9laboration d\u2019un fichier \u00e9lectoral inclusif refl\u00e9tant fid\u00e8lement la r\u00e9alit\u00e9 du corps \u00e9lectoral guin\u00e9en.<\/p>\n\n\n\n<p>Toutes ces questions devraient \u00eatre discut\u00e9es dans le cadre d\u2019un dialogue politique inclusif mettant en pr\u00e9sence les repr\u00e9sentants des partis politiques, le CNRD, le gouvernement, la soci\u00e9t\u00e9 civile et les partenaires techniques et financiers. C\u2019est pourquoi nous exhortons le CNRD \u00e0 diligenter la cr\u00e9ation de ce cadre de dialogue pour d\u00e9battre de toutes ces questions \u00e0 l\u2019effet de trouver des solutions consensuelles et d\u2019\u00e9viter d\u2019\u00e9ventuels conflits.<\/p>\n\n\n\n<p>Mes chers compatriotes,<\/p>\n\n\n\n<p>Lors de ma r\u00e9cente tourn\u00e9e en Afrique, en Europe et aux Etats-Unis, j\u2019ai rencontr\u00e9 d\u2019\u00e9minentes personnalit\u00e9s et repr\u00e9sentants d\u2019institutions internationales auxquels je n\u2019ai pas<\/p>\n\n\n\n<p>manqu\u00e9 de dire le soulagement des Guin\u00e9ens \u00e0 \u00eatre d\u00e9barrass\u00e9s d\u2019une dictature f\u00e9roce gr\u00e2ce \u00e0 ce sursaut patriotique de notre arm\u00e9e.<\/p>\n\n\n\n<p>J\u2019ai invit\u00e9 tous mes interlocuteurs \u00e0 consid\u00e9rer que cette prise de pouvoir \u00e9tait un pas vers le retour \u00e0 l\u2019ordre constitutionnel qui \u00e9tait rompu depuis le double scrutin du 22 mars et le<\/p>\n\n\n\n<p>hold-up \u00e9lectoral du 18 octobre 2020.<\/p>\n\n\n\n<p>Et je les ai tous encourag\u00e9s \u00e0 soutenir les nouvelles autorit\u00e9s du pays, par une assistance technique et financi\u00e8re forte, dans la mise en place d\u2019institutions l\u00e9gitimes issues d\u2019\u00e9lections inclusives, libres et transparentes.<\/p>\n\n\n\n<p>Mes chers compatriotes,<\/p>\n\n\n\n<p>Au nom de l\u2019UFDG et de l\u2019ANAD, j\u2019adresse au CNRD et au gouvernement de transition, mes v\u0153ux de r\u00e9ussite et de succ\u00e8s dans l\u2019accomplissement de leur mission.<\/p>\n\n\n\n<p>Au Pr\u00e9sident de la Transition, je souhaite la sant\u00e9, la force et le courage de r\u00e9sister aux m\u00e9lodies des sir\u00e8nes affairistes et divisionnistes en vue de mener \u00e0 bon port la transition dans le respect des engagements pris et des principes contenus dans la Charte de la Transition.<\/p>\n\n\n\n<p>J\u2019exhorte tous les acteurs de la transition \u00e0 privil\u00e9gier le dialogue et le consensus en vue de pr\u00e9server la paix, la qui\u00e9tude et la stabilit\u00e9 dans notre cher pays.<\/p>\n\n\n\n<p>Mes chers compatriotes,<\/p>\n\n\n\n<p>Dans les semaines et mois \u00e0 venir, je viendrai \u00e0 votre rencontre, dans les quartiers, les caf\u00e9s, dans les villages et hameaux du pays, dans les march\u00e9s hebdomadaires, dans les d\u00e9barcad\u00e8res,<\/p>\n\n\n\n<p>dans les champs et dans les ateliers pour vous \u00e9couter, comprendre davantage vos inqui\u00e9tudes et vos pr\u00e9occupations, saisir vos attentes et vos espoirs afin de faire la mise \u00e0 jour de mon projet de soci\u00e9t\u00e9 et de mon programme de gouvernement.<\/p>\n\n\n\n<p>Fort de ces informations, je pourrai mieux UNIR et SERVIR la Guin\u00e9e autour des valeurs constitutives de la devise de notre R\u00e9publique : travail, justice, solidarit\u00e9.<\/p>\n\n\n\n<p>Puisse 2022 \u00eatre pour nous et nos familles et pour notre pays, une ann\u00e9e de paix durable, d\u2019unit\u00e9, de justice, d\u2019\u00e9galit\u00e9 et de prosp\u00e9rit\u00e9.<\/p>\n\n\n\n<p>Une ann\u00e9e de m\u00e9moire, pour ne pas oublier ceux qui ont vers\u00e9 leur sang pour notre libert\u00e9.<\/p>\n\n\n\n<p>Une ann\u00e9e d\u2019esp\u00e9rance pour rendre \u00e0 notre jeunesse la confiance en l\u2019avenir de la Guin\u00e9e.<\/p>\n\n\n\n<p>Bonne et heureuse ann\u00e9e 2022 !<\/p>\n\n\n\n<p>Vive la R\u00e9publique ! Je vous remercie !<\/p>\n\n\n\n<p><strong>Cellou Dalein Diallo<\/strong><\/p>\n","protected":false},"excerpt":{"rendered":"<p>\u2018\u2019Le droit et la justice doivent d\u00e9sormais \u00eatre la boussole de la marche de notre pays\u2019\u2019, CDD (discours de l\u2019an) Guin\u00e9ennes et Guin\u00e9ens de l\u2019int\u00e9rieur du pays et de l\u2019\u00e9tranger, Mes chers compatriotes, L\u2019ann\u00e9e 2021 s\u2019ach\u00e8ve, avec cette particularit\u00e9 qu\u2019elle aura \u00e9t\u00e9 une ann\u00e9e d\u2019\u00e9preuves, mais aussi de libert\u00e9 et d\u2019esp\u00e9rance. \u00c9preuve politique tout d\u2019abord [&hellip;]<\/p>\n","protected":false},"author":3,"featured_media":32044,"comment_status":"open","ping_status":"open","sticky":false,"template":"","format":"standard","meta":{"footnotes":""},"categories":[2],"tags":[8502],"class_list":["post-41222","post","type-post","status-publish","format-standard","has-post-thumbnail","hentry","category-actualites","tag-discours-de-dalein"],"_links":{"self":[{"href":"https:\/\/www.friaguinee.net\/index.php\/wp-json\/wp\/v2\/posts\/41222","targetHints":{"allow":["GET"]}}],"collection":[{"href":"https:\/\/www.friaguinee.net\/index.php\/wp-json\/wp\/v2\/posts"}],"about":[{"href":"https:\/\/www.friaguinee.net\/index.php\/wp-json\/wp\/v2\/types\/post"}],"author":[{"embeddable":true,"href":"https:\/\/www.friaguinee.net\/index.php\/wp-json\/wp\/v2\/users\/3"}],"replies":[{"embeddable":true,"href":"https:\/\/www.friaguinee.net\/index.php\/wp-json\/wp\/v2\/comments?post=41222"}],"version-history":[{"count":2,"href":"https:\/\/www.friaguinee.net\/index.php\/wp-json\/wp\/v2\/posts\/41222\/revisions"}],"predecessor-version":[{"id":41224,"href":"https:\/\/www.friaguinee.net\/index.php\/wp-json\/wp\/v2\/posts\/41222\/revisions\/41224"}],"wp:featuredmedia":[{"embeddable":true,"href":"https:\/\/www.friaguinee.net\/index.php\/wp-json\/wp\/v2\/media\/32044"}],"wp:attachment":[{"href":"https:\/\/www.friaguinee.net\/index.php\/wp-json\/wp\/v2\/media?parent=41222"}],"wp:term":[{"taxonomy":"category","embeddable":true,"href":"https:\/\/www.friaguinee.net\/index.php\/wp-json\/wp\/v2\/categories?post=41222"},{"taxonomy":"post_tag","embeddable":true,"href":"https:\/\/www.friaguinee.net\/index.php\/wp-json\/wp\/v2\/tags?post=41222"}],"curies":[{"name":"wp","href":"https:\/\/api.w.org\/{rel}","templated":true}]}}