{"id":40032,"date":"2021-11-03T07:55:47","date_gmt":"2021-11-03T07:55:47","guid":{"rendered":"http:\/\/www.friaguinee.net\/?p=40032"},"modified":"2021-11-03T07:55:49","modified_gmt":"2021-11-03T07:55:49","slug":"gouvernement-fatoumata-yarie-soumah-nommee-garde-des-sceaux-ministre-de-la-justice-et-des-droits-de-lhomme","status":"publish","type":"post","link":"https:\/\/www.friaguinee.net\/index.php\/2021\/11\/03\/gouvernement-fatoumata-yarie-soumah-nommee-garde-des-sceaux-ministre-de-la-justice-et-des-droits-de-lhomme\/","title":{"rendered":"Gouvernement : Fatoumata Yarie Soumah nomm\u00e9e Garde des sceaux, ministre de la justice et des droits de l\u2019homme"},"content":{"rendered":"\n<p><a href=\"https:\/\/mediaguinee.org\/gouvernement-la-justice-et-les-sports-ont-leurs-ministres\/#\"><br><\/a><\/p>\n\n\n\n<p>Dans un d\u00e9cret lu sur les ondes de la RTG le lundi 1er novembre 2021, le Colonel Mamadi Doumbouya pr\u00e9sident de la transition guin\u00e9enne, a nomm\u00e9 Fatoumata Yarie Soumah, pr\u00e9c\u00e9demment notaire, au poste de Garde des sceaux, ministre de la justice et des droits de l\u2019homme.<\/p>\n\n\n\n<p>Pour rappel Fatoumata Yarie Soumah a \u00e9t\u00e9 pr\u00e9sidente de la chambre des notaires de Guin\u00e9e.<\/p>\n\n\n\n<p><strong>Friaguinee.net<\/strong><br><\/p>\n","protected":false},"excerpt":{"rendered":"<p>Dans un d\u00e9cret lu sur les ondes de la RTG le lundi 1er novembre 2021, le Colonel Mamadi Doumbouya pr\u00e9sident de la transition guin\u00e9enne, a nomm\u00e9 Fatoumata Yarie Soumah, pr\u00e9c\u00e9demment notaire, au poste de Garde des sceaux, ministre de la justice et des droits de l\u2019homme. Pour rappel Fatoumata Yarie Soumah a \u00e9t\u00e9 pr\u00e9sidente de [&hellip;]<\/p>\n","protected":false},"author":3,"featured_media":40033,"comment_status":"open","ping_status":"open","sticky":false,"template":"","format":"standard","meta":{"footnotes":""},"categories":[2],"tags":[279,2596],"class_list":["post-40032","post","type-post","status-publish","format-standard","has-post-thumbnail","hentry","category-actualites","tag-gouvernement","tag-ministre-de-la-justice"],"_links":{"self":[{"href":"https:\/\/www.friaguinee.net\/index.php\/wp-json\/wp\/v2\/posts\/40032","targetHints":{"allow":["GET"]}}],"collection":[{"href":"https:\/\/www.friaguinee.net\/index.php\/wp-json\/wp\/v2\/posts"}],"about":[{"href":"https:\/\/www.friaguinee.net\/index.php\/wp-json\/wp\/v2\/types\/post"}],"author":[{"embeddable":true,"href":"https:\/\/www.friaguinee.net\/index.php\/wp-json\/wp\/v2\/users\/3"}],"replies":[{"embeddable":true,"href":"https:\/\/www.friaguinee.net\/index.php\/wp-json\/wp\/v2\/comments?post=40032"}],"version-history":[{"count":1,"href":"https:\/\/www.friaguinee.net\/index.php\/wp-json\/wp\/v2\/posts\/40032\/revisions"}],"predecessor-version":[{"id":40034,"href":"https:\/\/www.friaguinee.net\/index.php\/wp-json\/wp\/v2\/posts\/40032\/revisions\/40034"}],"wp:featuredmedia":[{"embeddable":true,"href":"https:\/\/www.friaguinee.net\/index.php\/wp-json\/wp\/v2\/media\/40033"}],"wp:attachment":[{"href":"https:\/\/www.friaguinee.net\/index.php\/wp-json\/wp\/v2\/media?parent=40032"}],"wp:term":[{"taxonomy":"category","embeddable":true,"href":"https:\/\/www.friaguinee.net\/index.php\/wp-json\/wp\/v2\/categories?post=40032"},{"taxonomy":"post_tag","embeddable":true,"href":"https:\/\/www.friaguinee.net\/index.php\/wp-json\/wp\/v2\/tags?post=40032"}],"curies":[{"name":"wp","href":"https:\/\/api.w.org\/{rel}","templated":true}]}}