{"id":39881,"date":"2021-10-26T19:14:44","date_gmt":"2021-10-26T19:14:44","guid":{"rendered":"http:\/\/www.friaguinee.net\/?p=39881"},"modified":"2021-10-26T19:14:46","modified_gmt":"2021-10-26T19:14:46","slug":"liberte-de-la-presse-et-transition-en-guinee-une-delegation-de-rsf-chez-le-pm-mohamed-beavogui","status":"publish","type":"post","link":"https:\/\/www.friaguinee.net\/index.php\/2021\/10\/26\/liberte-de-la-presse-et-transition-en-guinee-une-delegation-de-rsf-chez-le-pm-mohamed-beavogui\/","title":{"rendered":"Libert\u00e9 de la presse et Transition en Guin\u00e9e : une d\u00e9l\u00e9gation de RSF chez le PM Mohamed B\u00e9avogui"},"content":{"rendered":"\n<p>Pr\u00e8s de deux semaines apr\u00e8s l\u2019appel \u00e0 l\u2019endroit des nouvelles autorit\u00e9s de transition \u00e0 ne pas entraver l\u2019exercice du journalisme dans le pays, une d\u00e9l\u00e9gation de Reporters Sans Fronti\u00e8res est re\u00e7ue \u00e0 la Primature.<\/p>\n\n\n\n<figure class=\"wp-block-image\"><img loading=\"lazy\" decoding=\"async\" width=\"720\" height=\"389\" src=\"http:\/\/www.friaguinee.net\/wp-content\/uploads\/2021\/10\/FB_IMG_1635275443489.jpg\" alt=\"\" class=\"wp-image-39883\" srcset=\"https:\/\/www.friaguinee.net\/wp-content\/uploads\/2021\/10\/FB_IMG_1635275443489.jpg 720w, https:\/\/www.friaguinee.net\/wp-content\/uploads\/2021\/10\/FB_IMG_1635275443489-300x162.jpg 300w, https:\/\/www.friaguinee.net\/wp-content\/uploads\/2021\/10\/FB_IMG_1635275443489-696x376.jpg 696w\" sizes=\"auto, (max-width: 720px) 100vw, 720px\" \/><\/figure>\n\n\n\n<p>Arnaud Froger; responsable du bureau Afrique de RSF est venu transmettre dix (10) recommandations de son organisation au Premier ministre Mohamed B\u00e9avogui en guise de contribution pour garantir la libert\u00e9 de la presse sous la transition en Guin\u00e9e.<\/p>\n\n\n\n<p>Reporters sans fronti\u00e8res (RSF) recommande principalement \u00e0 la Guin\u00e9e : la cr\u00e9ation d\u2019un fonds permanent de soutien financier, \u00e9quitable pour les entreprises de presse afin qu\u2019elles puissent poursuivre leur activit\u00e9 et faire face aux cons\u00e9quences de la pand\u00e9mie de Covid-19 ; la promulgation de la loi sur l\u2019acc\u00e8s \u00e0 l\u2019information adopt\u00e9e en 2010 et le libre acc\u00e8s pour les journalistes des m\u00e9dias publics et priv\u00e9s aux informations et \u00e9v\u00e9nements d\u2019int\u00e9r\u00eat national.<\/p>\n\n\n\n<figure class=\"wp-block-image\"><img loading=\"lazy\" decoding=\"async\" width=\"720\" height=\"408\" src=\"http:\/\/www.friaguinee.net\/wp-content\/uploads\/2021\/10\/FB_IMG_1635275436862.jpg\" alt=\"\" class=\"wp-image-39885\" srcset=\"https:\/\/www.friaguinee.net\/wp-content\/uploads\/2021\/10\/FB_IMG_1635275436862.jpg 720w, https:\/\/www.friaguinee.net\/wp-content\/uploads\/2021\/10\/FB_IMG_1635275436862-300x170.jpg 300w, https:\/\/www.friaguinee.net\/wp-content\/uploads\/2021\/10\/FB_IMG_1635275436862-696x394.jpg 696w\" sizes=\"auto, (max-width: 720px) 100vw, 720px\" \/><\/figure>\n\n\n\n<p>L\u2019entretien accord\u00e9 par le Premier ministre, au responsable du bureau Afrique de Reporters sans fronti\u00e8res, est qualifi\u00e9 par ce dernier de \u00ab\u00a0signe assez positif pour le respect de la libert\u00e9 de la presse\u00a0\u00bb. <\/p>\n\n\n\n<p>Arnaud Froger s\u2019est r\u00e9jouit de cette nouvelle relation avec le gouvernement guin\u00e9en. <\/p>\n\n\n\n<p>\u00ab <strong><em>Nos deux objectifs principaux \u00e9taient de manifester notre solidarit\u00e9 avec le peuple et les m\u00e9dias guin\u00e9ens et le second objectif \u00e9tant de cr\u00e9er le d\u00e9but d\u2019une relation de confiance et notre analyse sur la situation et les diff\u00e9rentes recommandations pour pouvoir am\u00e9liorer la situation.<\/em><\/strong> \u00bb<\/p>\n\n\n\n<p>Tr\u00e8s au fait du combat de RSF, le Premier ministre a affirm\u00e9 que le contact cr\u00e9\u00e9 t\u00e9moigne de l\u2019ouverture et de la volont\u00e9 du Pr\u00e9sident Mamadi Doumbouya lorsqu\u2019il s\u2019agit de partenaires ayant contribu\u00e9 \u00e0 l\u2019essor d\u2019une presse juste.<\/p>\n\n\n\n<p>Plus loin, Mohamed B\u00e9avogui a rassur\u00e9 la d\u00e9l\u00e9gation de RSF de la disponibilit\u00e9 du CNRD et du gouvernement \u00e0 garantir la libert\u00e9 de la presse, des droits de l\u2019homme et de la personne. <\/p>\n\n\n\n<figure class=\"wp-block-image\"><img loading=\"lazy\" decoding=\"async\" width=\"720\" height=\"848\" src=\"http:\/\/www.friaguinee.net\/wp-content\/uploads\/2021\/10\/FB_IMG_1635275439983.jpg\" alt=\"\" class=\"wp-image-39884\" srcset=\"https:\/\/www.friaguinee.net\/wp-content\/uploads\/2021\/10\/FB_IMG_1635275439983.jpg 720w, https:\/\/www.friaguinee.net\/wp-content\/uploads\/2021\/10\/FB_IMG_1635275439983-255x300.jpg 255w, https:\/\/www.friaguinee.net\/wp-content\/uploads\/2021\/10\/FB_IMG_1635275439983-696x820.jpg 696w, https:\/\/www.friaguinee.net\/wp-content\/uploads\/2021\/10\/FB_IMG_1635275439983-357x420.jpg 357w\" sizes=\"auto, (max-width: 720px) 100vw, 720px\" \/><\/figure>\n\n\n\n<p>Pour le Chef du Gouvernement la Guin\u00e9e oeuvre \u00e0 avancer en faveur de la protection humaine. <\/p>\n\n\n\n<p>\u00ab <strong><em>Nous devons apprendre \u00e0 respecter l\u2019humain, les droits de l\u2019homme et ceux de la presse. Nous sommes dans un apprentissage collectif. Ce que nous recherchons est un travail commun pour faire \u00e9merger notre pays. Un changement de mentalit\u00e9 est n\u00e9cessaire par l\u2019appui de la presse. Dans le contexte de la Guin\u00e9e nous avons besoin d\u2019\u00e9ducation, d\u2019accompagnement pour le renouveau. Nous devons cr\u00e9er ensemble la Guin\u00e9e de demain, pour une meilleure Guin\u00e9e. Mon appel est un accompagnement et une aide \u00e0 la construction de notre ch\u00e8re Guin\u00e9e<\/em><\/strong> \u00a0\u00bb a conclu Mohamed B\u00e9avogui.<\/p>\n\n\n\n<p>CCP<\/p>\n","protected":false},"excerpt":{"rendered":"<p>Pr\u00e8s de deux semaines apr\u00e8s l\u2019appel \u00e0 l\u2019endroit des nouvelles autorit\u00e9s de transition \u00e0 ne pas entraver l\u2019exercice du journalisme dans le pays, une d\u00e9l\u00e9gation de Reporters Sans Fronti\u00e8res est re\u00e7ue \u00e0 la Primature. Arnaud Froger; responsable du bureau Afrique de RSF est venu transmettre dix (10) recommandations de son organisation au Premier ministre Mohamed [&hellip;]<\/p>\n","protected":false},"author":2,"featured_media":39886,"comment_status":"open","ping_status":"open","sticky":false,"template":"","format":"standard","meta":{"footnotes":""},"categories":[2],"tags":[50,148,3185,8251,2110,5883,5010],"class_list":["post-39881","post","type-post","status-publish","format-standard","has-post-thumbnail","hentry","category-actualites","tag-conakry","tag-guinee","tag-liberte-de-la-presse","tag-mohamed-beavogui","tag-premier-ministre","tag-rsf","tag-transition"],"_links":{"self":[{"href":"https:\/\/www.friaguinee.net\/index.php\/wp-json\/wp\/v2\/posts\/39881","targetHints":{"allow":["GET"]}}],"collection":[{"href":"https:\/\/www.friaguinee.net\/index.php\/wp-json\/wp\/v2\/posts"}],"about":[{"href":"https:\/\/www.friaguinee.net\/index.php\/wp-json\/wp\/v2\/types\/post"}],"author":[{"embeddable":true,"href":"https:\/\/www.friaguinee.net\/index.php\/wp-json\/wp\/v2\/users\/2"}],"replies":[{"embeddable":true,"href":"https:\/\/www.friaguinee.net\/index.php\/wp-json\/wp\/v2\/comments?post=39881"}],"version-history":[{"count":2,"href":"https:\/\/www.friaguinee.net\/index.php\/wp-json\/wp\/v2\/posts\/39881\/revisions"}],"predecessor-version":[{"id":39887,"href":"https:\/\/www.friaguinee.net\/index.php\/wp-json\/wp\/v2\/posts\/39881\/revisions\/39887"}],"wp:featuredmedia":[{"embeddable":true,"href":"https:\/\/www.friaguinee.net\/index.php\/wp-json\/wp\/v2\/media\/39886"}],"wp:attachment":[{"href":"https:\/\/www.friaguinee.net\/index.php\/wp-json\/wp\/v2\/media?parent=39881"}],"wp:term":[{"taxonomy":"category","embeddable":true,"href":"https:\/\/www.friaguinee.net\/index.php\/wp-json\/wp\/v2\/categories?post=39881"},{"taxonomy":"post_tag","embeddable":true,"href":"https:\/\/www.friaguinee.net\/index.php\/wp-json\/wp\/v2\/tags?post=39881"}],"curies":[{"name":"wp","href":"https:\/\/api.w.org\/{rel}","templated":true}]}}