{"id":39615,"date":"2021-10-21T18:30:41","date_gmt":"2021-10-21T18:30:41","guid":{"rendered":"http:\/\/www.friaguinee.net\/?p=39615"},"modified":"2021-10-21T18:30:42","modified_gmt":"2021-10-21T18:30:42","slug":"fria-ouverture-des-classes-faible-affluence-des-eleves-les-enseignants-fortement-mobilises","status":"publish","type":"post","link":"https:\/\/www.friaguinee.net\/index.php\/2021\/10\/21\/fria-ouverture-des-classes-faible-affluence-des-eleves-les-enseignants-fortement-mobilises\/","title":{"rendered":"Fria\/Ouverture des classes : faible affluence des \u00e9l\u00e8ves, les enseignants fortement mobilis\u00e9s"},"content":{"rendered":"\n<p>Comme annonc\u00e9 par les autorit\u00e9s du pays, la rentr\u00e9e scolaire 2021-2022 a eu lieu ce jeudi sur toute l\u2019\u00e9tendue du territoire national.<\/p>\n\n\n\n<p>A Fria, la directrice pr\u00e9fectorale de l\u2019\u00e9ducation a sillonn\u00e9 plusieurs \u00e9coles pour s\u2019assurer de la reprise effective. Dans toutes les \u00e9coles visit\u00e9es, le corps enseignant \u00e9tait fortement mobilis\u00e9.<\/p>\n\n\n\n<p>&lt;&lt; <strong><em>Aujourd&rsquo;hui c&rsquo;est le premier jour de l&rsquo;ouverture des classes, nous avons visit\u00e9 l&rsquo;ensemble des \u00e9coles du public comme au priv\u00e9 et j&rsquo;avoue que le constat fait est satisfaisant, les enseignants sont fortement mobilis\u00e9s et  l&rsquo;ensemble des dispositions prises ont \u00e9t\u00e9 respect\u00e9es par les responsables des \u00e9coles<\/em><\/strong> >>, a d\u00e9clar\u00e9 Arab\u00e9 Cond\u00e9. <br>  <br>Par ailleurs, elle a  d\u00e9plor\u00e9 la faible pr\u00e9sence des \u00e9l\u00e8ves dans certaines \u00e9coles et elle en a profit\u00e9 pour inviter les parents \u00e0 laisser les enfants aller suivre les cours.<\/p>\n\n\n\n<figure class=\"wp-block-image\"><img loading=\"lazy\" decoding=\"async\" width=\"1024\" height=\"768\" src=\"http:\/\/www.friaguinee.net\/wp-content\/uploads\/2021\/10\/85E57135-053A-41BB-AD91-B16447C2F006-1024x768.jpeg\" alt=\"\" class=\"wp-image-39621\" srcset=\"https:\/\/www.friaguinee.net\/wp-content\/uploads\/2021\/10\/85E57135-053A-41BB-AD91-B16447C2F006-1024x768.jpeg 1024w, https:\/\/www.friaguinee.net\/wp-content\/uploads\/2021\/10\/85E57135-053A-41BB-AD91-B16447C2F006-300x225.jpeg 300w, https:\/\/www.friaguinee.net\/wp-content\/uploads\/2021\/10\/85E57135-053A-41BB-AD91-B16447C2F006-768x576.jpeg 768w, https:\/\/www.friaguinee.net\/wp-content\/uploads\/2021\/10\/85E57135-053A-41BB-AD91-B16447C2F006-80x60.jpeg 80w, https:\/\/www.friaguinee.net\/wp-content\/uploads\/2021\/10\/85E57135-053A-41BB-AD91-B16447C2F006-265x198.jpeg 265w, https:\/\/www.friaguinee.net\/wp-content\/uploads\/2021\/10\/85E57135-053A-41BB-AD91-B16447C2F006-696x522.jpeg 696w, https:\/\/www.friaguinee.net\/wp-content\/uploads\/2021\/10\/85E57135-053A-41BB-AD91-B16447C2F006-1068x801.jpeg 1068w, https:\/\/www.friaguinee.net\/wp-content\/uploads\/2021\/10\/85E57135-053A-41BB-AD91-B16447C2F006-560x420.jpeg 560w, https:\/\/www.friaguinee.net\/wp-content\/uploads\/2021\/10\/85E57135-053A-41BB-AD91-B16447C2F006.jpeg 2048w\" sizes=\"auto, (max-width: 1024px) 100vw, 1024px\" \/><\/figure>\n\n\n\n<p>&lt;&lt; <strong><em>Ce qui est d\u00e9plorable, c\u2019est la faible pr\u00e9sence des \u00e9l\u00e8ves dans certains \u00e9tablissements. Mais comme c\u2019est le premier jour nous esp\u00e9rons que cela va vite changer. Je vais profiter de votre micro pour dire aux parents d&rsquo;\u00e9l\u00e8ves de laisser les enfants venir \u00e9tudier parce que les professeurs sont l\u00e0, tout est pr\u00eat pour recevoir les enfants, les vacances sont finies et c&rsquo;est maintenant qu&rsquo;il faut aider les enfants \u00e0 pr\u00e9parer leur r\u00e9ussite<\/em><\/strong> >>, a-t-elle ajout\u00e9.<\/p>\n\n\n\n<p>Pour r\u00e9ussir l\u2019ann\u00e9e scolaire,  des dispositions sont prises avec l&rsquo;appui des autorit\u00e9s, d&rsquo;organiser une patrouille aux alentours des \u00e9coles car pr\u00e9cise  la directrice, \u00ab\u00a0<strong><em>ne sont consid\u00e9r\u00e9s \u00e9l\u00e8ves que ceux qui sont dans les classes, ceux qui seront pris r\u00e9pondront devant la loi<\/em><\/strong>\u00a0\u00bb.<\/p>\n\n\n\n<figure class=\"wp-block-image\"><img loading=\"lazy\" decoding=\"async\" width=\"1024\" height=\"768\" src=\"http:\/\/www.friaguinee.net\/wp-content\/uploads\/2021\/10\/FCCC254D-6254-43F1-9098-6A327CD24B33-1024x768.jpeg\" alt=\"\" class=\"wp-image-39622\" srcset=\"https:\/\/www.friaguinee.net\/wp-content\/uploads\/2021\/10\/FCCC254D-6254-43F1-9098-6A327CD24B33-1024x768.jpeg 1024w, https:\/\/www.friaguinee.net\/wp-content\/uploads\/2021\/10\/FCCC254D-6254-43F1-9098-6A327CD24B33-300x225.jpeg 300w, https:\/\/www.friaguinee.net\/wp-content\/uploads\/2021\/10\/FCCC254D-6254-43F1-9098-6A327CD24B33-768x576.jpeg 768w, https:\/\/www.friaguinee.net\/wp-content\/uploads\/2021\/10\/FCCC254D-6254-43F1-9098-6A327CD24B33-80x60.jpeg 80w, https:\/\/www.friaguinee.net\/wp-content\/uploads\/2021\/10\/FCCC254D-6254-43F1-9098-6A327CD24B33-265x198.jpeg 265w, https:\/\/www.friaguinee.net\/wp-content\/uploads\/2021\/10\/FCCC254D-6254-43F1-9098-6A327CD24B33-696x522.jpeg 696w, https:\/\/www.friaguinee.net\/wp-content\/uploads\/2021\/10\/FCCC254D-6254-43F1-9098-6A327CD24B33-1068x801.jpeg 1068w, https:\/\/www.friaguinee.net\/wp-content\/uploads\/2021\/10\/FCCC254D-6254-43F1-9098-6A327CD24B33-560x420.jpeg 560w, https:\/\/www.friaguinee.net\/wp-content\/uploads\/2021\/10\/FCCC254D-6254-43F1-9098-6A327CD24B33.jpeg 2048w\" sizes=\"auto, (max-width: 1024px) 100vw, 1024px\" \/><\/figure>\n\n\n\n<p>Quant aux dispositifs sanitaires, ils sont visibles dans toutes les \u00e9coles. A en croire Arab\u00e9 Cond\u00e9, le respect des gestes barri\u00e8res et le port obligatoire des masques sont valables tant chez les \u00e9l\u00e8ves que chez les enseignants.<\/p>\n\n\n\n<p><strong>Alimou Gaoual Bah pour friaguinee.net<\/strong><\/p>\n","protected":false},"excerpt":{"rendered":"<p>Comme annonc\u00e9 par les autorit\u00e9s du pays, la rentr\u00e9e scolaire 2021-2022 a eu lieu ce jeudi sur toute l\u2019\u00e9tendue du territoire national. A Fria, la directrice pr\u00e9fectorale de l\u2019\u00e9ducation a sillonn\u00e9 plusieurs \u00e9coles pour s\u2019assurer de la reprise effective. Dans toutes les \u00e9coles visit\u00e9es, le corps enseignant \u00e9tait fortement mobilis\u00e9. &lt;&lt; Aujourd&rsquo;hui c&rsquo;est le premier [&hellip;]<\/p>\n","protected":false},"author":2,"featured_media":39617,"comment_status":"open","ping_status":"open","sticky":false,"template":"","format":"standard","meta":{"footnotes":""},"categories":[5],"tags":[1396,4768,49,5347,5419,4312],"class_list":["post-39615","post","type-post","status-publish","format-standard","has-post-thumbnail","hentry","category-education","tag-arabe-conde","tag-dpe-fria","tag-fria","tag-ouverture-des-classes","tag-rentree-scolaire","tag-reprise-des-cours"],"_links":{"self":[{"href":"https:\/\/www.friaguinee.net\/index.php\/wp-json\/wp\/v2\/posts\/39615","targetHints":{"allow":["GET"]}}],"collection":[{"href":"https:\/\/www.friaguinee.net\/index.php\/wp-json\/wp\/v2\/posts"}],"about":[{"href":"https:\/\/www.friaguinee.net\/index.php\/wp-json\/wp\/v2\/types\/post"}],"author":[{"embeddable":true,"href":"https:\/\/www.friaguinee.net\/index.php\/wp-json\/wp\/v2\/users\/2"}],"replies":[{"embeddable":true,"href":"https:\/\/www.friaguinee.net\/index.php\/wp-json\/wp\/v2\/comments?post=39615"}],"version-history":[{"count":3,"href":"https:\/\/www.friaguinee.net\/index.php\/wp-json\/wp\/v2\/posts\/39615\/revisions"}],"predecessor-version":[{"id":39624,"href":"https:\/\/www.friaguinee.net\/index.php\/wp-json\/wp\/v2\/posts\/39615\/revisions\/39624"}],"wp:featuredmedia":[{"embeddable":true,"href":"https:\/\/www.friaguinee.net\/index.php\/wp-json\/wp\/v2\/media\/39617"}],"wp:attachment":[{"href":"https:\/\/www.friaguinee.net\/index.php\/wp-json\/wp\/v2\/media?parent=39615"}],"wp:term":[{"taxonomy":"category","embeddable":true,"href":"https:\/\/www.friaguinee.net\/index.php\/wp-json\/wp\/v2\/categories?post=39615"},{"taxonomy":"post_tag","embeddable":true,"href":"https:\/\/www.friaguinee.net\/index.php\/wp-json\/wp\/v2\/tags?post=39615"}],"curies":[{"name":"wp","href":"https:\/\/api.w.org\/{rel}","templated":true}]}}