{"id":39554,"date":"2021-10-20T09:44:00","date_gmt":"2021-10-20T09:44:00","guid":{"rendered":"http:\/\/www.friaguinee.net\/?p=39554"},"modified":"2021-10-20T16:00:52","modified_gmt":"2021-10-20T16:00:52","slug":"fria-rentree-scolaire-toutes-les-ecoles-de-la-prefecture-sont-pretes-a-accueillir-les-elevesarabe-conde","status":"publish","type":"post","link":"https:\/\/www.friaguinee.net\/index.php\/2021\/10\/20\/fria-rentree-scolaire-toutes-les-ecoles-de-la-prefecture-sont-pretes-a-accueillir-les-elevesarabe-conde\/","title":{"rendered":"Fria\/Rentr\u00e9e scolaire : \u00ab\u00a0Toutes les \u00e9coles de la pr\u00e9f\u00e9cture sont pr\u00eates \u00e0 accueillir les \u00e9l\u00e8ves\u00a0\u00bb(Arab\u00e9 Cond\u00e9)"},"content":{"rendered":"\n<p>A quelques heures de la rentr\u00e9e scolaire pr\u00e9vue ce jeudi 21 octobre 2021, la direction pr\u00e9fectorale de l&rsquo;\u00e9ducation met les bouch\u00e9es doubles pour assurer \u00e0 cette reprise, une r\u00e9ussite totale.  <\/p>\n\n\n\n<p>Jusqu&rsquo;\u00e0 ce mardi matin, l&rsquo;heure \u00e9tait aux derniers r\u00e9glages. A cet effet, une r\u00e9union regroupant les DCE, DSE et l&rsquo;APAE , s&rsquo;est tenue dans la salle de conseil de la DPE. Au cours de la rencontre, la directrice pr\u00e9fectorale de l&rsquo;\u00e9ducation a fait une restitution des d\u00e9cisions prises lors de l&rsquo;atelier pr\u00e9paratoire tenu \u00e0 Conakry la semaine derni\u00e8re.<\/p>\n\n\n\n<p>&lt;&lt; <strong><em>Avant aujourd&rsquo;hui, une visio-conf\u00e9rence a \u00e9t\u00e9 organis\u00e9e par le secr\u00e9tariat g\u00e9n\u00e9ral, il nous a \u00e9t\u00e9 demand\u00e9 de faire les \u00e9tats des lieux par rapport \u00e0 la rentr\u00e9e scolaire 2021-2022 , de l&rsquo;\u00e9tablissement de l&#8217;emploi du temps, la r\u00e9partition des cours, le nettoyage des concessions scolaires, la  r\u00e9partition des enseignants. Mais j&rsquo;avoue que nous \u00e0 Fria ici nous sommes en avance dans les pr\u00e9paratifs et ce matin nous avons rencontr\u00e9 l&rsquo;ensemble des services \u00e9ducatifs pour les derni\u00e8res mises au point. Je peux vous rassurer que  les \u00e9coles de la commune urbaine jusqu&rsquo;au dernier district de Fria, sont pr\u00eates \u00e0 accueillir les \u00e9l\u00e8ves le 21 octobre 2021 conform\u00e9ment \u00e0  la demande des autorit\u00e9s<\/em><\/strong> &gt;&gt; rassure Arab\u00e9 Cond\u00e9.  <\/p>\n\n\n\n<p>A Fria, \u00e0 en croire Arab\u00e9 Cond\u00e9, la nouveaut\u00e9 de cette ann\u00e9e est l&rsquo;am\u00e9nagement d&rsquo;une salle de classe pour les brevet\u00e9s du franco-arabe.<\/p>\n\n\n\n<p> &lt;&lt; <strong><em>Vous savez que les \u00e9l\u00e8ves du franco-arabe une fois le BEPC obtenu, sont contraints de venir \u00e0 l&rsquo;\u00e9cole fran\u00e7aise et la plupart d\u00e9missionne. Mais cette ann\u00e9e comme vous savez, il y a un lyc\u00e9e qui est construit mais il n&rsquo;a jamais \u00e9t\u00e9 mis \u00e0 disposition et actuellement avec l&rsquo;accompagnement de Monsieur le Pr\u00e9fet et la Mairie, nous avons mis les bouch\u00e9es doubles pour que cet  \u00e9tablissement soit mis \u00e0 notre disposition, mais en attendant une salle a \u00e9t\u00e9  am\u00e9nag\u00e9e , \u00e9quip\u00e9e dans l&rsquo;enceinte du  lyc\u00e9e TiTo <\/em><\/strong>&gt;&gt;a-t-elle r\u00e9v\u00e9l\u00e9.<\/p>\n\n\n\n<p> Pour la r\u00e9ussite des \u00e9l\u00e8ves, la directrice pr\u00e9fectorale de l&rsquo;\u00e9ducation fait appel \u00e0 la responsabilit\u00e9 des parents d&rsquo;\u00e9l\u00e8ves. Elle profite de l&rsquo;occasion pour annoncer aux \u00e9l\u00e8ves que la r\u00e9cr\u00e9ation est termin\u00e9e.<\/p>\n\n\n\n<p> &lt;&lt; <strong><em>Je demande aux parents d&rsquo;\u00e9l\u00e8ves plus de responsabilit\u00e9s, ils doivent nous accompagner en suivant les enfants, il ne faut pas se limiter \u00e0 dire que les enfants sont \u00e0 l&rsquo;\u00e9cole, il faut aller identifier leurs \u00e9tablissements, leurs classes.  Je profite de votre micro pour dire aux \u00e9l\u00e8ves que la r\u00e9cr\u00e9ation est termin\u00e9e , d\u00e9sormais il ne leur appartient plus de faire des choix d&rsquo;orientation, ce sont leurs notes qui vont les orienter, donc c&rsquo;est le moment de pr\u00e9parer leur r\u00e9ussite. En ce qui nous concerne nous sommes pr\u00eats <\/em><\/strong>&gt;&gt; a pr\u00e9cis\u00e9 la directrice pr\u00e9fectorale de l&rsquo;\u00e9ducation.<\/p>\n\n\n\n<p>Faut-il rappeler que cette ann\u00e9e, les \u00e9l\u00e8ves de la 11\u00e8me ann\u00e9e seront r\u00e9partis en deux fili\u00e8res fili\u00e8res qui sont : L1 pour les sciences litt\u00e9raires et L2 pour les sciences scientifiques. <\/p>\n\n\n\n<p><strong>Alimou Gaoual Bah pour friaguinee.net<\/strong><\/p>\n","protected":false},"excerpt":{"rendered":"<p>A quelques heures de la rentr\u00e9e scolaire pr\u00e9vue ce jeudi 21 octobre 2021, la direction pr\u00e9fectorale de l&rsquo;\u00e9ducation met les bouch\u00e9es doubles pour assurer \u00e0 cette reprise, une r\u00e9ussite totale. Jusqu&rsquo;\u00e0 ce mardi matin, l&rsquo;heure \u00e9tait aux derniers r\u00e9glages. A cet effet, une r\u00e9union regroupant les DCE, DSE et l&rsquo;APAE , s&rsquo;est tenue dans la [&hellip;]<\/p>\n","protected":false},"author":2,"featured_media":9979,"comment_status":"open","ping_status":"open","sticky":false,"template":"","format":"standard","meta":{"footnotes":""},"categories":[5],"tags":[1396,48,49,8354],"class_list":["post-39554","post","type-post","status-publish","format-standard","has-post-thumbnail","hentry","category-education","tag-arabe-conde","tag-dpe","tag-fria","tag-rentree-scolaire-2021-2022"],"_links":{"self":[{"href":"https:\/\/www.friaguinee.net\/index.php\/wp-json\/wp\/v2\/posts\/39554","targetHints":{"allow":["GET"]}}],"collection":[{"href":"https:\/\/www.friaguinee.net\/index.php\/wp-json\/wp\/v2\/posts"}],"about":[{"href":"https:\/\/www.friaguinee.net\/index.php\/wp-json\/wp\/v2\/types\/post"}],"author":[{"embeddable":true,"href":"https:\/\/www.friaguinee.net\/index.php\/wp-json\/wp\/v2\/users\/2"}],"replies":[{"embeddable":true,"href":"https:\/\/www.friaguinee.net\/index.php\/wp-json\/wp\/v2\/comments?post=39554"}],"version-history":[{"count":2,"href":"https:\/\/www.friaguinee.net\/index.php\/wp-json\/wp\/v2\/posts\/39554\/revisions"}],"predecessor-version":[{"id":39571,"href":"https:\/\/www.friaguinee.net\/index.php\/wp-json\/wp\/v2\/posts\/39554\/revisions\/39571"}],"wp:featuredmedia":[{"embeddable":true,"href":"https:\/\/www.friaguinee.net\/index.php\/wp-json\/wp\/v2\/media\/9979"}],"wp:attachment":[{"href":"https:\/\/www.friaguinee.net\/index.php\/wp-json\/wp\/v2\/media?parent=39554"}],"wp:term":[{"taxonomy":"category","embeddable":true,"href":"https:\/\/www.friaguinee.net\/index.php\/wp-json\/wp\/v2\/categories?post=39554"},{"taxonomy":"post_tag","embeddable":true,"href":"https:\/\/www.friaguinee.net\/index.php\/wp-json\/wp\/v2\/tags?post=39554"}],"curies":[{"name":"wp","href":"https:\/\/api.w.org\/{rel}","templated":true}]}}