{"id":39415,"date":"2021-10-15T15:55:49","date_gmt":"2021-10-15T15:55:49","guid":{"rendered":"http:\/\/www.friaguinee.net\/?p=39415"},"modified":"2021-10-15T15:55:50","modified_gmt":"2021-10-15T15:55:50","slug":"designation-des-representants-des-jeunes-au-cnt-le-ministere-de-la-jeunesse-exige-un-representant-par-region-et-fixe-les-criteres","status":"publish","type":"post","link":"https:\/\/www.friaguinee.net\/index.php\/2021\/10\/15\/designation-des-representants-des-jeunes-au-cnt-le-ministere-de-la-jeunesse-exige-un-representant-par-region-et-fixe-les-criteres\/","title":{"rendered":"D\u00e9signation des repr\u00e9sentants des jeunes au CNT : le minist\u00e8re de la jeunesse exige un repr\u00e9sentant par r\u00e9gion et fixe les crit\u00e8res"},"content":{"rendered":"\n<p>Dans le cadre de la mise en place des organes de la Transition initi\u00e9e par le Pr\u00e9sident de la Transition, ce, conform\u00e9ment \u00e0 la mission du minist\u00e8re de la Jeunesse et de l\u2019Emploi des jeunes, qui consiste \u00e0 la conception et la mise en \u0153uvre de la politique de l\u2019Etat en mati\u00e8re de jeunesse et d\u2019emploi des jeunes et d\u2019en assurer le suivi, il est demand\u00e9 aux inspecteurs r\u00e9gionaux de la jeunesse des quatre r\u00e9gions naturelles et celle de la zone sp\u00e9ciale de Conakry, d\u2019organiser des concertations entre les structures fa\u00eeti\u00e8res de jeunesse afin qu\u2019elles choisissent librement leur repr\u00e9sentant-e.<\/p>\n\n\n\n<p><strong>Ci-dessous la note d\u2019information g\u00e9n\u00e9rale du minist\u00e8re de la jeunesse et de l\u2019emploi des jeunes<\/strong><\/p>\n\n\n\n<figure class=\"wp-block-image\"><img loading=\"lazy\" decoding=\"async\" width=\"749\" height=\"1024\" src=\"http:\/\/www.friaguinee.net\/wp-content\/uploads\/2021\/10\/C05AEC5B-3D12-4B15-A6EF-A0E24398DD6D-749x1024.jpeg\" alt=\"\" class=\"wp-image-39416\" srcset=\"https:\/\/www.friaguinee.net\/wp-content\/uploads\/2021\/10\/C05AEC5B-3D12-4B15-A6EF-A0E24398DD6D-749x1024.jpeg 749w, https:\/\/www.friaguinee.net\/wp-content\/uploads\/2021\/10\/C05AEC5B-3D12-4B15-A6EF-A0E24398DD6D-219x300.jpeg 219w, https:\/\/www.friaguinee.net\/wp-content\/uploads\/2021\/10\/C05AEC5B-3D12-4B15-A6EF-A0E24398DD6D-768x1050.jpeg 768w, https:\/\/www.friaguinee.net\/wp-content\/uploads\/2021\/10\/C05AEC5B-3D12-4B15-A6EF-A0E24398DD6D-696x952.jpeg 696w, https:\/\/www.friaguinee.net\/wp-content\/uploads\/2021\/10\/C05AEC5B-3D12-4B15-A6EF-A0E24398DD6D-1068x1461.jpeg 1068w, https:\/\/www.friaguinee.net\/wp-content\/uploads\/2021\/10\/C05AEC5B-3D12-4B15-A6EF-A0E24398DD6D-307x420.jpeg 307w, https:\/\/www.friaguinee.net\/wp-content\/uploads\/2021\/10\/C05AEC5B-3D12-4B15-A6EF-A0E24398DD6D.jpeg 1072w\" sizes=\"auto, (max-width: 749px) 100vw, 749px\" \/><\/figure>\n\n\n\n<figure class=\"wp-block-image\"><img loading=\"lazy\" decoding=\"async\" width=\"712\" height=\"1024\" src=\"http:\/\/www.friaguinee.net\/wp-content\/uploads\/2021\/10\/E99DF152-AA74-4068-9333-3843645711BC-712x1024.jpeg\" alt=\"\" class=\"wp-image-39417\" srcset=\"https:\/\/www.friaguinee.net\/wp-content\/uploads\/2021\/10\/E99DF152-AA74-4068-9333-3843645711BC-712x1024.jpeg 712w, https:\/\/www.friaguinee.net\/wp-content\/uploads\/2021\/10\/E99DF152-AA74-4068-9333-3843645711BC-209x300.jpeg 209w, https:\/\/www.friaguinee.net\/wp-content\/uploads\/2021\/10\/E99DF152-AA74-4068-9333-3843645711BC-768x1104.jpeg 768w, https:\/\/www.friaguinee.net\/wp-content\/uploads\/2021\/10\/E99DF152-AA74-4068-9333-3843645711BC-696x1001.jpeg 696w, https:\/\/www.friaguinee.net\/wp-content\/uploads\/2021\/10\/E99DF152-AA74-4068-9333-3843645711BC-292x420.jpeg 292w, https:\/\/www.friaguinee.net\/wp-content\/uploads\/2021\/10\/E99DF152-AA74-4068-9333-3843645711BC.jpeg 1040w\" sizes=\"auto, (max-width: 712px) 100vw, 712px\" \/><\/figure>\n","protected":false},"excerpt":{"rendered":"<p>Dans le cadre de la mise en place des organes de la Transition initi\u00e9e par le Pr\u00e9sident de la Transition, ce, conform\u00e9ment \u00e0 la mission du minist\u00e8re de la Jeunesse et de l\u2019Emploi des jeunes, qui consiste \u00e0 la conception et la mise en \u0153uvre de la politique de l\u2019Etat en mati\u00e8re de jeunesse et [&hellip;]<\/p>\n","protected":false},"author":2,"featured_media":39419,"comment_status":"open","ping_status":"open","sticky":false,"template":"","format":"standard","meta":{"footnotes":""},"categories":[3899],"tags":[8156,50,148,142,7780,5010],"class_list":["post-39415","post","type-post","status-publish","format-standard","has-post-thumbnail","hentry","category-jeunesse","tag-cnt","tag-conakry","tag-guinee","tag-jeunesse","tag-representants","tag-transition"],"_links":{"self":[{"href":"https:\/\/www.friaguinee.net\/index.php\/wp-json\/wp\/v2\/posts\/39415","targetHints":{"allow":["GET"]}}],"collection":[{"href":"https:\/\/www.friaguinee.net\/index.php\/wp-json\/wp\/v2\/posts"}],"about":[{"href":"https:\/\/www.friaguinee.net\/index.php\/wp-json\/wp\/v2\/types\/post"}],"author":[{"embeddable":true,"href":"https:\/\/www.friaguinee.net\/index.php\/wp-json\/wp\/v2\/users\/2"}],"replies":[{"embeddable":true,"href":"https:\/\/www.friaguinee.net\/index.php\/wp-json\/wp\/v2\/comments?post=39415"}],"version-history":[{"count":1,"href":"https:\/\/www.friaguinee.net\/index.php\/wp-json\/wp\/v2\/posts\/39415\/revisions"}],"predecessor-version":[{"id":39418,"href":"https:\/\/www.friaguinee.net\/index.php\/wp-json\/wp\/v2\/posts\/39415\/revisions\/39418"}],"wp:featuredmedia":[{"embeddable":true,"href":"https:\/\/www.friaguinee.net\/index.php\/wp-json\/wp\/v2\/media\/39419"}],"wp:attachment":[{"href":"https:\/\/www.friaguinee.net\/index.php\/wp-json\/wp\/v2\/media?parent=39415"}],"wp:term":[{"taxonomy":"category","embeddable":true,"href":"https:\/\/www.friaguinee.net\/index.php\/wp-json\/wp\/v2\/categories?post=39415"},{"taxonomy":"post_tag","embeddable":true,"href":"https:\/\/www.friaguinee.net\/index.php\/wp-json\/wp\/v2\/tags?post=39415"}],"curies":[{"name":"wp","href":"https:\/\/api.w.org\/{rel}","templated":true}]}}