{"id":39180,"date":"2021-10-09T08:40:49","date_gmt":"2021-10-09T08:40:49","guid":{"rendered":"http:\/\/www.friaguinee.net\/?p=39180"},"modified":"2021-10-09T08:40:51","modified_gmt":"2021-10-09T08:40:51","slug":"sommet-afrique-france-retour-sur-le-debat-epique-entre-macron-et-les-jeunes-africains","status":"publish","type":"post","link":"https:\/\/www.friaguinee.net\/index.php\/2021\/10\/09\/sommet-afrique-france-retour-sur-le-debat-epique-entre-macron-et-les-jeunes-africains\/","title":{"rendered":"Sommet Afrique-France: retour sur le d\u00e9bat \u00e9pique entre Macron et les jeunes Africains"},"content":{"rendered":"\n<p>Le sommet Afrique-France se d\u00e9roulait vendredi 8 octobre \u00e0 Montpellier dans le sud de la France. Une 28\u00e8me \u00e9dition sans chefs d\u2019\u00c9tat africains. L\u2019\u00c9lys\u00e9e avait d\u00e9cid\u00e9 de repenser l\u2019exercice et d\u2019en faire un rendez-vous exclusivement d\u00e9di\u00e9 \u00e0 la jeunesse et \u00e0 la soci\u00e9t\u00e9 civile. Entre 2\u00a0000 et 3\u00a0000 personnes ont particip\u00e9 \u00e0 l\u2019\u00e9v\u00e8nement et dans une ambiance de show \u00e0 l\u2019am\u00e9ricaine, Emmanuel Macron n\u2019a pas \u00e9t\u00e9 m\u00e9nag\u00e9 par de jeunes africains qui l\u2019ont interpell\u00e9 de mani\u00e8re tr\u00e8s vive lors d\u2019une s\u00e9ance de questions r\u00e9ponses.<\/p>\n\n\n\n<p>Cet \u00e9change avec de jeunes Africains, Emmanuel Macron \u00e9tait venu pour \u00e7a \u00e0 Montpellier : faire un exercice de v\u00e9rit\u00e9 selon l\u2019\u00c9lys\u00e9e et pour \u00e7a, il fallait qu\u2019il soit bouscul\u00e9 par ses interlocuteurs.<\/p>\n\n\n\n<p>D\u00e8s son arriv\u00e9e au sommet, le ton a \u00e9t\u00e9 donn\u00e9\u00a0: Emmanuel Macron est quelque peu pris \u00e0 partie par Koyo Kouoh, la directrice camerounaise du Zeitz museum of contemporary art en Afrique du sud. \u00ab Combien d\u2019artistes africains ont \u00e9t\u00e9 montr\u00e9s ne serait-ce que ces dix\u00a0derni\u00e8res ann\u00e9es en France\u00a0? \u00bb lui lance-t-elle. Ce \u00e0 quoi le pr\u00e9sident fran\u00e7ais lui r\u00e9pond qu\u2019il n\u2019est pas en fonction depuis si longtemps et que diff\u00e9rents projets culturels ont \u00e9t\u00e9 engag\u00e9s depuis 2017.<\/p>\n\n\n\n<p>Ce n\u2019\u00e9tait l\u00e0 qu\u2019un avant de go\u00fbt de ce qui allait suivre, car lors de la s\u00e9ance de questions r\u00e9ponses, Emmanuel Macron est bouscul\u00e9 par de jeunes Africains. De jeunes intervenants tr\u00e8s \u00e0 l\u2019aise qui vont fustiger tour \u00e0 tour le \u00ab\u00a0colonialisme\u00a0\u00bb, \u00ab\u00a0l&rsquo;arrogance\u00a0\u00bb ou le \u00ab\u00a0paternalisme fran\u00e7ais\u00a0\u00bb.<\/p>\n\n\n\n<p>Autre exemple, l&rsquo;intervention d&rsquo;Eldaa Koama du Burkina, qui a compar\u00e9 la relation entre la France et l\u2019Afrique \u00e0 une \u00ab\u00a0marmite sale\u00a0\u00bb et\u00a0qui a demand\u00e9\u00a0au pr\u00e9sident de la R\u00e9publique de la r\u00e9curer, sinon elle ne mangerait pas dedans.<\/p>\n\n\n\n<p>Une mani\u00e8re de tester la d\u00e9termination d\u2019Emmanuel Macron \u00e0 changer les bases de la relation avec l\u2019Afrique. Le pr\u00e9sident de la R\u00e9publique n\u2019a pas esquiv\u00e9 en disant qu\u2019il fallait \u00ab laver la marmite, mais qu\u2019il y aurait forc\u00e9ment des traces \u00bb, autrement dit, on ne peut pas effacer l\u2019Histoire.<\/p>\n\n\n\n<p>Le blogueur s\u00e9n\u00e9galais Cheikh Fall appelle le pr\u00e9sident fran\u00e7ais \u00e0 \u00ab\u00a0demander pardon au continent africain\u00a0\u00bb pour les crimes de la colonisation. Emmanuel Macron, qui appr\u00e9cie visiblement l\u2019exercice, r\u00e9pond \u00e0 chacune des interventions. \u00ab Je ne crois pas \u00e0 une politique de pardon mais de reconnaissance, r\u00e9torque-t-il. Mais \u00e0 une politique qui doit mettre en place un processus de m\u00e9moire et d\u2019histoire commune\u00a0\u00bb.<\/p>\n\n\n\n<p>Autre prise de parole qui a marqu\u00e9 cette rencontre, celle d&rsquo;Aliou Bah, jeune Guin\u00e9en qui a interpel\u00e9\u00a0le pr\u00e9sident Macron sur les ambigu\u00eft\u00e9s de Paris vis a vis des troisi\u00e8mes mandats pr\u00e9sidentiels.<\/p>\n\n\n\n<p>Vous devez refuser de collaborer et de consid\u00e9rer comme des interlocuteurs, des partenaires, des responsables politiques qui utilisent des \u00ab\u00a0tripatouillages constitutionnels pour rester au pouvoir\u00a0\u00bb, a conclu le jeune Guin\u00e9en.<\/p>\n\n\n\n<p>Sur la Guin\u00e9e Conakry, Emmanuel Macron a r\u00e9pondu -sans jamais prononcer le nom d\u2019Alpha Cond\u00e9-\u00a0qu\u2019il a toujours condamn\u00e9 le tripatouillage constitutionnel avant, pendant et apr\u00e8s la pr\u00e9sidentielle d\u2019il y a un an. Et c\u2019est vrai, on se souvient dans une interview \u00e0\u00a0Jeune Afrique de ses mots tr\u00e8s s\u00e9v\u00e8res contre son homologue guin\u00e9en.<\/p>\n\n\n\n<p>Sur la C\u00f4te d\u2019Ivoire, Emmanuel Macron a r\u00e9pliqu\u00e9 que, suite au d\u00e9c\u00e8s du candidat RHDP Amadou Gon Coulibaly, il y avait eu \u00ab une circonstance exceptionnelle\u00a0\u00bb, qui avait conduit le pr\u00e9sident Alassane Ouattara \u00e0 solliciter un 3mandat, mais que la France souhaitait \u00e0 pr\u00e9sent \u00ab\u00a0un renouvellement de g\u00e9n\u00e9ration\u00a0\u00bb.<\/p>\n\n\n\n<p>Enfin, sur le Tchad, le pr\u00e9sident fran\u00e7ais a tent\u00e9 de justifier la succession actuelle du p\u00e8re par le fils de deux fa\u00e7ons. D\u2019abord, il s\u2019est abrit\u00e9 derri\u00e8re la d\u00e9cision du pr\u00e9sident de l\u2019Assembl\u00e9e, Haroun Kabadi, de renoncer \u00e0 pr\u00e9sider la transition. Un argument qui fait beaucoup sourire \u00e0 Ndjamena. Ensuite, il s\u2019est r\u00e9fugi\u00e9 derri\u00e8re le fait que le Tchad est perclus de risque terroriste que m\u00eame l\u2019Union Africaine est compr\u00e9hensive. \u00ab Transition ne veut pas dire transmission \u00bb, a-t-il ajout\u00e9. R\u00e9action de l\u2019un de ses interlocuteurs apr\u00e8s la pl\u00e9ni\u00e8re, \u00ab Je n&rsquo;ai\u00a0pas \u00e9t\u00e9\u00a0 convaincu \u00bb.<\/p>\n\n\n\n<h2 class=\"wp-block-heading\">Le vocabulaire questionn\u00e9<\/h2>\n\n\n\n<p>Il y a eu aussi\u00a0des d\u00e9bats sur le vocabulaire. Le mot \u00ab aide \u00bb a \u00e9t\u00e9 contest\u00e9, Emmanuel Macron s\u2019est engag\u00e9 \u00e0 parler d\u2019investissement solidaire. Certaines choses \u00e9taient de l\u2019ordre du symbolique, d\u2019autres tr\u00e8s concr\u00e8tes. Le pr\u00e9sident fran\u00e7ais a annonc\u00e9\u00a0durant ces \u00e9changes la cr\u00e9ation d\u2019un fonds d\u2019innovation pour la d\u00e9mocratie. Objectif : soutenir les acteurs du changement, notamment sur les questions de gouvernance et de d\u00e9mocratie.<\/p>\n\n\n\n<p>Autre annonce : la restitution des 26 \u0153uvres d\u2019art au B\u00e9nin se fera \u00e0 la fin du mois \u00e0 Paris en pr\u00e9sence de Patrice Talon, alors qu\u2019une autre \u0153uvre, le tambour parleur du peuple Ebri\u00e9, sera lui bient\u00f4t rendue \u00e0 la C\u00f4te d\u2019Ivoire.<\/p>\n\n\n\n<p>RFI<\/p>\n","protected":false},"excerpt":{"rendered":"<p>Le sommet Afrique-France se d\u00e9roulait vendredi 8 octobre \u00e0 Montpellier dans le sud de la France. Une 28\u00e8me \u00e9dition sans chefs d\u2019\u00c9tat africains. L\u2019\u00c9lys\u00e9e avait d\u00e9cid\u00e9 de repenser l\u2019exercice et d\u2019en faire un rendez-vous exclusivement d\u00e9di\u00e9 \u00e0 la jeunesse et \u00e0 la soci\u00e9t\u00e9 civile. Entre 2\u00a0000 et 3\u00a0000 personnes ont particip\u00e9 \u00e0 l\u2019\u00e9v\u00e8nement et dans [&hellip;]<\/p>\n","protected":false},"author":2,"featured_media":39181,"comment_status":"open","ping_status":"open","sticky":false,"template":"","format":"standard","meta":{"footnotes":""},"categories":[2],"tags":[2794,2718,2297,142,8259],"class_list":["post-39180","post","type-post","status-publish","format-standard","has-post-thumbnail","hentry","category-actualites","tag-africaine","tag-aliou-bah","tag-emmanuel-macron","tag-jeunesse","tag-sommet-france-afrique"],"_links":{"self":[{"href":"https:\/\/www.friaguinee.net\/index.php\/wp-json\/wp\/v2\/posts\/39180","targetHints":{"allow":["GET"]}}],"collection":[{"href":"https:\/\/www.friaguinee.net\/index.php\/wp-json\/wp\/v2\/posts"}],"about":[{"href":"https:\/\/www.friaguinee.net\/index.php\/wp-json\/wp\/v2\/types\/post"}],"author":[{"embeddable":true,"href":"https:\/\/www.friaguinee.net\/index.php\/wp-json\/wp\/v2\/users\/2"}],"replies":[{"embeddable":true,"href":"https:\/\/www.friaguinee.net\/index.php\/wp-json\/wp\/v2\/comments?post=39180"}],"version-history":[{"count":1,"href":"https:\/\/www.friaguinee.net\/index.php\/wp-json\/wp\/v2\/posts\/39180\/revisions"}],"predecessor-version":[{"id":39182,"href":"https:\/\/www.friaguinee.net\/index.php\/wp-json\/wp\/v2\/posts\/39180\/revisions\/39182"}],"wp:featuredmedia":[{"embeddable":true,"href":"https:\/\/www.friaguinee.net\/index.php\/wp-json\/wp\/v2\/media\/39181"}],"wp:attachment":[{"href":"https:\/\/www.friaguinee.net\/index.php\/wp-json\/wp\/v2\/media?parent=39180"}],"wp:term":[{"taxonomy":"category","embeddable":true,"href":"https:\/\/www.friaguinee.net\/index.php\/wp-json\/wp\/v2\/categories?post=39180"},{"taxonomy":"post_tag","embeddable":true,"href":"https:\/\/www.friaguinee.net\/index.php\/wp-json\/wp\/v2\/tags?post=39180"}],"curies":[{"name":"wp","href":"https:\/\/api.w.org\/{rel}","templated":true}]}}