{"id":38843,"date":"2021-10-01T21:02:57","date_gmt":"2021-10-01T21:02:57","guid":{"rendered":"http:\/\/www.friaguinee.net\/?p=38843"},"modified":"2021-10-01T21:03:07","modified_gmt":"2021-10-01T21:03:07","slug":"an-63-de-lindependance-de-la-guinee-colonel-mamadi-doumbouya-sadresse-a-la-nation","status":"publish","type":"post","link":"https:\/\/www.friaguinee.net\/index.php\/2021\/10\/01\/an-63-de-lindependance-de-la-guinee-colonel-mamadi-doumbouya-sadresse-a-la-nation\/","title":{"rendered":"An 63 de l\u2019ind\u00e9pendance de la Guin\u00e9e : Colonel Mamadi Doumbouya s\u2019adresse \u00e0 la Nation"},"content":{"rendered":"\n<p><strong>Guin\u00e9ennes, Guin\u00e9ens,&nbsp;<\/strong><\/p>\n\n\n\n<p><strong>Chers compatriotes,&nbsp;<\/strong><\/p>\n\n\n\n<p><strong>Vaillant peuple \u00e9pris de libert\u00e9, de d\u00e9mocratie, de paix et de justice,&nbsp;<\/strong><\/p>\n\n\n\n<p>C\u2019est pour moi un grand honneur et un r\u00e9el privil\u00e8ge de m\u2019adresser \u00e0 vous en cette occasion solennelle comm\u00e9morant le soixante-troisi\u00e8me anniversaire de l\u2019accession de notre pays \u00e0 l\u2019Ind\u00e9pendance nationale.<\/p>\n\n\n\n<p>La particularit\u00e9 de cette comm\u00e9moration cette ann\u00e9e est qu\u2019elle s\u2019inscrit dans un contexte de mutation profonde intervenue suite \u00e0 la prise du pouvoir par les forces de d\u00e9fense et de s\u00e9curit\u00e9 r\u00e9unies au sein du Comit\u00e9 National du Rassemblement pour le D\u00e9veloppement (CNRD).<\/p>\n\n\n\n<p>En raison du contexte social, politique, \u00e9conomique et sanitaire de notre pays, la c\u00e9l\u00e9bration de notre ind\u00e9pendance nationale ne se d\u00e9roulera pas dans les formes habituelles. En d\u00e9pit de cela, la pr\u00e9sente comm\u00e9moration est plac\u00e9e sous le signe de l\u2019esp\u00e9rance et du rassemblement.<\/p>\n\n\n\n<p>Je voudrais donc saisir cette opportunit\u00e9 pour remercier nos braves populations pour leur soutien massif au changement intervenu.<\/p>\n\n\n\n<p>C\u2019est aussi le moment de f\u00e9liciter et d\u2019encourager les Forces de d\u00e9fense et de s\u00e9curit\u00e9 pour la discipline, le patriotisme, l\u2019engagement dans la d\u00e9fense de l\u2019int\u00e9grit\u00e9 territoriale, la protection des populations et leurs biens ainsi que la participation aux missions de maintien de la paix \u00e0 l\u2019\u00e9chelle r\u00e9gionale et internationale. La R\u00e9publique n\u2019oublie pas les vaillants soldats de nos arm\u00e9es tomb\u00e9s sur le champ d\u2019honneur en d\u00e9fendant la Patrie et les valeurs de libert\u00e9 qu\u2019elle incarne.<\/p>\n\n\n\n<p>Les sacrifices ultimes de nos Martyrs pour que la Guin\u00e9e demeure une et indivisible ne seront jamais vains&nbsp;!<\/p>\n\n\n\n<p><strong>Mes chers compatriotes<\/strong><ins><\/ins><\/p>\n\n\n\n<p>La pand\u00e9mie li\u00e9e au Covid-19 qui a \u00e9prouv\u00e9 la Guin\u00e9e a \u00e9t\u00e9 l\u2019occasion pour les personnels de sant\u00e9 de notre pays de d\u00e9montrer leur professionnalisme et leur engagement dans la lutte contre cette terrible maladie. Qu\u2019ils en soient vivement remerci\u00e9s.<\/p>\n\n\n\n<p>J\u2019exhorte tout un chacun \u00e0 continuer de respecter les mesures sanitaires \u00e9dict\u00e9es, en particulier les gestes barri\u00e8res et de se faire vacciner pour venir \u00e0 bout de cette pand\u00e9mie.<\/p>\n\n\n\n<p>La c\u00e9l\u00e9bration de l\u2019accession de notre pays \u00e0 la souverainet\u00e9 nationale m\u2019offre l\u2019occasion de rendre un vibrant hommage aux pionniers de notre Ind\u00e9pendance.<\/p>\n\n\n\n<p>\u00c9galement, je m\u2019incline pieusement devant la m\u00e9moire de tous ceux qui sont tomb\u00e9s ces derni\u00e8res ann\u00e9es pour la d\u00e9fense des int\u00e9r\u00eats de notre ch\u00e8re patrie.<\/p>\n\n\n\n<p>En cette occasion solennelle, notre pays continue de r\u00e9affirmer son appartenance \u00e0 toutes les organisations sous-r\u00e9gionales, r\u00e9gionales et internationales auxquelles il est parti.<\/p>\n\n\n\n<p>La Guin\u00e9e a toujours jou\u00e9 un r\u00f4le majeur sur la sc\u00e8ne africaine et internationale, notamment pour la d\u00e9fense et l\u2019\u00e9mancipation des peuples africains. Cette vision sera poursuivie par le CN-RD en vue de hisser, toujours plus haut, le drapeau Guin\u00e9en dans le concert des nations.<\/p>\n\n\n\n<p>La R\u00e9publique de Guin\u00e9e ne n\u00e9gociera jamais sa souverainet\u00e9 nationale.<\/p>\n\n\n\n<p><strong>Guin\u00e9ennes, Guin\u00e9ens,&nbsp;<\/strong><\/p>\n\n\n\n<p><strong>Chers compatriotes,&nbsp;<\/strong><\/p>\n\n\n\n<p>Le 5 septembre 2021, au regard de l\u2019\u00e9tat critique dans lequel se trouvait notre pays, les forces de d\u00e9fense et de s\u00e9curit\u00e9, r\u00e9unies au sein du CN-RD, ont pris leurs responsabilit\u00e9s devant l\u2019histoire en d\u00e9cidant de prendre en main les destin\u00e9es du pays.<\/p>\n\n\n\n<p>En effet, comme indiqu\u00e9 dans notre d\u00e9claration de prise du pouvoir, notre pays \u00e9tait confront\u00e9 \u00e0 une s\u00e9rie de crises profondes et multidimensionnelles qui avaient fini par saper ses fondements. Crises dues notamment au dysfonctionnement des institutions constitutionnelles, l\u2019instrumentalisation de la justice, les violations graves et r\u00e9p\u00e9t\u00e9es des droits de l\u2019Homme et des libert\u00e9s fondamentales, la politisation \u00e0 outrance de l\u2019Administration publique, la corruption g\u00e9n\u00e9ralis\u00e9e, la gabegie financi\u00e8re et les d\u00e9tournements de deniers publics.<\/p>\n\n\n\n<p>La lutte contre tous ces maux qui gangr\u00e8nent notre soci\u00e9t\u00e9 sera mon cheval de bataille ainsi que celui du Gouvernement de Transition.<\/p>\n\n\n\n<p><strong>Guin\u00e9ennes, Guin\u00e9ens,&nbsp;<\/strong><\/p>\n\n\n\n<p><strong>Chers compatriotes,&nbsp;<\/strong><\/p>\n\n\n\n<p>L\u2019heure est au rassemblement de tous nos compatriotes autour des actions engag\u00e9es par le CN-RD, pour permettre \u00e0 notre pays de sortir de cette p\u00e9riode transitoire, avec des institutions plus fortes, une Nation plus tol\u00e9rante et reconcili\u00e9e avec elle-m\u00eame, o\u00f9 toutes les opinions peuvent s\u2019exprimer librement. Dans cette Guin\u00e9e nouvelle que nous voulons b\u00e2tir ensemble, tout sera mis en \u0153uvre pour que force reste \u00e0 la loi, que l\u2019ordre et la discipline sous-tendent le comportement quotidien de chaque Guin\u00e9enne et de chaque Guin\u00e9en.<\/p>\n\n\n\n<p>C\u2019est seulement \u00e0 ce prix, que nous pourrons b\u00e2tir une Nation forte et prosp\u00e8re.<\/p>\n\n\n\n<p><strong>Guin\u00e9ennes, Guin\u00e9ens,&nbsp;<\/strong><\/p>\n\n\n\n<p><strong>Chers compatriotes,&nbsp;<\/strong><\/p>\n\n\n\n<p>Pour relever les diff\u00e9rents d\u00e9fis de la Nation, le CN-RD, conform\u00e9ment \u00e0 sa vocation d\u2019inclure toutes les composantes de la Nation \u00e0 la recherche de solutions communes, a tenu \u00e0 organiser des journ\u00e9es nationales de concertation.<\/p>\n\n\n\n<p>A l\u2019occasion de ces journ\u00e9es, toutes les composantes des forces vives de la Nation ont eu l\u2019opportunit\u00e9 d\u2019exprimer leurs pr\u00e9occupations par rapport \u00e0 l\u2019\u00e9tat de la Nation et formuler des propositions concr\u00e8tes de solutions \u00e0 l\u2019attention du CN-RD.<\/p>\n\n\n\n<p>Je voudrais, en cette circonstance solennelle, remercier toutes celles et tous ceux qui ont contribu\u00e9 \u00e0 ces journ\u00e9es de concertation et qui nous ont enrichis de leurs id\u00e9es.<ins><\/ins><\/p>\n\n\n\n<p>C\u2019est aussi le lieu de remercier nos partenaires techniques et financiers, et la communaut\u00e9 internationale dans son ensemble, pour l\u2019attention bienveillante qu\u2019ils ont toujours port\u00e9e \u00e0 notre pays. Nous esp\u00e9rons vivement que leur soutien ne nous fera pas d\u00e9faut pendant cette p\u00e9riode d\u00e9terminante de notre histoire.<\/p>\n\n\n\n<p><strong>Guin\u00e9ennes, Guin\u00e9ens,&nbsp;<\/strong><\/p>\n\n\n\n<p><strong>Chers compatriotes,&nbsp;<\/strong><\/p>\n\n\n\n<p>Les journ\u00e9es de concertation ont permis d\u2019\u00e9laborer la Charte&nbsp;de la Transition. Cette Charte, qui a d\u00e9j\u00e0 fait l\u2019objet de publication, d\u00e9finit les principes et valeurs, les droits et libert\u00e9s fondamentales et les organes qui r\u00e9gissent la Transition.<\/p>\n\n\n\n<p>Ces journ\u00e9es de concertation ont permis \u00e9galement d\u2019identifier les grands d\u00e9fis et axes prioritaires qui devront orienter les actions du CN-RD et qui seront d\u00e9clin\u00e9s dans un&nbsp;<strong>chronogramme de transition.<\/strong><\/p>\n\n\n\n<p>L\u2019\u00e9tat actuel du pays exige des mesures fortes que le CN-RD s\u2019engage \u00e0 prendre, en vue de redresser la situation avant la fin de la transition. Au titre de ces mesures, il y a la refondation de l\u2019Etat, la lutte contre la corruption, la r\u00e9forme du syst\u00e8me \u00e9lectoral, la refonte du fichier, l\u2019organisation d\u2019\u00e9lections libres, cr\u00e9dibles, inclusives et transparentes ainsi que la R\u00e9conciliation nationale.<\/p>\n\n\n\n<p>A ces missions essentielles s\u2019ajoute l\u2019\u00e9criture d\u2019une&nbsp;<strong>Nouvelle Constitution<\/strong>devant servir de socle \u00e0 notre d\u00e9mocratie. La Nouvelle Constitution devra prendre en compte les l\u00e9gitimes aspirations du peuple souverain de Guin\u00e9e, et sera adopt\u00e9e par&nbsp;<strong>voie r\u00e9f\u00e9rendaire.<\/strong><\/p>\n\n\n\n<p><strong>Au plan de la refondation de l\u2019Etat,<\/strong>le CN-RD entend proc\u00e9der \u00e0 une reforme profonde de l\u2019Administration pour un meilleur rendement du service public.<\/p>\n\n\n\n<p><strong>Concernant la lutte contre la corruption,<\/strong>un organe de contr\u00f4le et de moralisation de la gestion publique sera mis en place, et un audit des comptes publics sera effectu\u00e9.<\/p>\n\n\n\n<p><strong>Au titre de la R\u00e9conciliation nationale,&nbsp;<\/strong>un m\u00e9canisme consensuel sera mis en place dans lequel les Guin\u00e9ens pourront, dans la qu\u00eate de v\u00e9rit\u00e9 et de justice, se parler, se pardonner et d\u00e9finir ensemble les solutions permettant de b\u00e2tir une Nation plus unie et plus forte.<\/p>\n\n\n\n<p>En ces instants particuliers de notre histoire, je tiens \u00e0 annoncer solennellement au peuple de Guin\u00e9e que dans les jours \u00e0 venir, un Premier Ministre sera nomm\u00e9, suivi de la mise en place du gouvernement ainsi que des diff\u00e9rents organes de la Transition.<\/p>\n\n\n\n<p>Ce Gouvernement aura pour mission l\u2019ex\u00e9cution de cet ambitieux programme, dans un esprit de coll\u00e9gialit\u00e9, d\u2019impartialit\u00e9, d\u2019exemplarit\u00e9 et de redevabilit\u00e9. J\u2019y veillerai tout particuli\u00e8rement.<\/p>\n\n\n\n<p><strong>Guin\u00e9ennes, Guin\u00e9ens,&nbsp;<\/strong><\/p>\n\n\n\n<p><strong>Chers compatriotes,&nbsp;<\/strong><\/p>\n\n\n\n<p>L\u2019id\u00e9al du vivre-ensemble que nous ambitionnons ne peut \u00eatre possible que lorsqu\u2019il rev\u00eat un caract\u00e8re participatif et inclusif. En d\u2019autres termes, nous devrons, dans cette d\u00e9marche, prendre en compte toutes les composantes de notre Nation dans leur diversit\u00e9, ind\u00e9pendamment de toutes consid\u00e9rations subjectives.<\/p>\n\n\n\n<p>Les institutions de la Transition devront s\u2019engager dans cette dynamique si nous voulons atteindre les objectifs que nous nous sommes fix\u00e9s dans l\u2019int\u00e9r\u00eat sup\u00e9rieur de notre pays.<\/p>\n\n\n\n<p>La t\u00e2che sera certes ardue, mais unis, nous y arriverons.<\/p>\n\n\n\n<p><strong>Le CNRD rassure la communaut\u00e9 nationale et internationale qu\u2019il ne confisquera jamais le pouvoir.Les membres du CN-RD, du Gouvernement et des autres organes de la Transition ne feront pas acte de candidature aux prochaines \u00e9lections.\u00a0<\/strong><\/p>\n\n\n\n<p><strong>Les \u00e9lections se d\u00e9rouleront de la base au sommet<\/strong>(quartiers, communes, l\u00e9gislatives et pr\u00e9sidentielles) conform\u00e9ment \u00e0 un chronogramme consensuellement \u00e9tabli.<\/p>\n\n\n\n<p>Ainsi, le Pr\u00e9sident de la R\u00e9publique \u00e9lu trouvera toutes les institutions d\u00e9mocratiques install\u00e9es. Ainsi, il pourra s\u2019atteler \u00e0 r\u00e9pondre aux d\u00e9fis du d\u00e9veloppement et de l\u2019\u00e9mergence de la Guin\u00e9e.<\/p>\n\n\n\n<p>Encore une fois, je saisis ce moment solennel pour r\u00e9affirmer que notre pays honorera tous ses engagements internationaux. En m\u00eame temps, le CN-RD souhaite vivement&nbsp;un accompagnement de la communaut\u00e9 internationale, de nos partenaires techniques et financiers et des pays amis de la Guin\u00e9e, car c\u2019est dans un effort collectif que nous pourrons r\u00e9ussir cette Transition.<\/p>\n\n\n\n<p>Le CN-RD tient \u00e0 garantir \u00e0 nos populations que la sauvegarde de l\u2019int\u00e9grit\u00e9 du territoire national et le renforcement de la s\u00e9curit\u00e9 des personnes et de leurs biens seront pleinement assur\u00e9s.<\/p>\n\n\n\n<p>Pour terminer, j\u2019en appelle solennellement \u00e0 l\u2019esprit de solidarit\u00e9, de fraternit\u00e9 et de sacrifice de tous mes compatriotes, que j\u2019invite \u00e0 s\u2019engager dans la dynamique des r\u00e9formes annonc\u00e9es par le Comit\u00e9 National du Rassemblement pour le D\u00e9veloppement (CN-RD).<\/p>\n\n\n\n<p><strong>Chers compatriotes,&nbsp;<\/strong><\/p>\n\n\n\n<p>Je vous exhorte \u00e0 un sursaut national pour que cette fois ci, nous soyons au rendez-vous de l\u2019histoire. Nous n\u2019avons pas droit \u00e0 l\u2019erreur, car la Guin\u00e9e que nous r\u00eavons tous, doit se construire maintenant. Pour cela, nous avons besoin de toutes les filles et tous les fils de notre patrie partout o\u00f9 ils se trouvent.<\/p>\n\n\n\n<p>Le succ\u00e8s de la p\u00e9riode de transition qui s\u2019ouvre d\u00e9pendra des efforts de chacun et de tous.<\/p>\n\n\n\n<p>Puisque nous sommes le peuple du 28 septembre, je fais confiance en notre capacit\u00e9 \u00e0 surmonter nos divergences pour construire ensemble notre si belle Guin\u00e9e.<\/p>\n\n\n\n<p><strong>Que Dieu b\u00e9nisse la Guin\u00e9e et les Guin\u00e9ens,<\/strong><\/p>\n\n\n\n<p><strong>Vive la R\u00e9publique,<\/strong><\/p>\n\n\n\n<p><strong>Vive la Guin\u00e9e,&nbsp;<\/strong><\/p>\n\n\n\n<p><strong>Vive le CNRD.<\/strong><\/p>\n","protected":false},"excerpt":{"rendered":"<p>Guin\u00e9ennes, Guin\u00e9ens,&nbsp; Chers compatriotes,&nbsp; Vaillant peuple \u00e9pris de libert\u00e9, de d\u00e9mocratie, de paix et de justice,&nbsp; C\u2019est pour moi un grand honneur et un r\u00e9el privil\u00e8ge de m\u2019adresser \u00e0 vous en cette occasion solennelle comm\u00e9morant le soixante-troisi\u00e8me anniversaire de l\u2019accession de notre pays \u00e0 l\u2019Ind\u00e9pendance nationale. La particularit\u00e9 de cette comm\u00e9moration cette ann\u00e9e est qu\u2019elle [&hellip;]<\/p>\n","protected":false},"author":2,"featured_media":38844,"comment_status":"open","ping_status":"open","sticky":false,"template":"","format":"standard","meta":{"footnotes":""},"categories":[2],"tags":[5130,8186,148],"class_list":["post-38843","post","type-post","status-publish","format-standard","has-post-thumbnail","hentry","category-actualites","tag-2-octobre","tag-coankry","tag-guinee"],"_links":{"self":[{"href":"https:\/\/www.friaguinee.net\/index.php\/wp-json\/wp\/v2\/posts\/38843","targetHints":{"allow":["GET"]}}],"collection":[{"href":"https:\/\/www.friaguinee.net\/index.php\/wp-json\/wp\/v2\/posts"}],"about":[{"href":"https:\/\/www.friaguinee.net\/index.php\/wp-json\/wp\/v2\/types\/post"}],"author":[{"embeddable":true,"href":"https:\/\/www.friaguinee.net\/index.php\/wp-json\/wp\/v2\/users\/2"}],"replies":[{"embeddable":true,"href":"https:\/\/www.friaguinee.net\/index.php\/wp-json\/wp\/v2\/comments?post=38843"}],"version-history":[{"count":2,"href":"https:\/\/www.friaguinee.net\/index.php\/wp-json\/wp\/v2\/posts\/38843\/revisions"}],"predecessor-version":[{"id":38846,"href":"https:\/\/www.friaguinee.net\/index.php\/wp-json\/wp\/v2\/posts\/38843\/revisions\/38846"}],"wp:featuredmedia":[{"embeddable":true,"href":"https:\/\/www.friaguinee.net\/index.php\/wp-json\/wp\/v2\/media\/38844"}],"wp:attachment":[{"href":"https:\/\/www.friaguinee.net\/index.php\/wp-json\/wp\/v2\/media?parent=38843"}],"wp:term":[{"taxonomy":"category","embeddable":true,"href":"https:\/\/www.friaguinee.net\/index.php\/wp-json\/wp\/v2\/categories?post=38843"},{"taxonomy":"post_tag","embeddable":true,"href":"https:\/\/www.friaguinee.net\/index.php\/wp-json\/wp\/v2\/tags?post=38843"}],"curies":[{"name":"wp","href":"https:\/\/api.w.org\/{rel}","templated":true}]}}